{"id":1011,"date":"2008-11-15T13:43:25","date_gmt":"2008-11-15T11:43:25","guid":{"rendered":"http:\/\/www.urbinavolant.com\/verbavolant\/?p=1011"},"modified":"2010-01-06T14:51:25","modified_gmt":"2010-01-06T12:51:25","slug":"en-una-sala-de-espera-fragmentos-6","status":"publish","type":"post","link":"https:\/\/www.urbinavolant.com\/verbavolant\/index.php\/2008\/11\/15\/en-una-sala-de-espera-fragmentos-6\/","title":{"rendered":"En una sala de espera &#8211; Fragmentos #6"},"content":{"rendered":"<p style=\"text-align: center;\"><a href=\"http:\/\/agaudi.wordpress.com\/2008\/11\/14\/misha-gordin-fotografia-conceptual\/\"><img data-recalc-dims=\"1\" loading=\"lazy\" decoding=\"async\" src=\"https:\/\/i0.wp.com\/www.urbinavolant.com\/verbavolant\/wp-content\/uploads\/2008\/11\/gordin01.jpg?resize=500%2C330&#038;ssl=1\" class=\"aligncenter size-full wp-image-1012\" title=\"gordin01\" alt=\"Gordin01\" width=\"500\" height=\"330\" srcset=\"https:\/\/i0.wp.com\/www.urbinavolant.com\/verbavolant\/wp-content\/uploads\/2008\/11\/gordin01.jpg?w=570&amp;ssl=1 570w, https:\/\/i0.wp.com\/www.urbinavolant.com\/verbavolant\/wp-content\/uploads\/2008\/11\/gordin01.jpg?resize=300%2C198&amp;ssl=1 300w\" sizes=\"auto, (max-width: 500px) 100vw, 500px\" \/><\/a><\/p>\n<p style=\"text-align: justify;\">La sala de espera est\u00e1 hoy descongestionada. S\u00f3lo tres personas aguardan, volante en mano, a que salga la enfermera. Tienen la creencia inconsciente de que pasar\u00e1 antes el m\u00e1s r\u00e1pido, aquel que se levante de la silla con la presteza suficiente para entregar el papel, el pasaporte para ser los primeros en la consulta del m\u00e9dico. Ana lleva unos auriculares con una tendencia maldita a resbalarse de su oreja izquieda. Ana siempre ha pensado que su oreja tiene que tener una anatom\u00eda peculiar y extra\u00f1a, porque ella insiste una y otra vez, aprieta, ladea y oprime, pero no hay manera. Est\u00e1 sentada un poco hacia afuera, repantingada en la silla de pl\u00e1stico. Ha contado ya m\u00e1s de diez veces la hilera de azulejos de la pared que tiene delante, sumando incluso las porciones que bordean la puerta. Su ansia enumeradora se ha extendido tambi\u00e9n a la pared de la izquierda, antes del pasillo, aunque eso le ha provocado mantener una postura antinatural, excesiva. Casi a su lado hay un hombre anodino. Un poco m\u00e1s all\u00e1, a su derecha, est\u00e1 sentado un chico con el pelo casta\u00f1o y arremolinado, pantalones vaqueros gastados, zapatos deportivos, de esos que ahora se utilizan para patear las calles. Tiene la cabeza baja, atenta a la lectura. Ana tiene que inclinarse un poco, disimuladamente, para atinar con el t\u00edtulo: <em>La realidad y el deseo<\/em>. Nacho ha hecho de esa obra de Cernuda su libro de cabecera en las visitas m\u00e9dicas. Lo hace porque a los diecisiete a\u00f1os lo abri\u00f3 por primera vez cuando esperaba su cita con el traumat\u00f3logo, la primera vez que iba sin sus padres, y desde entonces el poeta ha sido su compa\u00f1ero de dolencias en cada especialidad, itinerando al mismo tiempo que alguno de sus achaques. Nacho est\u00e1 nervioso. Lleva tres meses de m\u00e9dico en m\u00e9dico, de prueba en prueba, desde que el m\u00e9dico de familia le mand\u00f3 al ur\u00f3logo, desde que el ur\u00f3logo le deriv\u00f3 para hacerse radiograf\u00edas de contraste, an\u00e1lisis y otra bater\u00eda de suplicios, a cada cual m\u00e1s desagradable. Y de ah\u00ed al cirujano. Ha pasado el fin de semana en casa de un amigo. Le oprim\u00eda la desaz\u00f3n de no haber podido encontrar a Sheyla, el m\u00f3vil siempre apagado o fuera de cobertura en estos momentos, su pu\u00f1etero contestador siempre saltando al cuarto tono. Y no quer\u00eda estar solo. Al cabo de un rato, cuando Ana llegaba a su s\u00e9ptima canci\u00f3n y Nacho alternaba la lectura de \u00abDonde habite el olvido\u00bb con las miradas insistentes hacia la puerta, sali\u00f3 la enfermera.<\/p>\n<p style=\"text-align: justify;\">(Puedes ir leyendo la secuencia de <em>Fragmentos para una teor\u00eda del caos<\/em> de forma ordenada pinchando <a href=\"http:\/\/urbinavolant.com\/index.php\/2008\/11\/fragmentos-para-una-teoria-del-caos\/\" target=\"_blank\">aqu\u00ed<\/a>)<\/p>\n<p style=\"text-align: justify;\">(Imagen de <a href=\"http:\/\/www.bsimple.com\/\" target=\"_blank\">Misha Gordin<\/a>, v\u00eda <a href=\"http:\/\/agaudi.wordpress.com\/2008\/11\/14\/misha-gordin-fotografia-conceptual\/\" target=\"_blank\"><em>Pasa la vida<\/em><\/a>)<\/p>\n","protected":false},"excerpt":{"rendered":"<p>La sala de espera est\u00e1 hoy descongestionada. S\u00f3lo tres personas aguardan, volante en mano, a que salga la enfermera. Tienen la creencia inconsciente de que pasar\u00e1 antes el m\u00e1s r\u00e1pido, aquel que se levante de la silla con la presteza suficiente para entregar el papel, el pasaporte para ser los primeros en la consulta del &#8230; <a title=\"En una sala de espera &#8211; Fragmentos #6\" class=\"read-more\" href=\"https:\/\/www.urbinavolant.com\/verbavolant\/index.php\/2008\/11\/15\/en-una-sala-de-espera-fragmentos-6\/\" aria-label=\"Leer m\u00e1s sobre En una sala de espera &#8211; Fragmentos #6\">Leer m\u00e1s<\/a><\/p>\n","protected":false},"author":1,"featured_media":0,"comment_status":"open","ping_status":"open","sticky":false,"template":"","format":"standard","meta":{"_monsterinsights_skip_tracking":false,"_monsterinsights_sitenote_active":false,"_monsterinsights_sitenote_note":"","_monsterinsights_sitenote_category":0,"_kadence_starter_templates_imported_post":false,"jetpack_post_was_ever_published":false,"_jetpack_newsletter_access":"","_jetpack_dont_email_post_to_subs":false,"_jetpack_newsletter_tier_id":0,"_jetpack_memberships_contains_paywalled_content":false,"_jetpack_memberships_contains_paid_content":false,"footnotes":"","jetpack_publicize_message":"","jetpack_publicize_feature_enabled":true,"jetpack_social_post_already_shared":false,"jetpack_social_options":{"image_generator_settings":{"template":"highway","default_image_id":0,"font":"","enabled":false},"version":2}},"categories":[117],"tags":[161],"class_list":["post-1011","post","type-post","status-publish","format-standard","hentry","category-fragmentos-para-una-teoria-del-caos","tag-fragmentos-para-una-teoria-del-caos"],"jetpack_publicize_connections":[],"jetpack_featured_media_url":"","jetpack_shortlink":"https:\/\/wp.me\/pLsVN-gj","jetpack_sharing_enabled":true,"_links":{"self":[{"href":"https:\/\/www.urbinavolant.com\/verbavolant\/index.php\/wp-json\/wp\/v2\/posts\/1011","targetHints":{"allow":["GET"]}}],"collection":[{"href":"https:\/\/www.urbinavolant.com\/verbavolant\/index.php\/wp-json\/wp\/v2\/posts"}],"about":[{"href":"https:\/\/www.urbinavolant.com\/verbavolant\/index.php\/wp-json\/wp\/v2\/types\/post"}],"author":[{"embeddable":true,"href":"https:\/\/www.urbinavolant.com\/verbavolant\/index.php\/wp-json\/wp\/v2\/users\/1"}],"replies":[{"embeddable":true,"href":"https:\/\/www.urbinavolant.com\/verbavolant\/index.php\/wp-json\/wp\/v2\/comments?post=1011"}],"version-history":[{"count":0,"href":"https:\/\/www.urbinavolant.com\/verbavolant\/index.php\/wp-json\/wp\/v2\/posts\/1011\/revisions"}],"wp:attachment":[{"href":"https:\/\/www.urbinavolant.com\/verbavolant\/index.php\/wp-json\/wp\/v2\/media?parent=1011"}],"wp:term":[{"taxonomy":"category","embeddable":true,"href":"https:\/\/www.urbinavolant.com\/verbavolant\/index.php\/wp-json\/wp\/v2\/categories?post=1011"},{"taxonomy":"post_tag","embeddable":true,"href":"https:\/\/www.urbinavolant.com\/verbavolant\/index.php\/wp-json\/wp\/v2\/tags?post=1011"}],"curies":[{"name":"wp","href":"https:\/\/api.w.org\/{rel}","templated":true}]}}