{"id":1026,"date":"2008-11-19T21:39:53","date_gmt":"2008-11-19T19:39:53","guid":{"rendered":"http:\/\/www.urbinavolant.com\/verbavolant\/?p=1026"},"modified":"2008-11-19T23:02:22","modified_gmt":"2008-11-19T21:02:22","slug":"el-dia-de-manana-20-de-noviembre","status":"publish","type":"post","link":"https:\/\/www.urbinavolant.com\/verbavolant\/index.php\/2008\/11\/19\/el-dia-de-manana-20-de-noviembre\/","title":{"rendered":"El d\u00eda de ma\u00f1ana &#8211; 20 de noviembre"},"content":{"rendered":"<p style=\"text-align: center;\"><a href=\"http:\/\/flickr.com\/photos\/slambo_42\/2817497719\/\"><img data-recalc-dims=\"1\" loading=\"lazy\" decoding=\"async\" src=\"https:\/\/i0.wp.com\/www.urbinavolant.com\/verbavolant\/wp-content\/uploads\/2008\/11\/franco.jpg?resize=333%2C500&#038;ssl=1\" class=\"aligncenter size-full wp-image-1027\" title=\"franco\" alt=\"Franco\" width=\"333\" height=\"500\" srcset=\"https:\/\/i0.wp.com\/www.urbinavolant.com\/verbavolant\/wp-content\/uploads\/2008\/11\/franco.jpg?w=333&amp;ssl=1 333w, https:\/\/i0.wp.com\/www.urbinavolant.com\/verbavolant\/wp-content\/uploads\/2008\/11\/franco.jpg?resize=199%2C300&amp;ssl=1 199w\" sizes=\"auto, (max-width: 333px) 100vw, 333px\" \/><\/a><\/p>\n<p style=\"text-align: justify;\">Poco a poco, pese a la insistencia de los medios de comunicaci\u00f3n, nos vamos olvidando de un hecho cierto e innegable: cuando se escribe <em>ma\u00f1ana <\/em>un d\u00eda 19 de noviembre, la fecha a la que se alude es el 20 de noviembre. El <a title=\"El 20-N, en Wikipedia\" href=\"http:\/\/es.wikipedia.org\/wiki\/20_de_noviembre\" target=\"_blank\">20 de noviembre<\/a> es un d\u00eda prol\u00edfico en acontecimientos varios (desde el ataque de una ballena a un barco en 1820 -el barco acab\u00f3 muy perjudicado pero nosotros salimos ganando con el cambio a <a href=\"http:\/\/en.wikipedia.org\/wiki\/Moby-Dick\" target=\"_blank\"><em>Moby Dick<\/em><\/a>&#8211; hasta el inicio de los <a href=\"http:\/\/es.wikipedia.org\/wiki\/Juicios_de_Nuremberg\" target=\"_blank\">Juicios de N\u00fcremberg<\/a> -que juzgaron a unos criminales asesinos y que motivaron <a title=\"Vencedores o vencidos\" href=\"http:\/\/spanish.imdb.com\/title\/tt0055031\/\" target=\"_blank\">una pel\u00edcula<\/a> fuera de serie). Nacieron tipos curiosos (me muero de ganas por saber qui\u00e9n cojones era <a href=\"http:\/\/es.wikipedia.org\/wiki\/Kenesaw_Mountain_Landis\" target=\"_blank\">Kenesaw Mountain Ladis<\/a> y creo que me voy a enterar a la par que vosotros) y murieron muchos otros (por ejemplo, <a href=\"http:\/\/es.wikipedia.org\/wiki\/Kalle_P%C3%A4%C3%A4talo\" target=\"_blank\">Kalle P\u00e4\u00e4talo<\/a>, al que nunca olvidar\u00e9).<\/p>\n<p style=\"text-align: justify;\">Como todo esto va por barrios y patrias, es muy t\u00edpico decir d\u00f3nde estabas t\u00fa un 20 de noviembre de tal a\u00f1o. Como la curiosidad os puede, os lo voy a contar: en 1991, estaba defendiendo a pecho y espada\u00a0 en Valladolid mi tesina -eso que hoy se llama DEA-, con t\u00edtulo apasionante: <em>Los macroactos de habla ilocutivos y la construcci\u00f3n literaria<\/em>. Seguro que quer\u00e9is saber m\u00e1s, as\u00ed que prosigo. Amigo de causas perdidas y luchador en favor de los principios b\u00e1sicos de la humanidad, en 2003 me sent\u00e9 delante de otro tribunal m\u00e1s numeroso y severo en Madrid para continuar lo que hab\u00eda empezado y defend\u00ed mi tesis con el ameno t\u00edtulo <em>Los macroactos literarios de ficci\u00f3n y las relaciones intertextuales diferidas en la constituci\u00f3n de la literatura. A prop\u00f3sito de la literatura medieval<\/em>.<\/p>\n<p style=\"text-align: justify;\">A lo largo de mis ya demasiado extensos y prolongados 42 a\u00f1os, he pasado, si la memoria no me falla, cuarenta y dos 20-N (m\u00e1s o menos. Soy de Letras). En cada uno de ellos, he vivido un 19 de noviembre en el que al d\u00eda siguiente ser\u00eda un d\u00eda m\u00e1s.<\/p>\n<p style=\"text-align: justify;\">S\u00e9 que pens\u00e1is que estoy de cachondeo, pero os voy a decepcionar. \u00bfD\u00f3nde estaba el 20 de noviembre de 1975? En Espa\u00f1a. En Burgos. En mi casa. Delante de la tele. Viendo a un tipo compungido pronunciando unas palabras que no se me olvidar\u00e1n. Con 9 a\u00f1os, la sensaci\u00f3n es variopinta: es la primera vez que compruebas que los que salen en las monedas se mueren, es la primera vez que ves en casa reacciones diversas, es la primera vez que te dan tres d\u00edas de vacaciones por la cara. No voy a confesar aqu\u00ed lo que pens\u00e9 cuando tuvimos nuevo jefe de estado, ansioso como estaba de d\u00edas de <a href=\"http:\/\/buscon.rae.es\/draeI\/SrvltGUIBusUsual?TIPO_HTML=2&amp;TIPO_BUS=3&amp;LEMA=asueto\" target=\"_blank\">asueto<\/a>. A los 9 a\u00f1os, uno no ha corrido delante de los grises, no ha luchado por la libertad, no ha enarbolado pancartas, no se ha alojado en Carabanchel, no ha sentido el miedo recorri\u00e9ndole todo el cuerpo, no ha ensalzado a nadie m\u00e1s que a sus padres, no ha defendido los principios del r\u00e9gimen, no ha sabido de sindicatos verticales, no ha llorado delante de una bandera.<\/p>\n<p style=\"text-align: justify;\">A\u00f1os m\u00e1s tarde, llega un 19 de noviembre. Ma\u00f1ana, d\u00eda 20. As\u00ed que me voy a adelantar y os voy a dedicar <a title=\"Adivina, adivinanza - Joaqu\u00edn Sabina\" href=\"http:\/\/es.youtube.com\/watch?v=ThKq-qiB2L8\" target=\"_blank\">una bonita canci\u00f3n<\/a>. Lo que da de s\u00ed un d\u00eda en nuestra memoria.<\/p>\n<p style=\"text-align: justify;\">(Imagen de <a href=\"http:\/\/flickr.com\/photos\/slambo_42\/2817497719\/\" target=\"_blank\">Slambo_42<\/a>)<\/p>\n","protected":false},"excerpt":{"rendered":"<p>Poco a poco, pese a la insistencia de los medios de comunicaci\u00f3n, nos vamos olvidando de un hecho cierto e innegable: cuando se escribe ma\u00f1ana un d\u00eda 19 de noviembre, la fecha a la que se alude es el 20 de noviembre. El 20 de noviembre es un d\u00eda prol\u00edfico en acontecimientos varios (desde el &#8230; <a title=\"El d\u00eda de ma\u00f1ana &#8211; 20 de noviembre\" class=\"read-more\" href=\"https:\/\/www.urbinavolant.com\/verbavolant\/index.php\/2008\/11\/19\/el-dia-de-manana-20-de-noviembre\/\" aria-label=\"Leer m\u00e1s sobre El d\u00eda de ma\u00f1ana &#8211; 20 de noviembre\">Leer m\u00e1s<\/a><\/p>\n","protected":false},"author":1,"featured_media":0,"comment_status":"open","ping_status":"open","sticky":false,"template":"","format":"standard","meta":{"_monsterinsights_skip_tracking":false,"_monsterinsights_sitenote_active":false,"_monsterinsights_sitenote_note":"","_monsterinsights_sitenote_category":0,"_kadence_starter_templates_imported_post":false,"jetpack_post_was_ever_published":false,"_jetpack_newsletter_access":"","_jetpack_dont_email_post_to_subs":false,"_jetpack_newsletter_tier_id":0,"_jetpack_memberships_contains_paywalled_content":false,"_jetpack_memberships_contains_paid_content":false,"footnotes":"","jetpack_publicize_message":"","jetpack_publicize_feature_enabled":true,"jetpack_social_post_already_shared":false,"jetpack_social_options":{"image_generator_settings":{"template":"highway","default_image_id":0,"font":"","enabled":false},"version":2}},"categories":[66,72],"tags":[],"class_list":["post-1026","post","type-post","status-publish","format-standard","hentry","category-burlas","category-contrastes"],"jetpack_publicize_connections":[],"jetpack_featured_media_url":"","jetpack_shortlink":"https:\/\/wp.me\/pLsVN-gy","jetpack_sharing_enabled":true,"_links":{"self":[{"href":"https:\/\/www.urbinavolant.com\/verbavolant\/index.php\/wp-json\/wp\/v2\/posts\/1026","targetHints":{"allow":["GET"]}}],"collection":[{"href":"https:\/\/www.urbinavolant.com\/verbavolant\/index.php\/wp-json\/wp\/v2\/posts"}],"about":[{"href":"https:\/\/www.urbinavolant.com\/verbavolant\/index.php\/wp-json\/wp\/v2\/types\/post"}],"author":[{"embeddable":true,"href":"https:\/\/www.urbinavolant.com\/verbavolant\/index.php\/wp-json\/wp\/v2\/users\/1"}],"replies":[{"embeddable":true,"href":"https:\/\/www.urbinavolant.com\/verbavolant\/index.php\/wp-json\/wp\/v2\/comments?post=1026"}],"version-history":[{"count":0,"href":"https:\/\/www.urbinavolant.com\/verbavolant\/index.php\/wp-json\/wp\/v2\/posts\/1026\/revisions"}],"wp:attachment":[{"href":"https:\/\/www.urbinavolant.com\/verbavolant\/index.php\/wp-json\/wp\/v2\/media?parent=1026"}],"wp:term":[{"taxonomy":"category","embeddable":true,"href":"https:\/\/www.urbinavolant.com\/verbavolant\/index.php\/wp-json\/wp\/v2\/categories?post=1026"},{"taxonomy":"post_tag","embeddable":true,"href":"https:\/\/www.urbinavolant.com\/verbavolant\/index.php\/wp-json\/wp\/v2\/tags?post=1026"}],"curies":[{"name":"wp","href":"https:\/\/api.w.org\/{rel}","templated":true}]}}