{"id":1087,"date":"2008-12-04T00:25:22","date_gmt":"2008-12-03T22:25:22","guid":{"rendered":"http:\/\/www.urbinavolant.com\/verbavolant\/?p=1087"},"modified":"2010-01-13T22:23:59","modified_gmt":"2010-01-13T20:23:59","slug":"ana-y-el-foulard-fragmentos-8","status":"publish","type":"post","link":"https:\/\/www.urbinavolant.com\/verbavolant\/index.php\/2008\/12\/04\/ana-y-el-foulard-fragmentos-8\/","title":{"rendered":"Ana y el foulard &#8211; Fragmentos #8"},"content":{"rendered":"<p style=\"text-align: center;\"><a href=\"http:\/\/flickr.com\/photos\/sfar\/491723712\/\" target=\"_blank\"><img data-recalc-dims=\"1\" loading=\"lazy\" decoding=\"async\" src=\"https:\/\/i0.wp.com\/www.urbinavolant.com\/verbavolant\/wp-content\/uploads\/2008\/12\/foulard.jpg?resize=379%2C408&#038;ssl=1\" class=\"aligncenter size-full wp-image-1088\" title=\"foulard\" alt=\"Foulard\" width=\"379\" height=\"408\" srcset=\"https:\/\/i0.wp.com\/www.urbinavolant.com\/verbavolant\/wp-content\/uploads\/2008\/12\/foulard.jpg?w=465&amp;ssl=1 465w, https:\/\/i0.wp.com\/www.urbinavolant.com\/verbavolant\/wp-content\/uploads\/2008\/12\/foulard.jpg?resize=279%2C300&amp;ssl=1 279w\" sizes=\"auto, (max-width: 379px) 100vw, 379px\" \/><\/a><\/p>\n<p style=\"text-align: justify;\">Ana ha salido de la consulta m\u00e9dica con buenas noticias. Los resultados de los an\u00e1lisis, al final, han sido positivos. Ana es una chica que se preocupa mucho por su salud, desde aquellos momentos en los que, de joven, se mareaba con frecuencia. De repente, su cuerpo hac\u00eda zas y se derrumbaba. Despu\u00e9s de haber pasado una buena racha, despu\u00e9s de estar plet\u00f3rica, Ana ten\u00eda otra vez un cansancio indescriptible que ya no derrumbaba su cuerpo sino su coraz\u00f3n. Le ha hecho gracia ver al chico que ten\u00eda al lado, en la sala de espera. No se imaginaba que un chico un poco pintas, modernillo, le diera a Cernuda con ah\u00ednco. Parece que, al final, le ha sentado bien el cambio de aires. Su cara siempre ha sido simp\u00e1tica, pero parece que ahora esa sonrisa es m\u00e1s abierta todav\u00eda, parece que ya no rezuma un poso de amargura. Sin poder evitarlo, cuando ha salido a la calle, ha pensado que la vida es como una pel\u00edcula. De forma inevitable, ha respirado profundamente. La verg\u00fcenza no ha podido con su impulso de alzar la cabeza, de abrir los brazos, de descolocarse el <em>foulard <\/em>que llevaba mal anudado al cuello y de soltar un profund\u00edsimo suspiro. Los nervios acumulados, las tensiones esquinadas en sus v\u00e9rtebras, se han desbrozado en movimientos alocados y oscilantes de caderas. Ana ha hecho pasar su canci\u00f3n favorita del cerebro a su aparato de m\u00fasica y, a zancadas cortas pero r\u00e1pidas, ha llegado a la parada del autob\u00fas.<\/p>\n<p style=\"text-align: justify;\">(Imagen de <a href=\"http:\/\/flickr.com\/photos\/sfar\/491723712\/\" target=\"_blank\">Sfar<\/a>)<\/p>\n<p style=\"text-align: justify;\">(Puedes ir leyendo la secuencia de <em>Fragmentos para una teor\u00eda del caos<\/em> de forma ordenada pinchando <a href=\"http:\/\/urbinavolant.com\/index.php\/2008\/11\/fragmentos-para-una-teoria-del-caos\/\" target=\"_blank\">aqu\u00ed<\/a>)<\/p>\n","protected":false},"excerpt":{"rendered":"<p>Ana ha salido de la consulta m\u00e9dica con buenas noticias. Los resultados de los an\u00e1lisis, al final, han sido positivos. Ana es una chica que se preocupa mucho por su salud, desde aquellos momentos en los que, de joven, se mareaba con frecuencia. De repente, su cuerpo hac\u00eda zas y se derrumbaba. Despu\u00e9s de haber &#8230; <a title=\"Ana y el foulard &#8211; Fragmentos #8\" class=\"read-more\" href=\"https:\/\/www.urbinavolant.com\/verbavolant\/index.php\/2008\/12\/04\/ana-y-el-foulard-fragmentos-8\/\" aria-label=\"Leer m\u00e1s sobre Ana y el foulard &#8211; Fragmentos #8\">Leer m\u00e1s<\/a><\/p>\n","protected":false},"author":1,"featured_media":0,"comment_status":"open","ping_status":"open","sticky":false,"template":"","format":"standard","meta":{"_monsterinsights_skip_tracking":false,"_monsterinsights_sitenote_active":false,"_monsterinsights_sitenote_note":"","_monsterinsights_sitenote_category":0,"_kadence_starter_templates_imported_post":false,"jetpack_post_was_ever_published":false,"_jetpack_newsletter_access":"","_jetpack_dont_email_post_to_subs":false,"_jetpack_newsletter_tier_id":0,"_jetpack_memberships_contains_paywalled_content":false,"_jetpack_memberships_contains_paid_content":false,"footnotes":"","jetpack_publicize_message":"","jetpack_publicize_feature_enabled":true,"jetpack_social_post_already_shared":false,"jetpack_social_options":{"image_generator_settings":{"template":"highway","default_image_id":0,"font":"","enabled":false},"version":2}},"categories":[117],"tags":[161],"class_list":["post-1087","post","type-post","status-publish","format-standard","hentry","category-fragmentos-para-una-teoria-del-caos","tag-fragmentos-para-una-teoria-del-caos"],"jetpack_publicize_connections":[],"jetpack_featured_media_url":"","jetpack_shortlink":"https:\/\/wp.me\/pLsVN-hx","jetpack_sharing_enabled":true,"_links":{"self":[{"href":"https:\/\/www.urbinavolant.com\/verbavolant\/index.php\/wp-json\/wp\/v2\/posts\/1087","targetHints":{"allow":["GET"]}}],"collection":[{"href":"https:\/\/www.urbinavolant.com\/verbavolant\/index.php\/wp-json\/wp\/v2\/posts"}],"about":[{"href":"https:\/\/www.urbinavolant.com\/verbavolant\/index.php\/wp-json\/wp\/v2\/types\/post"}],"author":[{"embeddable":true,"href":"https:\/\/www.urbinavolant.com\/verbavolant\/index.php\/wp-json\/wp\/v2\/users\/1"}],"replies":[{"embeddable":true,"href":"https:\/\/www.urbinavolant.com\/verbavolant\/index.php\/wp-json\/wp\/v2\/comments?post=1087"}],"version-history":[{"count":0,"href":"https:\/\/www.urbinavolant.com\/verbavolant\/index.php\/wp-json\/wp\/v2\/posts\/1087\/revisions"}],"wp:attachment":[{"href":"https:\/\/www.urbinavolant.com\/verbavolant\/index.php\/wp-json\/wp\/v2\/media?parent=1087"}],"wp:term":[{"taxonomy":"category","embeddable":true,"href":"https:\/\/www.urbinavolant.com\/verbavolant\/index.php\/wp-json\/wp\/v2\/categories?post=1087"},{"taxonomy":"post_tag","embeddable":true,"href":"https:\/\/www.urbinavolant.com\/verbavolant\/index.php\/wp-json\/wp\/v2\/tags?post=1087"}],"curies":[{"name":"wp","href":"https:\/\/api.w.org\/{rel}","templated":true}]}}