{"id":142,"date":"2008-01-08T20:51:02","date_gmt":"2008-01-08T20:51:02","guid":{"rendered":"http:\/\/www.urbinavolant.com\/verbavolant\/index.php\/2008\/01\/08\/la-historia-que-no-puede-ser-cierta-ii-con-comentario-al-fondo\/"},"modified":"2008-01-08T20:51:02","modified_gmt":"2008-01-08T20:51:02","slug":"la-historia-que-no-puede-ser-cierta-ii-con-comentario-al-fondo","status":"publish","type":"post","link":"https:\/\/www.urbinavolant.com\/verbavolant\/index.php\/2008\/01\/08\/la-historia-que-no-puede-ser-cierta-ii-con-comentario-al-fondo\/","title":{"rendered":"La historia que no puede ser cierta (II). Con comentario al fondo"},"content":{"rendered":"<p>Amigos de <em>Verba volant<\/em>, necesito ayuda y consejo. Me veo en la necesidad de efectuar un brev\u00edsimo par\u00e9ntesis en el compartir los puntos de vista que tengo sobre los libros y la lectura que estoy teniendo con vosotros (y conmigo mismo) para hacer algo que no s\u00e9 si debo. Hace ya m\u00e1s de un mes publiqu\u00e9 una entrada titulada <a href=\"http:\/\/www.urbinavolant.com\/verbavolant\/index.php\/2007\/12\/02\/la-historia-que-no-pudo-ser-cierta-con-autobus-al-fondo\/\" title=\"La historia que no puede ser cierta... con autob\u00fas al fondo\" target=\"_blank\">La historia que no pudo ser cierta&#8230; con autob\u00fas al fondo<\/a>, de la que he recibido algunas sugerencias en privado. Por ejemplo, me dijeron que omitiese algunos datos f\u00edsicos del conductor de mi <em>relato<\/em>. Yo dije que no: seg\u00fan mi modesto parecer, nadie que no fuese conductor bajito, con bigote y que se dedicase a robar el dinero de los contribuyentes pod\u00eda sentirse aludido. Si alguien se ofende, sabr\u00e1 muy bien por qu\u00e9 y tendr\u00e1 de qu\u00e9 avergonzarse. En todo caso, utilic\u00e9 en la pr\u00e1ctica todo el elenco de recursos ling\u00fc\u00edstico-pragm\u00e1ticos de los que tengo conocimiento (y llevo zambull\u00e9ndome en la pragm\u00e1tica desde hace quince a\u00f1os). Pero nunca me pod\u00eda imaginar que iba a recibir un comentario (que est\u00e1 pendiente de moderaci\u00f3n) en el que a alguien se le ocurre meterse con los inmigrantes (las v\u00edctimas de la historia y no los verdugos). <strong>Jam\u00e1s me hab\u00eda planteado siquiera que iba a censurar un comentario en este blog<\/strong>. Si dispuse un sistema inicial de moderaci\u00f3n fue por el sabio consejo de quienes llevan mucha m\u00e1s mili hecha que yo en todo esto. S\u00e9, incluso, que estoy haciendo lo que no debo: entrar al trapo. Pero este blog es mi casa y todos son bienvenidos&#8230; menos los que se dejan el cerebro al entrar en <em>Verba volant<\/em>. Si pas\u00e1is por aqu\u00ed, estupendo. Si ni siquiera sab\u00e9is leer y no entend\u00e9is el mundo, cread otro mundo alternativo: siempre podr\u00e9is ir partiendo la cara a alguien con un bate de b\u00e9isbol. Para eso ten\u00e9is manos.<\/p>\n","protected":false},"excerpt":{"rendered":"<p>Amigos de Verba volant, necesito ayuda y consejo. Me veo en la necesidad de efectuar un brev\u00edsimo par\u00e9ntesis en el compartir los puntos de vista que tengo sobre los libros y la lectura que estoy teniendo con vosotros (y conmigo mismo) para hacer algo que no s\u00e9 si debo. Hace ya m\u00e1s de un mes &#8230; <a title=\"La historia que no puede ser cierta (II). Con comentario al fondo\" class=\"read-more\" href=\"https:\/\/www.urbinavolant.com\/verbavolant\/index.php\/2008\/01\/08\/la-historia-que-no-puede-ser-cierta-ii-con-comentario-al-fondo\/\" aria-label=\"Leer m\u00e1s sobre La historia que no puede ser cierta (II). Con comentario al fondo\">Leer m\u00e1s<\/a><\/p>\n","protected":false},"author":1,"featured_media":0,"comment_status":"open","ping_status":"open","sticky":false,"template":"","format":"standard","meta":{"_monsterinsights_skip_tracking":false,"_monsterinsights_sitenote_active":false,"_monsterinsights_sitenote_note":"","_monsterinsights_sitenote_category":0,"_kadence_starter_templates_imported_post":false,"jetpack_post_was_ever_published":false,"_jetpack_newsletter_access":"","_jetpack_dont_email_post_to_subs":false,"_jetpack_newsletter_tier_id":0,"_jetpack_memberships_contains_paywalled_content":false,"_jetpack_memberships_contains_paid_content":false,"footnotes":"","jetpack_publicize_message":"","jetpack_publicize_feature_enabled":true,"jetpack_social_post_already_shared":false,"jetpack_social_options":{"image_generator_settings":{"template":"highway","default_image_id":0,"font":"","enabled":false},"version":2}},"categories":[1],"tags":[],"class_list":["post-142","post","type-post","status-publish","format-standard","hentry","category-uncategorized"],"jetpack_publicize_connections":[],"jetpack_featured_media_url":"","jetpack_shortlink":"https:\/\/wp.me\/pLsVN-2i","jetpack_sharing_enabled":true,"_links":{"self":[{"href":"https:\/\/www.urbinavolant.com\/verbavolant\/index.php\/wp-json\/wp\/v2\/posts\/142","targetHints":{"allow":["GET"]}}],"collection":[{"href":"https:\/\/www.urbinavolant.com\/verbavolant\/index.php\/wp-json\/wp\/v2\/posts"}],"about":[{"href":"https:\/\/www.urbinavolant.com\/verbavolant\/index.php\/wp-json\/wp\/v2\/types\/post"}],"author":[{"embeddable":true,"href":"https:\/\/www.urbinavolant.com\/verbavolant\/index.php\/wp-json\/wp\/v2\/users\/1"}],"replies":[{"embeddable":true,"href":"https:\/\/www.urbinavolant.com\/verbavolant\/index.php\/wp-json\/wp\/v2\/comments?post=142"}],"version-history":[{"count":0,"href":"https:\/\/www.urbinavolant.com\/verbavolant\/index.php\/wp-json\/wp\/v2\/posts\/142\/revisions"}],"wp:attachment":[{"href":"https:\/\/www.urbinavolant.com\/verbavolant\/index.php\/wp-json\/wp\/v2\/media?parent=142"}],"wp:term":[{"taxonomy":"category","embeddable":true,"href":"https:\/\/www.urbinavolant.com\/verbavolant\/index.php\/wp-json\/wp\/v2\/categories?post=142"},{"taxonomy":"post_tag","embeddable":true,"href":"https:\/\/www.urbinavolant.com\/verbavolant\/index.php\/wp-json\/wp\/v2\/tags?post=142"}],"curies":[{"name":"wp","href":"https:\/\/api.w.org\/{rel}","templated":true}]}}