{"id":1553,"date":"2009-04-02T20:50:59","date_gmt":"2009-04-02T18:50:59","guid":{"rendered":"http:\/\/www.urbinavolant.com\/verbavolant\/?p=1553"},"modified":"2009-04-02T21:50:53","modified_gmt":"2009-04-02T19:50:53","slug":"anamnesis-y-anagnorisis","status":"publish","type":"post","link":"https:\/\/www.urbinavolant.com\/verbavolant\/index.php\/2009\/04\/02\/anamnesis-y-anagnorisis\/","title":{"rendered":"Anamnesis y anagn\u00f3risis"},"content":{"rendered":"<p style=\"text-align: center;\"><a href=\"http:\/\/mindwords.files.wordpress.com\/2007\/12\/indice-de-biografias-joan-miro-el-cuerpo-de-mi-morena.jpg\"><img data-recalc-dims=\"1\" loading=\"lazy\" decoding=\"async\" src=\"https:\/\/i0.wp.com\/www.urbinavolant.com\/verbavolant\/wp-content\/uploads\/2009\/04\/corno.jpg?resize=461%2C614&#038;ssl=1\" class=\"aligncenter size-full wp-image-1554\" title=\"Dar\u00edo Corno\" alt=\"Dar\u00edo Corno\" width=\"461\" height=\"614\" srcset=\"https:\/\/i0.wp.com\/www.urbinavolant.com\/verbavolant\/wp-content\/uploads\/2009\/04\/corno.jpg?w=768&amp;ssl=1 768w, https:\/\/i0.wp.com\/www.urbinavolant.com\/verbavolant\/wp-content\/uploads\/2009\/04\/corno.jpg?resize=225%2C300&amp;ssl=1 225w\" sizes=\"auto, (max-width: 461px) 100vw, 461px\" \/><\/a><\/p>\n<p style=\"text-align: justify;\">Un d\u00eda fui al m\u00e9dico y, para responderme, me pregunt\u00f3. Me preocup\u00f3 porque me pregunt\u00f3 por el sexo. Al principio, le contest\u00e9 : Var\u00f3n. Tras la carcajada reprimida, respond\u00ed: Poco. Desgraciadamente. Fuimos repasando mi vida a ritmo de lesiones y enfermedades. La calcificaci\u00f3n del tend\u00f3n rotuliano le llev\u00f3 un p\u00e1rrafo de prosa densa. A m\u00ed me hac\u00eda m\u00e1s ilusi\u00f3n el desarrollo de la fascitis plantar, pero \u00e9l cambi\u00f3 de tercio a favor de los \u00e1caros del polvo. Ara\u00f1itas de mierda, pensaba yo, mientras hablaba de dos cabronas adenopat\u00edas inguinales que precisaron ciruj\u00eda. \u00bfFueron buenas?, me dijo. Yo no supe qu\u00e9 responderle. Las adenopat\u00edas son muy malas, porque son molestas. Reparando en mi ignorancia, me dijo que lo que quer\u00eda dec\u00edr era si eran benignas o malignas, como los tiempos. Yo le dije que eran buenas.<\/p>\n<p style=\"text-align: justify;\">Luego vinieron las preguntas del alma. Yo le pregunt\u00e9 lo obvio para un fil\u00f3sofo, que si exist\u00eda. Y \u00e9l me dijo que no lo sab\u00eda. Que s\u00f3lo sab\u00eda d\u00f3nde estaban el timo y el hipot\u00e1lamo. Decepcionado, le dije que qu\u00e9 hab\u00eda con eso de los 21 gramos. Y \u00e9l me dijo que no, que todo mentira. Que Descartes llegaba a recolectar cad\u00e1veres en busca del alma y lo \u00fanico que encontr\u00f3 fue mal rollo con los vecinos. Total, para morir de un catarro mal curado. Luego me dijo: Abreviemos. Y yo le dije: \u00bfYa? Y \u00e9l me dijo que no. Que quer\u00eda saber qu\u00e9 me pasaba. Yo le dije que me cansaba. Que ten\u00eda sue\u00f1o y que no dorm\u00eda. Que a veces me entraban unas ganas irreprimibles de llorar. Y que me quedaba sin aire, todo \u00e9l palpitando en el pecho durante unos angustiosos segundos. \u00c9l me dijo que no mezclase. Que eran dos cosas diferentes. Pero que ten\u00edan la misma causa. Yo le dije que no lo sab\u00eda, que no era m\u00e9dico. Y \u00e9l me dijo: Yo tampoco. Pero luego volvi\u00f3 a sonre\u00edr. \u00bfYa?, le dije. Y \u00e9l me dijo que no. Que c\u00f3mo me comportaba frente a la tristeza. Yo le dije que a veces con ira y a veces con pena. A veces con dolor y otras con desparpajo. Unas con angustia y otras con risa desencajada. Y \u00e9l me dijo: Normal. Lo suyo es muy duro. Pero pasar\u00e1.<\/p>\n<p style=\"text-align: justify;\">Ya me levantaba cogiendo la americana cuando me dijo: \u00bfUsted ha sido as\u00ed siempre? Yo le dije que no, que de peque\u00f1o era m\u00e1s bajito. Y mi madre dec\u00eda que, al nacer, era muy feo. Que luego fui un querub\u00edn y luego, con los granos y la adolescencia volv\u00ed a empeorar. \u00c9l me dijo que si no comprend\u00eda las preguntas. Y yo le dije que s\u00ed. Que le estaba contestando a lo que me hab\u00eda preguntado. Y \u00e9l casi me deja por imposible. \u00bfC\u00f3mo definir\u00eda su temperamento?, me dijo para sacarme de dudas. Y yo le dije que no sab\u00eda si era melanc\u00f3lico, col\u00e9rico o sangu\u00edneo. Que flem\u00e1tico no. Ni de co\u00f1a. Pero \u00e9l me dijo que de eso nada, que eso se lo dejaba a Hip\u00f3crates, a Galeno y a sus humores. \u00bfBebe?, sospech\u00f3. Yo le dije que no, que no me gustan las bebidas fuertes. \u00bfCon qu\u00e9 frecuencia? Le dije que una ca\u00f1a a la semana. Y vi, estirando el cuello, que tachaba la casilla de alcoholismo.<\/p>\n<p style=\"text-align: justify;\">Yo me preocupo mucho, le dije. Porque a veces bebo una ca\u00f1a y pienso que qu\u00e9 pasar\u00eda si me tomaba otra y luego otra. \u00c9l me dijo que, entonces, me habr\u00eda emborrachado. Y yo le pregunt\u00e9 que si no era peligroso. \u00c9l me dijo que depende. Que, en mi caso, no lo cre\u00eda.<\/p>\n<p style=\"text-align: justify;\">Luego se levant\u00f3 y me dijo: Nos vemos dentro de dos meses. Yo le pregunt\u00e9: \u00bfYa? Y \u00e9l me dijo: S\u00ed. \u00bfMe voy sin saber lo que me pasa?, le dije. Y \u00e9l me dijo que no. Que me lo dec\u00eda, pero al o\u00eddo. Que no se fiaba de la enfermera, que estaba a punto de entrar. Yo me acerqu\u00e9 para escuchar sus susurros. No entend\u00eda nada, pero supe que me pasaba algo (que estaba sordo), pero no sab\u00eda si ten\u00eda alguna otra dolencia.<\/p>\n<p style=\"text-align: justify;\">Al final, sal\u00ed de la consulta y respir\u00e9 hondamente mirando el cielo. Cuando me fij\u00e9 en los dem\u00e1s, me fij\u00e9 en que los dem\u00e1s se fijaban en m\u00ed. Todo un l\u00edo sospechoso. Me di la vuelta para ver si me persegu\u00edan, hasta que descubr\u00ed por detr\u00e1s a un t\u00edo cuarent\u00f3n, con la mirada perdida. Se parece a m\u00ed, pens\u00e9. Y segu\u00ed caminando.<\/p>\n<p style=\"text-align: justify;\">(Cuadro de Joan Mir\u00f3 encontrado <a href=\"http:\/\/mindwords.wordpress.com\/2007\/12\/20\/la-palabra-solicitada-semiologia-y-didactica-de-la-literatura\/\" target=\"_blank\">aqu\u00ed<\/a>)<\/p>\n","protected":false},"excerpt":{"rendered":"<p>Un d\u00eda fui al m\u00e9dico y, para responderme, me pregunt\u00f3. Me preocup\u00f3 porque me pregunt\u00f3 por el sexo. Al principio, le contest\u00e9 : Var\u00f3n. Tras la carcajada reprimida, respond\u00ed: Poco. Desgraciadamente. Fuimos repasando mi vida a ritmo de lesiones y enfermedades. La calcificaci\u00f3n del tend\u00f3n rotuliano le llev\u00f3 un p\u00e1rrafo de prosa densa. A m\u00ed &#8230; <a title=\"Anamnesis y anagn\u00f3risis\" class=\"read-more\" href=\"https:\/\/www.urbinavolant.com\/verbavolant\/index.php\/2009\/04\/02\/anamnesis-y-anagnorisis\/\" aria-label=\"Leer m\u00e1s sobre Anamnesis y anagn\u00f3risis\">Leer m\u00e1s<\/a><\/p>\n","protected":false},"author":1,"featured_media":0,"comment_status":"open","ping_status":"open","sticky":false,"template":"","format":"standard","meta":{"_monsterinsights_skip_tracking":false,"_monsterinsights_sitenote_active":false,"_monsterinsights_sitenote_note":"","_monsterinsights_sitenote_category":0,"_kadence_starter_templates_imported_post":false,"jetpack_post_was_ever_published":false,"_jetpack_newsletter_access":"","_jetpack_dont_email_post_to_subs":false,"_jetpack_newsletter_tier_id":0,"_jetpack_memberships_contains_paywalled_content":false,"_jetpack_memberships_contains_paid_content":false,"footnotes":"","jetpack_publicize_message":"","jetpack_publicize_feature_enabled":true,"jetpack_social_post_already_shared":false,"jetpack_social_options":{"image_generator_settings":{"template":"highway","default_image_id":0,"font":"","enabled":false},"version":2}},"categories":[46],"tags":[],"class_list":["post-1553","post","type-post","status-publish","format-standard","hentry","category-espejo"],"jetpack_publicize_connections":[],"jetpack_featured_media_url":"","jetpack_shortlink":"https:\/\/wp.me\/pLsVN-p3","jetpack_sharing_enabled":true,"_links":{"self":[{"href":"https:\/\/www.urbinavolant.com\/verbavolant\/index.php\/wp-json\/wp\/v2\/posts\/1553","targetHints":{"allow":["GET"]}}],"collection":[{"href":"https:\/\/www.urbinavolant.com\/verbavolant\/index.php\/wp-json\/wp\/v2\/posts"}],"about":[{"href":"https:\/\/www.urbinavolant.com\/verbavolant\/index.php\/wp-json\/wp\/v2\/types\/post"}],"author":[{"embeddable":true,"href":"https:\/\/www.urbinavolant.com\/verbavolant\/index.php\/wp-json\/wp\/v2\/users\/1"}],"replies":[{"embeddable":true,"href":"https:\/\/www.urbinavolant.com\/verbavolant\/index.php\/wp-json\/wp\/v2\/comments?post=1553"}],"version-history":[{"count":0,"href":"https:\/\/www.urbinavolant.com\/verbavolant\/index.php\/wp-json\/wp\/v2\/posts\/1553\/revisions"}],"wp:attachment":[{"href":"https:\/\/www.urbinavolant.com\/verbavolant\/index.php\/wp-json\/wp\/v2\/media?parent=1553"}],"wp:term":[{"taxonomy":"category","embeddable":true,"href":"https:\/\/www.urbinavolant.com\/verbavolant\/index.php\/wp-json\/wp\/v2\/categories?post=1553"},{"taxonomy":"post_tag","embeddable":true,"href":"https:\/\/www.urbinavolant.com\/verbavolant\/index.php\/wp-json\/wp\/v2\/tags?post=1553"}],"curies":[{"name":"wp","href":"https:\/\/api.w.org\/{rel}","templated":true}]}}