{"id":1618,"date":"2009-04-24T09:59:17","date_gmt":"2009-04-24T07:59:17","guid":{"rendered":"http:\/\/www.urbinavolant.com\/verbavolant\/?p=1618"},"modified":"2021-01-01T19:55:15","modified_gmt":"2021-01-01T18:55:15","slug":"madrid-libros","status":"publish","type":"post","link":"https:\/\/www.urbinavolant.com\/verbavolant\/index.php\/2009\/04\/24\/madrid-libros\/","title":{"rendered":"Madrid. Libros"},"content":{"rendered":"<p style=\"text-align: center;\"><img loading=\"lazy\" decoding=\"async\" class=\"aligncenter size-full wp-image-1620\" title=\"D\u00eda del Libro\" src=\"https:\/\/www.urbinavolant.com\/verbavolant\/wp-content\/uploads\/2009\/04\/dia_libro.jpg\" alt=\"D\u00eda del Libro\" width=\"419\" height=\"280\" srcset=\"https:\/\/www.urbinavolant.com\/verbavolant\/wp-content\/uploads\/2009\/04\/dia_libro.jpg 419w, https:\/\/www.urbinavolant.com\/verbavolant\/wp-content\/uploads\/2009\/04\/dia_libro-300x200.jpg 300w\" sizes=\"auto, (max-width: 419px) 100vw, 419px\" \/><\/p>\n<p style=\"text-align: justify;\">Ayer ten\u00eda el d\u00eda tonto. Pese a ser burgal\u00e9s, castellano y espa\u00f1ol, mantengo siempre las distancias con las festividades locales, regionales y estatales. Soy un honroso ap\u00e1trida con excepciones circunstanciales. Con tendencia ocasional a la misantropia, tampoco soy de celebrar casi nada, pero hago mis excepciones. Por ejemplo, la fiesta del D\u00eda del Libro en general y con Cervantes y Shakespeare como dignos generales. Ayer, me dio el arrebato y me acerqu\u00e9 a Madrid. Paseo del Prado, calle Alcal\u00e1, Gran V\u00eda, Plaza de Callao&#8230; Lo justo para sumergirme en libros nuevos y vol\u00famenes antiguos y de ocasi\u00f3n, para entrar en las librer\u00edas y que las librer\u00edas sacasen sus libros a la calle. Una deliciosa ma\u00f1ana en la que llov\u00edan p\u00e1ginas de imaginaci\u00f3n por todas partes. Feliz d\u00eda, amigos (aunque sea con un d\u00eda de retraso).<\/p>\n","protected":false},"excerpt":{"rendered":"<p>Ayer ten\u00eda el d\u00eda tonto. Pese a ser burgal\u00e9s, castellano y espa\u00f1ol, mantengo siempre las distancias con las festividades locales, regionales y estatales. Soy un honroso ap\u00e1trida con excepciones circunstanciales. Con tendencia ocasional a la misantropia, tampoco soy de celebrar casi nada, pero hago mis excepciones. Por ejemplo, la fiesta del D\u00eda del Libro en &#8230; <a title=\"Madrid. Libros\" class=\"read-more\" href=\"https:\/\/www.urbinavolant.com\/verbavolant\/index.php\/2009\/04\/24\/madrid-libros\/\" aria-label=\"Leer m\u00e1s sobre Madrid. Libros\">Leer m\u00e1s<\/a><\/p>\n","protected":false},"author":1,"featured_media":0,"comment_status":"open","ping_status":"open","sticky":false,"template":"","format":"standard","meta":{"_monsterinsights_skip_tracking":false,"_kadence_starter_templates_imported_post":false,"footnotes":""},"categories":[13],"tags":[],"class_list":["post-1618","post","type-post","status-publish","format-standard","hentry","category-libros"],"_links":{"self":[{"href":"https:\/\/www.urbinavolant.com\/verbavolant\/index.php\/wp-json\/wp\/v2\/posts\/1618","targetHints":{"allow":["GET"]}}],"collection":[{"href":"https:\/\/www.urbinavolant.com\/verbavolant\/index.php\/wp-json\/wp\/v2\/posts"}],"about":[{"href":"https:\/\/www.urbinavolant.com\/verbavolant\/index.php\/wp-json\/wp\/v2\/types\/post"}],"author":[{"embeddable":true,"href":"https:\/\/www.urbinavolant.com\/verbavolant\/index.php\/wp-json\/wp\/v2\/users\/1"}],"replies":[{"embeddable":true,"href":"https:\/\/www.urbinavolant.com\/verbavolant\/index.php\/wp-json\/wp\/v2\/comments?post=1618"}],"version-history":[{"count":0,"href":"https:\/\/www.urbinavolant.com\/verbavolant\/index.php\/wp-json\/wp\/v2\/posts\/1618\/revisions"}],"wp:attachment":[{"href":"https:\/\/www.urbinavolant.com\/verbavolant\/index.php\/wp-json\/wp\/v2\/media?parent=1618"}],"wp:term":[{"taxonomy":"category","embeddable":true,"href":"https:\/\/www.urbinavolant.com\/verbavolant\/index.php\/wp-json\/wp\/v2\/categories?post=1618"},{"taxonomy":"post_tag","embeddable":true,"href":"https:\/\/www.urbinavolant.com\/verbavolant\/index.php\/wp-json\/wp\/v2\/tags?post=1618"}],"curies":[{"name":"wp","href":"https:\/\/api.w.org\/{rel}","templated":true}]}}