{"id":1710,"date":"2009-05-31T11:20:25","date_gmt":"2009-05-31T09:20:25","guid":{"rendered":"http:\/\/www.urbinavolant.com\/verbavolant\/?p=1710"},"modified":"2014-10-21T17:53:19","modified_gmt":"2014-10-21T16:53:19","slug":"la-noticia-es-pequena","status":"publish","type":"post","link":"https:\/\/www.urbinavolant.com\/verbavolant\/index.php\/2009\/05\/31\/la-noticia-es-pequena\/","title":{"rendered":"La noticia es peque\u00f1a"},"content":{"rendered":"<p style=\"text-align: center;\"><a href=\"http:\/\/www.flickr.com\/photos\/zarkodrincic\/2117512295\/\"><img data-recalc-dims=\"1\" loading=\"lazy\" decoding=\"async\" class=\"aligncenter size-full wp-image-1711\" title=\"Newspaper\" src=\"https:\/\/i0.wp.com\/www.urbinavolant.com\/verbavolant\/wp-content\/uploads\/2009\/05\/newspaper.jpg?resize=500%2C375&#038;ssl=1\" alt=\"Newspaper\" width=\"500\" height=\"375\" srcset=\"https:\/\/i0.wp.com\/www.urbinavolant.com\/verbavolant\/wp-content\/uploads\/2009\/05\/newspaper.jpg?w=500&amp;ssl=1 500w, https:\/\/i0.wp.com\/www.urbinavolant.com\/verbavolant\/wp-content\/uploads\/2009\/05\/newspaper.jpg?resize=300%2C225&amp;ssl=1 300w\" sizes=\"auto, (max-width: 500px) 100vw, 500px\" \/><\/a><\/p>\n<p style=\"text-align: justify;\">Mucho me temo que esta entrada acabar\u00e1 con el poco prestigio que me quedaba. Me bajo del pedestal de lo insustancial para quedarme en lo meramente anecd\u00f3tico; abdico de la incongruencia para sumergirme en el dislate; peco de pecador no redimido, nunca redimible.<\/p>\n<p style=\"text-align: justify;\">Pese a intentar ense\u00f1ar asignaturas con nombres tan poco sospechosos como \u00abMedios de comunicaci\u00f3n y sociedad\u00bb, los medios de comunicaci\u00f3n, tal y como los concebimos ahora, me gustan m\u00e1s bien poco. Hay excepciones (muchas y notables), pero el \u00abcuarto poder\u00bb se ha ido desdibujando hasta formar parte integrante de alguno de los anteriores. Me aburre soberanamente saber que est\u00e1s escuchando una noticia de una manera porque est\u00e1s sintonizando una emisora y no otra; me enerva y subleva o\u00edr alegatos en favor o en contra de <em>x <\/em>s\u00f3lo por la diferencia que va de la tecla que pulses en el mando a distancia; me sume en la tristeza que alguno de los medios impresos que siempre me han gustado me alejen tanto de la realidad para acercarme tanto a \u00absu\u00bb realidad como para que me queme.<\/p>\n<p style=\"text-align: justify;\">Pensar en la objetividad plena es un deseo imposible. Entre otras cosas, porque no existe ni ha existido nunca. Buscar la equidistancia es una quimera, porque ning\u00fan ser humano tiene una simetr\u00eda tan perfecta como para no tener una parte gemela de su cuerpo m\u00e1s grande o desarrollada que la otra. Lo que me molesta es el cojear de manera indiscriminada en el mismo sentido torticero, animado no por la interpretaci\u00f3n de la realidad &#8211;tan necesaria&#8211; sino por la tergiversaci\u00f3n de la misma.\u00a0Me gusta &#8211;en fin&#8211; leer, escuchar y\/o ver a personas, no a integrantes sumisos de un <em>lobby <\/em>perfectamente organizado.<\/p>\n<p style=\"text-align: justify;\">Por eso, mis visitas a los peri\u00f3dicos son r\u00e1pidas en lo importante y profundas en lo anecd\u00f3tico. La an\u00e9cdota ha sido para m\u00ed el sustento m\u00e1s genuino de la realidad aut\u00e9ntica. Cuando mi padre, que trabajaba en una agencia de publicidad, ven\u00eda cargado de peri\u00f3dicos a la casa de mi infancia, sab\u00eda c\u00f3mo respiraba Espa\u00f1a por las p\u00e1ginas de sucesos. Me fascinaba tumbarme en el sof\u00e1 con el peri\u00f3dico abierto por una p\u00e1gina que desgranaba las miserias de lo que era la brutalidad de la Espa\u00f1a de los setenta. No queda en m\u00ed ning\u00fan recuerdo de los grandes momentos ni de las grandes promesas. La Espa\u00f1a del machete en la espalda, del deg\u00fcello f\u00e1cil, del asesinato m\u00faltiple y vigoroso, de la venganza pura y dura, del gesto torcido ha permanecido m\u00e1s que todos nuestros grandes progresos.<\/p>\n<p style=\"text-align: justify;\">Los medios nos ense\u00f1an en grande lo primero y nos entreveran lo \u00faltimo en una caja menor, pero la historia se encarga de invertir todos \u00ablos papeles\u00bb.\u00a0Hemos cambiado nuestros trajes y nuestras gafas, hemos embaldosado &#8211;mal&#8211; nuestra calles y el asfalto es menos pedregoso e igual de ineficaz. Pero nosotros, los de entonces, seguimos siendo los mismos. Y, en Burgos, tenemos nombres y apellidos.<\/p>\n<p style=\"text-align: justify;\">(Imagen de\u00a0<a href=\"http:\/\/www.flickr.com\/photos\/zarkodrincic\/2117512295\/\" target=\"_blank\">Zarko Drincic<\/a>)<\/p>\n<p style=\"text-align: justify;\">\n","protected":false},"excerpt":{"rendered":"<p>Mucho me temo que esta entrada acabar\u00e1 con el poco prestigio que me quedaba. Me bajo del pedestal de lo insustancial para quedarme en lo meramente anecd\u00f3tico; abdico de la incongruencia para sumergirme en el dislate; peco de pecador no redimido, nunca redimible. Pese a intentar ense\u00f1ar asignaturas con nombres tan poco sospechosos como \u00abMedios &#8230; <a title=\"La noticia es peque\u00f1a\" class=\"read-more\" href=\"https:\/\/www.urbinavolant.com\/verbavolant\/index.php\/2009\/05\/31\/la-noticia-es-pequena\/\" aria-label=\"Leer m\u00e1s sobre La noticia es peque\u00f1a\">Leer m\u00e1s<\/a><\/p>\n","protected":false},"author":1,"featured_media":0,"comment_status":"open","ping_status":"open","sticky":false,"template":"","format":"standard","meta":{"_monsterinsights_skip_tracking":false,"_monsterinsights_sitenote_active":false,"_monsterinsights_sitenote_note":"","_monsterinsights_sitenote_category":0,"_kadence_starter_templates_imported_post":false,"jetpack_post_was_ever_published":false,"_jetpack_newsletter_access":"","_jetpack_dont_email_post_to_subs":false,"_jetpack_newsletter_tier_id":0,"_jetpack_memberships_contains_paywalled_content":false,"_jetpack_memberships_contains_paid_content":false,"footnotes":"","jetpack_publicize_message":"","jetpack_publicize_feature_enabled":true,"jetpack_social_post_already_shared":false,"jetpack_social_options":{"image_generator_settings":{"template":"highway","default_image_id":0,"font":"","enabled":false},"version":2}},"categories":[46],"tags":[],"class_list":["post-1710","post","type-post","status-publish","format-standard","hentry","category-espejo"],"jetpack_publicize_connections":[],"jetpack_featured_media_url":"","jetpack_shortlink":"https:\/\/wp.me\/pLsVN-rA","jetpack_sharing_enabled":true,"_links":{"self":[{"href":"https:\/\/www.urbinavolant.com\/verbavolant\/index.php\/wp-json\/wp\/v2\/posts\/1710","targetHints":{"allow":["GET"]}}],"collection":[{"href":"https:\/\/www.urbinavolant.com\/verbavolant\/index.php\/wp-json\/wp\/v2\/posts"}],"about":[{"href":"https:\/\/www.urbinavolant.com\/verbavolant\/index.php\/wp-json\/wp\/v2\/types\/post"}],"author":[{"embeddable":true,"href":"https:\/\/www.urbinavolant.com\/verbavolant\/index.php\/wp-json\/wp\/v2\/users\/1"}],"replies":[{"embeddable":true,"href":"https:\/\/www.urbinavolant.com\/verbavolant\/index.php\/wp-json\/wp\/v2\/comments?post=1710"}],"version-history":[{"count":0,"href":"https:\/\/www.urbinavolant.com\/verbavolant\/index.php\/wp-json\/wp\/v2\/posts\/1710\/revisions"}],"wp:attachment":[{"href":"https:\/\/www.urbinavolant.com\/verbavolant\/index.php\/wp-json\/wp\/v2\/media?parent=1710"}],"wp:term":[{"taxonomy":"category","embeddable":true,"href":"https:\/\/www.urbinavolant.com\/verbavolant\/index.php\/wp-json\/wp\/v2\/categories?post=1710"},{"taxonomy":"post_tag","embeddable":true,"href":"https:\/\/www.urbinavolant.com\/verbavolant\/index.php\/wp-json\/wp\/v2\/tags?post=1710"}],"curies":[{"name":"wp","href":"https:\/\/api.w.org\/{rel}","templated":true}]}}