{"id":1798,"date":"2009-07-14T11:37:06","date_gmt":"2009-07-14T09:37:06","guid":{"rendered":"http:\/\/www.urbinavolant.com\/verbavolant\/?p=1798"},"modified":"2009-07-14T10:12:18","modified_gmt":"2009-07-14T08:12:18","slug":"terror-y-honor","status":"publish","type":"post","link":"https:\/\/www.urbinavolant.com\/verbavolant\/index.php\/2009\/07\/14\/terror-y-honor\/","title":{"rendered":"Terror y honor"},"content":{"rendered":"<p style=\"text-align: center;\"><a href=\"https:\/\/i0.wp.com\/www.gustavorivas.com.ar\/images\/errarehumanumest.jpg\"><img data-recalc-dims=\"1\" loading=\"lazy\" decoding=\"async\" src=\"https:\/\/i0.wp.com\/www.urbinavolant.com\/verbavolant\/wp-content\/uploads\/2009\/07\/errarehumanumest.jpg?resize=585%2C305&#038;ssl=1\" class=\"aligncenter size-full wp-image-1799\" title=\"errarehumanumest\" alt=\"errarehumanumest\" width=\"585\" height=\"305\" srcset=\"https:\/\/i0.wp.com\/www.urbinavolant.com\/verbavolant\/wp-content\/uploads\/2009\/07\/errarehumanumest.jpg?w=585&amp;ssl=1 585w, https:\/\/i0.wp.com\/www.urbinavolant.com\/verbavolant\/wp-content\/uploads\/2009\/07\/errarehumanumest.jpg?resize=300%2C156&amp;ssl=1 300w\" sizes=\"auto, (max-width: 585px) 100vw, 585px\" \/><\/a><\/p>\n<p style=\"text-align: justify;\">En esto de la muerte, por aquello de lo irreversible, es conveniente ser cautos y no tomarse las cosas a la ligera. Por eso mismo, tengo que empezar diciendo que la muerte de Ray\u00e1n, el hijo de Dalila, la mujer fallecida a causa del virus de la <a href=\"http:\/\/es.wikipedia.org\/wiki\/Gripe_A\" target=\"_blank\">gripe A<\/a>, espanta por\u00a0 el modo en el que se ha producido y se agiganta por el contexto general de desgracias que ha destrozado para siempre a una familia y, por extensi\u00f3n y como muestra, a un n\u00famero mucho mayor de personas. Intento ponerme en el lugar de Mohamed y casi no encuentro excusas para calarme al hombro un AK-47 y empezar a pegar tiros de dolor y desesperaci\u00f3n a todo dicho viviente.<\/p>\n<p style=\"text-align: justify;\">No puedo hablar de lo que no s\u00e9, y menos a\u00fan de lo que s\u00e9 un poquito y de manera incompleta, pero la muerte de Dalila tiene sesgos que invitan a pensar en una pir\u00e1mide escalonada de errores, visibles o invisibles, que ayudaron al virus a llevarla hacia la tumba. En lo que a la muerte de Ray\u00e1n, el beb\u00e9, la equivocaci\u00f3n duele hasta alcanzar lo incomprensible. Una sonda se acopla al sitio equivocado y explota el desastre. Insisto: irreversible.<\/p>\n<p style=\"text-align: justify;\">Tampoco creo que sea hoy el momento ni el lugar para atacar o defender a los m\u00e9dicos y al personal sanitario en general. Ser\u00eda, en todo caso, m\u00e1s f\u00e1cil hacer lo primero que lo segundo. Como declaraci\u00f3n de intenciones, he de decir que yo, en general, me pongo de parte del personal sanitario. Yo me equivoco todos los d\u00edas miles de veces. Muchas veces, habr\u00e9 cometido errores importantes y las consecuencias han podido ser importantes (un suspenso puede marcar la vida de un alumno, una d\u00e9cima puede privar de una beca), pero, salvo desconocimiento, mis pr\u00e1cticas deficientes como docente no han conducido nunca a errores letales. Eso se debe a que soy profesor y no un m\u00e9dico o una enfermera. Si lo fuera, igual las cosas no ser\u00edan lo mismo. Adelanto tambi\u00e9n que conozco en la carne de mi familia algunos errores m\u00e9dicos casi fatales, as\u00ed que no hablo de lo que no he vivido. Aunque tambi\u00e9n s\u00e9 que he vivido y sobrevivo gracias a la actuaci\u00f3n de muchos profesionales a lo largo de mis cuarenta y tres a\u00f1os de vida, lo mismo que muchos integrantes de mi familia. Pese a todo, no comprendo esta muerte de Ray\u00e1n. Ni siquiera deseo que entre en mi cabeza.<\/p>\n<p style=\"text-align: justify;\">El terror que ha producido esa muerte va a tener consecuencias, as\u00ed que veremos su medida y sus consecuencias. Pero no me gustar\u00eda olvidar, en este caso, el honor. En un mundo &#8211;y en un pa\u00eds&#8211; en el que nadie es culpable de nada, en el que todo quisque escurre el bulto para esonderlo en una alfombra ya demasiado saturada en sus bajos, es de justicia alabar <a href=\"http:\/\/www.elpais.com\/audios\/espana\/director\/Gregorio\/Maranon\/afirma\/muerte\/bebe\/tiene\/excusa\/elpaudnac\/20090713csrcsrnac_4\/Aes\/#\" target=\"_blank\">el reconocimiento del error y del error por parte del director m\u00e9dico del Gregorio Mara\u00f1\u00f3n<\/a>. Lo f\u00e1cil, lo habitual, hubiera sido empezar a negar culpas o ech\u00e1rselas al maestro armero. Se abrir\u00e1 una investitgaci\u00f3n. Se encontrar\u00e1n <a href=\"http:\/\/www.elpais.com\/articulo\/sociedad\/primer\/dia\/enfermera\/elpepusoc\/20090714elpepisoc_6\/Tes\" target=\"_blank\">culpables<\/a>. Ray\u00e1n no vivir\u00e1 para contarlo (no hay que olvidarlo ni por un momento), pero alguien con un m\u00ednimo de decencia se ha puesto delante de un micr\u00f3fono y ha reconocido, en un mundo que suele circular por los carriles que van de la hipocres\u00eda al cinismo, que una persona en el Gregorio Mara\u00f1on\u00a0 la ha cagado como no puede cagarla nadie. Porque era humano y, por lo tanto, suspectible de ser despistado, in\u00fatil o imb\u00e9ci.l En lo humano est\u00e1 su culpa, en lo humano est\u00e1 su penitencia. Ol\u00e9 los cojones de la directiva del Gregorio Mara\u00f1\u00f3n, con la que le va a caer encima.<\/p>\n<p style=\"text-align: justify;\">(La imagen de la entrada, de <a title=\"Quino, en Wikipedia\" href=\"http:\/\/es.wikipedia.org\/wiki\/Quino\" target=\"_blank\">Quino<\/a>, es digna de ser tomada muy a broma, lo que es equivalente a decir que va muy en serio.)<\/p>\n","protected":false},"excerpt":{"rendered":"<p>En esto de la muerte, por aquello de lo irreversible, es conveniente ser cautos y no tomarse las cosas a la ligera. Por eso mismo, tengo que empezar diciendo que la muerte de Ray\u00e1n, el hijo de Dalila, la mujer fallecida a causa del virus de la gripe A, espanta por\u00a0 el modo en el &#8230; <a title=\"Terror y honor\" class=\"read-more\" href=\"https:\/\/www.urbinavolant.com\/verbavolant\/index.php\/2009\/07\/14\/terror-y-honor\/\" aria-label=\"Leer m\u00e1s sobre Terror y honor\">Leer m\u00e1s<\/a><\/p>\n","protected":false},"author":1,"featured_media":0,"comment_status":"open","ping_status":"open","sticky":false,"template":"","format":"standard","meta":{"_monsterinsights_skip_tracking":false,"_monsterinsights_sitenote_active":false,"_monsterinsights_sitenote_note":"","_monsterinsights_sitenote_category":0,"_kadence_starter_templates_imported_post":false,"jetpack_post_was_ever_published":false,"_jetpack_newsletter_access":"","_jetpack_dont_email_post_to_subs":false,"_jetpack_newsletter_tier_id":0,"_jetpack_memberships_contains_paywalled_content":false,"_jetpack_memberships_contains_paid_content":false,"footnotes":"","jetpack_publicize_message":"","jetpack_publicize_feature_enabled":true,"jetpack_social_post_already_shared":false,"jetpack_social_options":{"image_generator_settings":{"template":"highway","default_image_id":0,"font":"","enabled":false},"version":2}},"categories":[28,30],"tags":[],"class_list":["post-1798","post","type-post","status-publish","format-standard","hentry","category-dignidad","category-muerte"],"jetpack_publicize_connections":[],"jetpack_featured_media_url":"","jetpack_shortlink":"https:\/\/wp.me\/pLsVN-t0","jetpack_sharing_enabled":true,"_links":{"self":[{"href":"https:\/\/www.urbinavolant.com\/verbavolant\/index.php\/wp-json\/wp\/v2\/posts\/1798","targetHints":{"allow":["GET"]}}],"collection":[{"href":"https:\/\/www.urbinavolant.com\/verbavolant\/index.php\/wp-json\/wp\/v2\/posts"}],"about":[{"href":"https:\/\/www.urbinavolant.com\/verbavolant\/index.php\/wp-json\/wp\/v2\/types\/post"}],"author":[{"embeddable":true,"href":"https:\/\/www.urbinavolant.com\/verbavolant\/index.php\/wp-json\/wp\/v2\/users\/1"}],"replies":[{"embeddable":true,"href":"https:\/\/www.urbinavolant.com\/verbavolant\/index.php\/wp-json\/wp\/v2\/comments?post=1798"}],"version-history":[{"count":0,"href":"https:\/\/www.urbinavolant.com\/verbavolant\/index.php\/wp-json\/wp\/v2\/posts\/1798\/revisions"}],"wp:attachment":[{"href":"https:\/\/www.urbinavolant.com\/verbavolant\/index.php\/wp-json\/wp\/v2\/media?parent=1798"}],"wp:term":[{"taxonomy":"category","embeddable":true,"href":"https:\/\/www.urbinavolant.com\/verbavolant\/index.php\/wp-json\/wp\/v2\/categories?post=1798"},{"taxonomy":"post_tag","embeddable":true,"href":"https:\/\/www.urbinavolant.com\/verbavolant\/index.php\/wp-json\/wp\/v2\/tags?post=1798"}],"curies":[{"name":"wp","href":"https:\/\/api.w.org\/{rel}","templated":true}]}}