{"id":1855,"date":"2009-09-02T13:53:07","date_gmt":"2009-09-02T11:53:07","guid":{"rendered":"http:\/\/www.urbinavolant.com\/verbavolant\/?p=1855"},"modified":"2010-08-10T09:45:27","modified_gmt":"2010-08-10T07:45:27","slug":"los-malos-son-los-mejores-8-y-otras-cuestiones","status":"publish","type":"post","link":"https:\/\/www.urbinavolant.com\/verbavolant\/index.php\/2009\/09\/02\/los-malos-son-los-mejores-8-y-otras-cuestiones\/","title":{"rendered":"Los malos son los mejores #8&#8230; y otras cuestiones"},"content":{"rendered":"<p style=\"text-align: center;\"><a href=\"http:\/\/agaudi.wordpress.com\/2008\/04\/21\/jessica-rabbit\/\"><img data-recalc-dims=\"1\" loading=\"lazy\" decoding=\"async\" src=\"https:\/\/i0.wp.com\/www.urbinavolant.com\/verbavolant\/wp-content\/uploads\/2009\/09\/jessicarabbit.jpg?resize=460%2C429&#038;ssl=1\" class=\"aligncenter size-full wp-image-1856\" title=\"jessicarabbit\" alt=\"jessicarabbit\" width=\"460\" height=\"429\" srcset=\"https:\/\/i0.wp.com\/www.urbinavolant.com\/verbavolant\/wp-content\/uploads\/2009\/09\/jessicarabbit.jpg?w=460&amp;ssl=1 460w, https:\/\/i0.wp.com\/www.urbinavolant.com\/verbavolant\/wp-content\/uploads\/2009\/09\/jessicarabbit.jpg?resize=300%2C279&amp;ssl=1 300w\" sizes=\"auto, (max-width: 460px) 100vw, 460px\" \/><\/a><\/p>\n<p style=\"text-align: justify;\">Siempre me lamento de no ser \u00abm\u00e1s malo\u00bb, que no peor. Me queda el gusanillo dentro. Mi serie de \u00abLos malos son los mejores\u00bb me resarce de mis carencias, me pone a tono con el mundo y me equipara a lo malo-mal\u00edsimo que nos ampara m\u00e1s para fuera, pero tambi\u00e9n para nuestro interior, que acecha sin que nos demos cuenta. Ser malo nos protege de las inclemencias, de los temperamentos. Si son buenos, para que se jodan; si son malos, para ganar la carrera de la perversidad.<\/p>\n<p style=\"text-align: justify;\">En mi todav\u00eda reducida cuenta de modelos dignos de elogio, me hab\u00eda olvidado yo de la <em>femme fatale<\/em>, esta mujer que le mira al protagonistas de las novelas y las pel\u00edculas de cine negro un poco de trav\u00e9s, entre peligrosa, inocente y astuta, y de la que el sujeto se enamorar\u00e1 hasta las trancas. Mujeres que son malas pero que no lo parecen, o que lo parecen y lo son, pero siempre definidas por la belleza, por la elegancia y por ser much\u00edsimo m\u00e1s astutas que los hombres, tan incautos ellos, que se dejan enga\u00f1ar, que quieren ser enga\u00f1ados o, simplemente, que las contemplan como las vacas al ver pasar el tren.<\/p>\n<p style=\"text-align: justify;\">El otro d\u00eda revisit\u00e9 <a title=\"Double Indemnity, de Willy Wilder\" href=\"http:\/\/www.imdb.com\/title\/tt0036775\/\" target=\"_blank\"><em>Perdici\u00f3n<\/em><\/a>, una pel\u00edcula de las \u00e9pocas a\u00f1oradas en las que el Cine se escrib\u00eda sin may\u00fasculas y le volv\u00ed a dar un par de vueltas al asunto. Walter Neff (Fred MacMurray) se las da de listo para buscar el modelo de asesinato m\u00e1s rentable, mientras Phyllips (Barbara Stanwyck) ya le hab\u00eda dado las vueltas por anticipado para d\u00e1rselas a Neff con queso. Pero querr\u00eda hoy recordar a una mala-mal\u00edsima que recupera la esencia de la <em>femme fatale<\/em> hasta las \u00faltimas consecuencias. Se trata, c\u00f3mo no, de Jessica, la bell\u00edsima <em>dibu<\/em> de <a title=\"Who Framed Roger Rabbit?\" href=\"http:\/\/www.imdb.com\/title\/tt0096438\/\" target=\"_blank\"><em>\u00bfQui\u00e9n enga\u00f1\u00f3 a Roger Rabbit?<\/em><\/a> tiene una de las mejores frases de la historia del cine, para mi gusto: \u00abYo no soy mala, es que me han dibujado as\u00ed\u00bb (tiene otra m\u00e1s sical\u00edptica, que recordamos al lado cerdete de los lectores del blog: \u00ab\u00bfTienes un conejo escondido en la gabardina o es que te alegras de verme?\u00bb).<\/p>\n<p style=\"text-align: justify;\">Y el \u00abes que me han dibujado as\u00ed\u00bb me lleva a enlazar con las \u00abotras cuestiones\u00bb. La identidad de Chipir\u00f3n Negro ha sido atribuida a diferentes personas. Se han establecido cotejos, an\u00e1lisis psicol\u00f3gicos, evidencias, marcas de nacimiento y &#8211;casi, casi&#8211; an\u00e1lisis gen\u00e9ticos. Ante ellos, creo que ya dije en una ocasi\u00f3n que yo poco pod\u00eda decir que no hubiese dicho Flaubert. Cuando al escritor franc\u00e9s le preguntaron qui\u00e9n era madame Bovary, no dud\u00f3 en contestar: \u00abMadame Bovary soy yo\u00bb. Y s\u00ed, Chipir\u00f3n Negro soy yo en la medida en la que yo filtro sus mensajes, la pongo en una entrada y no en otra, omito muchas cosas que dice y otras las cambio de orden. Es mi obligaci\u00f3n como autor y &#8211;casi siempre&#8211; narrador de este blog. Para los chipironnegroesc\u00e9pticos, vuelvo a repetir que tiene una existencia real y efectiva que est\u00e1 fuera de m\u00ed mismo. Lo que ya no s\u00e9 es si tiene veinticuatro u ochenta y tres a\u00f1os, si es analista financiera, dise\u00f1adora gr\u00e1fica o, simplemente, es un viajante de g\u00e9neros textiles de Sabadell.<\/p>\n<p style=\"text-align: justify;\">Si mi opini\u00f3n vale de algo &#8211;y, en este caso, es tan v\u00e1lida como la de cualquiera&#8211;, creo que Chipir\u00f3n es una mujer. Coincido con Yago en que tiene pinta de ser lista o, por lo menos, muy observadora de peque\u00f1os detalles. Y no s\u00e9 nada m\u00e1s, ni nada menos.<\/p>\n<p style=\"text-align: justify;\">Por lo tanto, yo me he encargado de \u00abdibujar\u00bb a este personaje, que tiene su trasunto en el mundo real (o todo lo real que es el mundo cibern\u00e9tico). Y, por \u00faltimo, os preguntar\u00e9is por qu\u00e9 hablar de Chipir\u00f3n al hablar de las <em>femmes fatales<\/em>, y yo s\u00f3lo puedo decir que no lo s\u00e9, la dibuj\u00e9 as\u00ed. Pero tiene pinta de tener un lado oscuro, que es el que saca a pasear en\/con este blog. Pero seguro que, m\u00e1s all\u00e1 del c\u00f3digo binario, tiene un corazoncito que late al mismo ritmo que el del resto de los mortales&#8230; y una sonrisa p\u00edcara que piense: \u00abGarbanzo negro, siempre est\u00e1s equivocado\u00bb.<\/p>\n<p style=\"text-align: justify;\">(La ilustraci\u00f3n pertenece a Tim O&#8217;Brien, v\u00eda <a href=\"http:\/\/agaudi.wordpress.com\/2008\/04\/21\/jessica-rabbit\/\" target=\"_blank\"><em>Pasa la vida<\/em><\/a>)<\/p>\n","protected":false},"excerpt":{"rendered":"<p>Siempre me lamento de no ser \u00abm\u00e1s malo\u00bb, que no peor. Me queda el gusanillo dentro. Mi serie de \u00abLos malos son los mejores\u00bb me resarce de mis carencias, me pone a tono con el mundo y me equipara a lo malo-mal\u00edsimo que nos ampara m\u00e1s para fuera, pero tambi\u00e9n para nuestro interior, que acecha &#8230; <a title=\"Los malos son los mejores #8&#8230; y otras cuestiones\" class=\"read-more\" href=\"https:\/\/www.urbinavolant.com\/verbavolant\/index.php\/2009\/09\/02\/los-malos-son-los-mejores-8-y-otras-cuestiones\/\" aria-label=\"Leer m\u00e1s sobre Los malos son los mejores #8&#8230; y otras cuestiones\">Leer m\u00e1s<\/a><\/p>\n","protected":false},"author":1,"featured_media":0,"comment_status":"open","ping_status":"open","sticky":false,"template":"","format":"standard","meta":{"_monsterinsights_skip_tracking":false,"_monsterinsights_sitenote_active":false,"_monsterinsights_sitenote_note":"","_monsterinsights_sitenote_category":0,"_kadence_starter_templates_imported_post":false,"jetpack_post_was_ever_published":false,"_jetpack_newsletter_access":"","_jetpack_dont_email_post_to_subs":false,"_jetpack_newsletter_tier_id":0,"_jetpack_memberships_contains_paywalled_content":false,"_jetpack_memberships_contains_paid_content":false,"footnotes":"","jetpack_publicize_message":"","jetpack_publicize_feature_enabled":true,"jetpack_social_post_already_shared":false,"jetpack_social_options":{"image_generator_settings":{"template":"highway","default_image_id":0,"font":"","enabled":false},"version":2}},"categories":[4,80,7],"tags":[134],"class_list":["post-1855","post","type-post","status-publish","format-standard","hentry","category-blog","category-chipiron-negro","category-malos","tag-los-malos-son-los-mejores"],"jetpack_publicize_connections":[],"jetpack_featured_media_url":"","jetpack_shortlink":"https:\/\/wp.me\/pLsVN-tV","jetpack_sharing_enabled":true,"_links":{"self":[{"href":"https:\/\/www.urbinavolant.com\/verbavolant\/index.php\/wp-json\/wp\/v2\/posts\/1855","targetHints":{"allow":["GET"]}}],"collection":[{"href":"https:\/\/www.urbinavolant.com\/verbavolant\/index.php\/wp-json\/wp\/v2\/posts"}],"about":[{"href":"https:\/\/www.urbinavolant.com\/verbavolant\/index.php\/wp-json\/wp\/v2\/types\/post"}],"author":[{"embeddable":true,"href":"https:\/\/www.urbinavolant.com\/verbavolant\/index.php\/wp-json\/wp\/v2\/users\/1"}],"replies":[{"embeddable":true,"href":"https:\/\/www.urbinavolant.com\/verbavolant\/index.php\/wp-json\/wp\/v2\/comments?post=1855"}],"version-history":[{"count":0,"href":"https:\/\/www.urbinavolant.com\/verbavolant\/index.php\/wp-json\/wp\/v2\/posts\/1855\/revisions"}],"wp:attachment":[{"href":"https:\/\/www.urbinavolant.com\/verbavolant\/index.php\/wp-json\/wp\/v2\/media?parent=1855"}],"wp:term":[{"taxonomy":"category","embeddable":true,"href":"https:\/\/www.urbinavolant.com\/verbavolant\/index.php\/wp-json\/wp\/v2\/categories?post=1855"},{"taxonomy":"post_tag","embeddable":true,"href":"https:\/\/www.urbinavolant.com\/verbavolant\/index.php\/wp-json\/wp\/v2\/tags?post=1855"}],"curies":[{"name":"wp","href":"https:\/\/api.w.org\/{rel}","templated":true}]}}