{"id":2480,"date":"2010-04-27T22:01:45","date_gmt":"2010-04-27T20:01:45","guid":{"rendered":"http:\/\/www.urbinavolant.com\/verbavolant\/?p=2480"},"modified":"2010-04-27T22:04:12","modified_gmt":"2010-04-27T20:04:12","slug":"los-corredores-de-fondo-y-la-libertad","status":"publish","type":"post","link":"https:\/\/www.urbinavolant.com\/verbavolant\/index.php\/2010\/04\/27\/los-corredores-de-fondo-y-la-libertad\/","title":{"rendered":"Los corredores de fondo y la libertad"},"content":{"rendered":"<p style=\"text-align: center;\"><a href=\"http:\/\/www.flickr.com\/photos\/hamed\/258971456\/\"><img data-recalc-dims=\"1\" loading=\"lazy\" decoding=\"async\" src=\"https:\/\/i0.wp.com\/www.urbinavolant.com\/verbavolant\/wp-content\/uploads\/2010\/04\/runner.jpg?resize=500%2C500&#038;ssl=1\" class=\"aligncenter size-full wp-image-2481\" title=\"runner\" alt=\"Runner\" width=\"500\" height=\"500\" srcset=\"https:\/\/i0.wp.com\/www.urbinavolant.com\/verbavolant\/wp-content\/uploads\/2010\/04\/runner.jpg?w=500&amp;ssl=1 500w, https:\/\/i0.wp.com\/www.urbinavolant.com\/verbavolant\/wp-content\/uploads\/2010\/04\/runner.jpg?resize=150%2C150&amp;ssl=1 150w, https:\/\/i0.wp.com\/www.urbinavolant.com\/verbavolant\/wp-content\/uploads\/2010\/04\/runner.jpg?resize=300%2C300&amp;ssl=1 300w, https:\/\/i0.wp.com\/www.urbinavolant.com\/verbavolant\/wp-content\/uploads\/2010\/04\/runner.jpg?resize=50%2C50&amp;ssl=1 50w\" sizes=\"auto, (max-width: 500px) 100vw, 500px\" \/><\/a><\/p>\n<p style=\"text-align: justify;\"><a href=\"http:\/\/www.elpais.com\/articulo\/Necrologicas\/Alan\/Sillitoe\/autor\/soledad\/corredor\/fondo\/elpeputec\/20100427elpepinec_3\/Tes\" target=\"_blank\">Me acabo de enterar<\/a> de que el pasado d\u00eda 25 muri\u00f3 <a href=\"http:\/\/en.wikipedia.org\/wiki\/Alan_Sillitoe\" target=\"_blank\">Alan Sillitoe<\/a>. Sillitoe, en su novela <em>La soledad del corredor de fondo<\/em>, me ense\u00f1\u00f3, antes de correr maratones, que los corredores de fondo sienten a partes iguales dos sentimientos intercambiables: la soledad; la libertad. Las zancadas. El sudor. La respiraci\u00f3n fuerte pero acompasada. Y todo un horizonte hacia el que mirar.<\/p>\n<p style=\"text-align: justify;\">(Imagen de <a href=\"http:\/\/www.flickr.com\/photos\/hamed\/258971456\/\" target=\"_blank\">Hamed Saber<\/a>.)<\/p>\n","protected":false},"excerpt":{"rendered":"<p>Me acabo de enterar de que el pasado d\u00eda 25 muri\u00f3 Alan Sillitoe. Sillitoe, en su novela La soledad del corredor de fondo, me ense\u00f1\u00f3, antes de correr maratones, que los corredores de fondo sienten a partes iguales dos sentimientos intercambiables: la soledad; la libertad. Las zancadas. El sudor. La respiraci\u00f3n fuerte pero acompasada. Y &#8230; <a title=\"Los corredores de fondo y la libertad\" class=\"read-more\" href=\"https:\/\/www.urbinavolant.com\/verbavolant\/index.php\/2010\/04\/27\/los-corredores-de-fondo-y-la-libertad\/\" aria-label=\"Leer m\u00e1s sobre Los corredores de fondo y la libertad\">Leer m\u00e1s<\/a><\/p>\n","protected":false},"author":1,"featured_media":0,"comment_status":"open","ping_status":"open","sticky":false,"template":"","format":"standard","meta":{"_monsterinsights_skip_tracking":false,"_monsterinsights_sitenote_active":false,"_monsterinsights_sitenote_note":"","_monsterinsights_sitenote_category":0,"_kadence_starter_templates_imported_post":false,"jetpack_post_was_ever_published":false,"_jetpack_newsletter_access":"","_jetpack_dont_email_post_to_subs":false,"_jetpack_newsletter_tier_id":0,"_jetpack_memberships_contains_paywalled_content":false,"_jetpack_memberships_contains_paid_content":false,"footnotes":"","jetpack_publicize_message":"","jetpack_publicize_feature_enabled":true,"jetpack_social_post_already_shared":false,"jetpack_social_options":{"image_generator_settings":{"template":"highway","default_image_id":0,"font":"","enabled":false},"version":2}},"categories":[30,65],"tags":[],"class_list":["post-2480","post","type-post","status-publish","format-standard","hentry","category-muerte","category-sentido"],"jetpack_publicize_connections":[],"jetpack_featured_media_url":"","jetpack_shortlink":"https:\/\/wp.me\/pLsVN-E0","jetpack_sharing_enabled":true,"_links":{"self":[{"href":"https:\/\/www.urbinavolant.com\/verbavolant\/index.php\/wp-json\/wp\/v2\/posts\/2480","targetHints":{"allow":["GET"]}}],"collection":[{"href":"https:\/\/www.urbinavolant.com\/verbavolant\/index.php\/wp-json\/wp\/v2\/posts"}],"about":[{"href":"https:\/\/www.urbinavolant.com\/verbavolant\/index.php\/wp-json\/wp\/v2\/types\/post"}],"author":[{"embeddable":true,"href":"https:\/\/www.urbinavolant.com\/verbavolant\/index.php\/wp-json\/wp\/v2\/users\/1"}],"replies":[{"embeddable":true,"href":"https:\/\/www.urbinavolant.com\/verbavolant\/index.php\/wp-json\/wp\/v2\/comments?post=2480"}],"version-history":[{"count":0,"href":"https:\/\/www.urbinavolant.com\/verbavolant\/index.php\/wp-json\/wp\/v2\/posts\/2480\/revisions"}],"wp:attachment":[{"href":"https:\/\/www.urbinavolant.com\/verbavolant\/index.php\/wp-json\/wp\/v2\/media?parent=2480"}],"wp:term":[{"taxonomy":"category","embeddable":true,"href":"https:\/\/www.urbinavolant.com\/verbavolant\/index.php\/wp-json\/wp\/v2\/categories?post=2480"},{"taxonomy":"post_tag","embeddable":true,"href":"https:\/\/www.urbinavolant.com\/verbavolant\/index.php\/wp-json\/wp\/v2\/tags?post=2480"}],"curies":[{"name":"wp","href":"https:\/\/api.w.org\/{rel}","templated":true}]}}