{"id":2628,"date":"2010-07-30T17:33:38","date_gmt":"2010-07-30T15:33:38","guid":{"rendered":"http:\/\/www.urbinavolant.com\/verbavolant\/?p=2628"},"modified":"2010-07-30T17:33:38","modified_gmt":"2010-07-30T15:33:38","slug":"de-toros-y-sufrimientos-e-intensidades-con-breves-referencias-a-otros-animales-de-diferentes-tamanos","status":"publish","type":"post","link":"https:\/\/www.urbinavolant.com\/verbavolant\/index.php\/2010\/07\/30\/de-toros-y-sufrimientos-e-intensidades-con-breves-referencias-a-otros-animales-de-diferentes-tamanos\/","title":{"rendered":"De toros y sufrimientos e intensidades, con breves referencias a otros animales de diferentes tama\u00f1os"},"content":{"rendered":"<p style=\"text-align: center;\"><a href=\"http:\/\/www.flickr.com\/photos\/didier57\/3752466260\/\"><img data-recalc-dims=\"1\" loading=\"lazy\" decoding=\"async\" src=\"https:\/\/i0.wp.com\/www.urbinavolant.com\/verbavolant\/wp-content\/uploads\/2010\/07\/Captura-de-pantalla-2010-07-30-a-las-17.31.09.png?resize=514%2C339&#038;ssl=1\" alt=\"Captura De Pantalla 2010 07 30 A Las 17 31 09\" class=\"aligncenter size-full wp-image-2629\" title=\"Mosca\" alt=\"\" width=\"514\" height=\"339\" srcset=\"https:\/\/i0.wp.com\/www.urbinavolant.com\/verbavolant\/wp-content\/uploads\/2010\/07\/Captura-de-pantalla-2010-07-30-a-las-17.31.09.png?w=642&amp;ssl=1 642w, https:\/\/i0.wp.com\/www.urbinavolant.com\/verbavolant\/wp-content\/uploads\/2010\/07\/Captura-de-pantalla-2010-07-30-a-las-17.31.09.png?resize=300%2C198&amp;ssl=1 300w\" sizes=\"auto, (max-width: 514px) 100vw, 514px\" \/><\/a><\/p>\n<p style=\"text-align: justify;\">Esta entrada no pretende realizar un an\u00e1lisis exhaustivo y sesudo sobre el asunto de la prohibici\u00f3n de las corridas de toros en Catalu\u00f1a, sino un breve acopio de pensamientos varios sobre estas cuestiones. As\u00ed que no espere nadie sistema, ni reflexi\u00f3n metaf\u00edsica.<\/p>\n<p style=\"text-align: justify;\">A lo largo de mi vida, he tenido sensaciones encontradas y contradictorias en lo que a corridas de toros se refiere. A mi padre le gustaban y me fui contagiando el gusto por este espect\u00e1culo. Todav\u00eda recuerdo el momento emotivo de compartir el pago de una plataforma de televisi\u00f3n de pago para sentarnos mano a mano a degustar la Feria de San Isidro. Con los toros creo que pasa como con el boxeo, por muy diferentes que sean los dos espect\u00e1culos: pasados por el filtro de la raz\u00f3n, probablemente sean actividades crueles y sangrientas; pero, con la emoci\u00f3n vibrando y el coraz\u00f3n como \u00f3rgano rector de las impulsividades, es dif\u00edcil para muchas personas no sentirse seducidos por la magia de un tipo plantado ante un toro bien juntito y desafiando a todo para crear belleza.<\/p>\n<p style=\"text-align: justify;\">Los a\u00f1os pasaron y dej\u00e9 de sentir esas emociones. \u00a0Probablemente segu\u00eda sintiendo esas mismas cosas, pero fui enfocando mi visi\u00f3n tambi\u00e9n hacia el lado hediondo y dolorido de la Fiesta. No fue deliberado, ni ten\u00eda un ideario en mente, ni quise pasar de la apolog\u00eda de algo a su destrucci\u00f3n. Pas\u00f3, simplemente. Y un servidor, que iba siempre a m\u00e1s de un espect\u00e1culo taurino al a\u00f1o y que era un fijo delante de la televisi\u00f3n, dej\u00f3 plantado al espect\u00e1culo.<\/p>\n<p style=\"text-align: justify;\">Escribo esta entrada tanto por la persona que fui como por la que soy ahora para preguntarme qu\u00e9 es lo que ha pasado ahora, con la prohibici\u00f3n de los toros en Catalu\u00f1a. Mienten todos aquellos que dicen que no existen cuestiones pol\u00edticas, porque en esta vida todo es pol\u00edtica, por propia esencia y por etimolog\u00eda. No desgajamos nunca nuestras decisiones haci\u00e9ndolas as\u00e9pticas, sino que \u00e9stas siempre est\u00e1n contextualizadas e insertadas en un marco determinado, sea \u00e9ste el que fuere. Y no critico esa decisi\u00f3n del Parlament catal\u00e1n ni dejo de hacerlo. Ha habido una recogida de firmas, se aceptado una moci\u00f3n y se ha realizado una votaci\u00f3n. Cada uno ha votado seg\u00fan unos principios, lo mismo que cada uno de nosotros, de haber podido, habr\u00eda votado esto o lo otro. Se han contado los votos y ha salido lo que ha salido. Y como todas las votaciones que existen en torno a instituciones democr\u00e1ticas, nos gustan m\u00e1s o menos o las creemos bien o malintencionadas.<\/p>\n<p style=\"text-align: justify;\">Pensemos por un momento en que esa decisi\u00f3n se haya debido a cuestiones referentes con el maltrato a los animales. Est\u00e1 claro que la sociedad ha ido incorporando unos sentimientos muy diferentes a los de hace a\u00f1os respecto a los derechos de los animales: recuerdo c\u00f3mo en las fiestas del colegio de los jesuitas de Burgos, cuando yo deb\u00eda de tener unos ocho a\u00f1os, nos amenizaron con una pelea de gallos. A nadie le extra\u00f1\u00f3, del mismo modo que era habitual por parte de alguno de mis compa\u00f1eros (a m\u00ed nunca me gust\u00f3) matar a pedradas a perros o gatos, ahogar ratas y otras actividades l\u00fadico-festivas. Hoy alguna de estas pr\u00e1cticas (\u00bfpor qu\u00e9 otras no?) est\u00e1n afortunadamente penalizadas.<\/p>\n<p style=\"text-align: justify;\">Supongamos, pues, que hablamos de dolor y de animales. Est\u00e1 claro que la muerte es un hito suficientemente poderoso como para ser esgrimido como argumento, pero no llego a entender por qu\u00e9 esos mismos que deciden lo hacen s\u00f3lo parcialmente y no luchan por el maltrato a los animales de otras formas e intensidades. Se est\u00e1 en contra de los toros y se esgrime el argumento de si a cualquiera de nosotros le gustar\u00eda que le clavaran una puya, unas banderillas y le remataran con un estoque, todo ello aderezado con unos vaivenes a ritmo de capa. La respuesta es obvia. Pero no entiendo por qu\u00e9 no nos preguntan si nos gustar\u00eda que nos pusiesen unas antorchas con fuego en la cabeza y, ensogados o no, estuvi\u00e9semos a merced de una muchedumbre ansiosa de juerga.<\/p>\n<p style=\"text-align: justify;\">En el caso que acabo de apuntar, hablamos de intensidades. Pero hay una cuesti\u00f3n muy tonta que a m\u00ed me preocupa sobremanera, que es la cuesti\u00f3n del tama\u00f1o. Y la pregunta es muy tonta: \u00bfcu\u00e1l es el tama\u00f1o que tiene que tener un animal para que nos importe? O igual es cuesti\u00f3n de reinos animales y el asunto es defender m\u00e1s a los mam\u00edferos que a otras especies, no s\u00e9. Pero sigo con lo de la pregunta tonta: \u00bfno sufre una mosca con los envites de un pl\u00e1stico que la espachurra? \u00bfNo le aterra el acorralarla con las cortinas hasta o\u00edr un crujido? \u00bfNo es acoso con resultado de muerte el pulverizarla con veneno? Y ah\u00ed viene otra pregunta tonta: \u00bfsufren los insectos con nuestros acosos y veleidades? Y otra m\u00e1s tonta todav\u00eda: \u00bfnos gustar\u00eda que hicieran lo mismo a nosotros?<\/p>\n<p style=\"text-align: justify;\">Es un supuesto muy tonto e ingenuo. Lo s\u00e9. Pero no puedo evitarlo. \u00bfAlguien tiene lista la hoja de firmas?<\/p>\n<p style=\"text-align: justify;\">(Imagen de <a href=\"http:\/\/www.flickr.com\/photos\/didier57\/3752466260\/\" target=\"_blank\">Didier Bier<\/a>.)<\/p>\n","protected":false},"excerpt":{"rendered":"<p>Esta entrada no pretende realizar un an\u00e1lisis exhaustivo y sesudo sobre el asunto de la prohibici\u00f3n de las corridas de toros en Catalu\u00f1a, sino un breve acopio de pensamientos varios sobre estas cuestiones. As\u00ed que no espere nadie sistema, ni reflexi\u00f3n metaf\u00edsica. A lo largo de mi vida, he tenido sensaciones encontradas y contradictorias en &#8230; <a title=\"De toros y sufrimientos e intensidades, con breves referencias a otros animales de diferentes tama\u00f1os\" class=\"read-more\" href=\"https:\/\/www.urbinavolant.com\/verbavolant\/index.php\/2010\/07\/30\/de-toros-y-sufrimientos-e-intensidades-con-breves-referencias-a-otros-animales-de-diferentes-tamanos\/\" aria-label=\"Leer m\u00e1s sobre De toros y sufrimientos e intensidades, con breves referencias a otros animales de diferentes tama\u00f1os\">Leer m\u00e1s<\/a><\/p>\n","protected":false},"author":1,"featured_media":0,"comment_status":"open","ping_status":"open","sticky":false,"template":"","format":"standard","meta":{"_monsterinsights_skip_tracking":false,"_monsterinsights_sitenote_active":false,"_monsterinsights_sitenote_note":"","_monsterinsights_sitenote_category":0,"_kadence_starter_templates_imported_post":false,"jetpack_post_was_ever_published":false,"_jetpack_newsletter_access":"","_jetpack_dont_email_post_to_subs":false,"_jetpack_newsletter_tier_id":0,"_jetpack_memberships_contains_paywalled_content":false,"_jetpack_memberships_contains_paid_content":false,"footnotes":"","jetpack_publicize_message":"","jetpack_publicize_feature_enabled":true,"jetpack_social_post_already_shared":false,"jetpack_social_options":{"image_generator_settings":{"template":"highway","default_image_id":0,"font":"","enabled":false},"version":2}},"categories":[44,30],"tags":[],"class_list":["post-2628","post","type-post","status-publish","format-standard","hentry","category-comparaciones","category-muerte"],"jetpack_publicize_connections":[],"jetpack_featured_media_url":"","jetpack_shortlink":"https:\/\/wp.me\/pLsVN-Go","jetpack_sharing_enabled":true,"_links":{"self":[{"href":"https:\/\/www.urbinavolant.com\/verbavolant\/index.php\/wp-json\/wp\/v2\/posts\/2628","targetHints":{"allow":["GET"]}}],"collection":[{"href":"https:\/\/www.urbinavolant.com\/verbavolant\/index.php\/wp-json\/wp\/v2\/posts"}],"about":[{"href":"https:\/\/www.urbinavolant.com\/verbavolant\/index.php\/wp-json\/wp\/v2\/types\/post"}],"author":[{"embeddable":true,"href":"https:\/\/www.urbinavolant.com\/verbavolant\/index.php\/wp-json\/wp\/v2\/users\/1"}],"replies":[{"embeddable":true,"href":"https:\/\/www.urbinavolant.com\/verbavolant\/index.php\/wp-json\/wp\/v2\/comments?post=2628"}],"version-history":[{"count":0,"href":"https:\/\/www.urbinavolant.com\/verbavolant\/index.php\/wp-json\/wp\/v2\/posts\/2628\/revisions"}],"wp:attachment":[{"href":"https:\/\/www.urbinavolant.com\/verbavolant\/index.php\/wp-json\/wp\/v2\/media?parent=2628"}],"wp:term":[{"taxonomy":"category","embeddable":true,"href":"https:\/\/www.urbinavolant.com\/verbavolant\/index.php\/wp-json\/wp\/v2\/categories?post=2628"},{"taxonomy":"post_tag","embeddable":true,"href":"https:\/\/www.urbinavolant.com\/verbavolant\/index.php\/wp-json\/wp\/v2\/tags?post=2628"}],"curies":[{"name":"wp","href":"https:\/\/api.w.org\/{rel}","templated":true}]}}