{"id":2755,"date":"2010-10-11T18:02:18","date_gmt":"2010-10-11T16:02:18","guid":{"rendered":"http:\/\/www.urbinavolant.com\/verbavolant\/?p=2755"},"modified":"2010-10-11T18:02:18","modified_gmt":"2010-10-11T16:02:18","slug":"realidad-muerte","status":"publish","type":"post","link":"https:\/\/www.urbinavolant.com\/verbavolant\/index.php\/2010\/10\/11\/realidad-muerte\/","title":{"rendered":"Realidad. Muerte"},"content":{"rendered":"<p style=\"text-align: center;\"><a class=\"tt-flickr tt-flickr-Medium\" title=\"Embalaje\" href=\"http:\/\/www.flickr.com\/photos\/urbinavolant\/4937472872\/\"><img data-recalc-dims=\"1\" loading=\"lazy\" decoding=\"async\" src=\"https:\/\/i0.wp.com\/farm5.static.flickr.com\/4114\/4937472872_e1099860d3.jpg?resize=375%2C500\" title=\"4937472872 E1099860d3\" class=\"aligncenter\" alt=\"Embalaje\" width=\"375\" height=\"500\" \/><\/a><\/p>\n<p style=\"text-align: justify;\">Iba a escribir una entrada con este tema hace unos d\u00edas que entroncaba con otra, titulada <a href=\"http:\/\/www.urbinavolant.com\/verbavolant\/index.php\/2008\/04\/01\/mueren-nuestros-suenos\/\" target=\"_blank\">\u00ab\u00bfMueren nuestros sue\u00f1os?\u00bb<\/a>. En ella pensaba extenderme sobre el asunto de la muerte de los grandes actores, que dejan hu\u00e9rfana la vida de nuestros sue\u00f1os. El pasado 29 de septiembre <a href=\"http:\/\/www.elpais.com\/articulo\/cultura\/Muere\/Tony\/Curtis\/protagonista\/galan\/faldas\/loco\/elpepucul\/20100930elpepucul_2\/Tes\" target=\"_blank\">se nos iba<\/a> <a href=\"http:\/\/www.imdb.com\/name\/nm0000348\/\" target=\"_blank\">Toni Curtis<\/a> y, con \u00e9l, se apagaba, una vez m\u00e1s, la posibilidad de ver repetido el sue\u00f1o de\u00a0Hollywood. Como tantas otras veces, podremos repetir y repetir los grandes momentos que vivimos no s\u00f3lo con <em><a href=\"http:\/\/www.imdb.com\/title\/tt0053291\/\" target=\"_blank\">Con faldas y a lo loco<\/a><\/em>, sino con <a href=\"http:\/\/www.imdb.com\/title\/tt0062755\/\" target=\"_blank\"><em>El estrangulador de Boston<\/em><\/a>, <em><a href=\"http:\/\/www.imdb.com\/title\/tt0059243\/\" target=\"_blank\">La carrera del siglo<\/a><\/em>, \u00a0<em><a href=\"http:\/\/www.imdb.com\/title\/tt0054331\/\" target=\"_blank\">Espartaco<\/a><\/em>, <em><a href=\"http:\/\/www.imdb.com\/title\/tt0052365\/\" target=\"_blank\">Los vikingos<\/a> <\/em>o <em><a href=\"http:\/\/www.imdb.com\/title\/tt0049875\/\" target=\"_blank\">Trapecio<\/a><\/em>.<\/p>\n<p style=\"text-align: justify;\">La ventaja que tienen los actores, para nosotros, que no somos pr\u00f3ximos a ellos, es que podemos verles renacer en sus trabajos. Podemos volver a so\u00f1ar en el presente gracias al pasado. Pero hay otros acontecimientos vitales acaecidos en las \u00faltimas semanas que me han obligado a escribir esta entrada con otro signo muy distinto. Conozco lo que es vivir de cerca la muerte de los seres queridos. Desgraciadamente, el espanto de la muerte me toc\u00f3 cuando ten\u00eda doce a\u00f1os y he pasado, adem\u00e1s, por la muerte de mis padres. Es la muerte vivida de cerca (nunca en primera persona, porque esa ser\u00e1 la nuestra). Pero dec\u00eda que en las \u00faltimas semanas la muerte se ha cebado con familias amigas. Pese a la edad (o a consecuencia de ella), se nos fue primero el padre de uno de mis mejores amigos. Luego se nos fue \u00c1ngel, que era algo m\u00e1s que alguien cercano, porque no pertenec\u00eda a mi sangre pero es lo que m\u00e1s cerca est\u00e1 a ella. Los dos eran personas que hab\u00edan vivido y, por lo tanto, tienen todo el r\u00e9dito de la experiencia que dejaron en el mundo. A los dos los conoc\u00ed hace much\u00edsimos a\u00f1os y, por lo tanto, uno tiene el derecho de considerarlos como algo suyo.\u00a0<span style=\"font-size: 13.3333px;\">En las muertes reales s\u00f3lo cabe el recurso a la memoria y, por supuesto, a la huella profunda que dejaron en la vida de los que vivieron con ellos.<\/span><\/p>\n<p style=\"text-align: justify;\"><span style=\"font-size: 13.3333px;\">Otra muerte, de la que me he enterado esta misma ma\u00f1ana, es la de una chica jovenc\u00edsima, que sufri\u00f3 su enfermedad con un aplomo digno de encomio. Viv\u00eda con la ilusi\u00f3n de superarse y no se resignaba a nada. Exprim\u00eda su vida con ilusi\u00f3n y no deca\u00eda en el empe\u00f1o de seguir. \u00a0En este caso, la prontitud de la muerte desgarra por su injusticia y su adelanto a la l\u00f3gica interna de nuestro reloj definitivo.<\/span><\/p>\n<p style=\"text-align: justify;\"><span style=\"font-size: 13.3333px;\">La muerte se empe\u00f1a en demostrarnos en que somos mortales, pese a quien pese y pase a quien pase. Y, ante ella, cuando no hay sue\u00f1os, s\u00f3lo nos quedan los recuerdos. Va por ellos.<\/span><\/p>\n","protected":false},"excerpt":{"rendered":"<p>Iba a escribir una entrada con este tema hace unos d\u00edas que entroncaba con otra, titulada \u00ab\u00bfMueren nuestros sue\u00f1os?\u00bb. En ella pensaba extenderme sobre el asunto de la muerte de los grandes actores, que dejan hu\u00e9rfana la vida de nuestros sue\u00f1os. El pasado 29 de septiembre se nos iba Toni Curtis y, con \u00e9l, se &#8230; <a title=\"Realidad. Muerte\" class=\"read-more\" href=\"https:\/\/www.urbinavolant.com\/verbavolant\/index.php\/2010\/10\/11\/realidad-muerte\/\" aria-label=\"Leer m\u00e1s sobre Realidad. Muerte\">Leer m\u00e1s<\/a><\/p>\n","protected":false},"author":1,"featured_media":0,"comment_status":"open","ping_status":"open","sticky":false,"template":"","format":"standard","meta":{"_monsterinsights_skip_tracking":false,"_monsterinsights_sitenote_active":false,"_monsterinsights_sitenote_note":"","_monsterinsights_sitenote_category":0,"_kadence_starter_templates_imported_post":false,"jetpack_post_was_ever_published":false,"_jetpack_newsletter_access":"","_jetpack_dont_email_post_to_subs":false,"_jetpack_newsletter_tier_id":0,"_jetpack_memberships_contains_paywalled_content":false,"_jetpack_memberships_contains_paid_content":false,"footnotes":"","jetpack_publicize_message":"","jetpack_publicize_feature_enabled":true,"jetpack_social_post_already_shared":false,"jetpack_social_options":{"image_generator_settings":{"template":"highway","default_image_id":0,"font":"","enabled":false},"version":2}},"categories":[37,61,30],"tags":[],"class_list":["post-2755","post","type-post","status-publish","format-standard","hentry","category-abismo","category-laberintos","category-muerte"],"jetpack_publicize_connections":[],"jetpack_featured_media_url":"","jetpack_shortlink":"https:\/\/wp.me\/pLsVN-Ir","jetpack_sharing_enabled":true,"_links":{"self":[{"href":"https:\/\/www.urbinavolant.com\/verbavolant\/index.php\/wp-json\/wp\/v2\/posts\/2755","targetHints":{"allow":["GET"]}}],"collection":[{"href":"https:\/\/www.urbinavolant.com\/verbavolant\/index.php\/wp-json\/wp\/v2\/posts"}],"about":[{"href":"https:\/\/www.urbinavolant.com\/verbavolant\/index.php\/wp-json\/wp\/v2\/types\/post"}],"author":[{"embeddable":true,"href":"https:\/\/www.urbinavolant.com\/verbavolant\/index.php\/wp-json\/wp\/v2\/users\/1"}],"replies":[{"embeddable":true,"href":"https:\/\/www.urbinavolant.com\/verbavolant\/index.php\/wp-json\/wp\/v2\/comments?post=2755"}],"version-history":[{"count":0,"href":"https:\/\/www.urbinavolant.com\/verbavolant\/index.php\/wp-json\/wp\/v2\/posts\/2755\/revisions"}],"wp:attachment":[{"href":"https:\/\/www.urbinavolant.com\/verbavolant\/index.php\/wp-json\/wp\/v2\/media?parent=2755"}],"wp:term":[{"taxonomy":"category","embeddable":true,"href":"https:\/\/www.urbinavolant.com\/verbavolant\/index.php\/wp-json\/wp\/v2\/categories?post=2755"},{"taxonomy":"post_tag","embeddable":true,"href":"https:\/\/www.urbinavolant.com\/verbavolant\/index.php\/wp-json\/wp\/v2\/tags?post=2755"}],"curies":[{"name":"wp","href":"https:\/\/api.w.org\/{rel}","templated":true}]}}