{"id":2761,"date":"2010-10-16T11:50:24","date_gmt":"2010-10-16T09:50:24","guid":{"rendered":"http:\/\/www.urbinavolant.com\/verbavolant\/?p=2761"},"modified":"2010-10-16T11:50:24","modified_gmt":"2010-10-16T09:50:24","slug":"burgos-esa-ciudad-desagradable","status":"publish","type":"post","link":"https:\/\/www.urbinavolant.com\/verbavolant\/index.php\/2010\/10\/16\/burgos-esa-ciudad-desagradable\/","title":{"rendered":"Burgos, esa ciudad desagradable"},"content":{"rendered":"<p style=\"text-align: center;\"><a href=\"http:\/\/www.flickr.com\/photos\/empordakoaharia\/2241921613\/\"><img data-recalc-dims=\"1\" loading=\"lazy\" decoding=\"async\" src=\"https:\/\/i0.wp.com\/www.urbinavolant.com\/verbavolant\/wp-content\/uploads\/2010\/10\/Captura-de-pantalla-2010-10-16-a-las-11.47.27.png?resize=631%2C475&#038;ssl=1\" alt=\"Captura De Pantalla 2010 10 16 A Las 11 47 27\" class=\"aligncenter size-full wp-image-2762\" title=\"Burgos y el oto\u00f1o\" alt=\"\" width=\"631\" height=\"475\" srcset=\"https:\/\/i0.wp.com\/www.urbinavolant.com\/verbavolant\/wp-content\/uploads\/2010\/10\/Captura-de-pantalla-2010-10-16-a-las-11.47.27.png?w=631&amp;ssl=1 631w, https:\/\/i0.wp.com\/www.urbinavolant.com\/verbavolant\/wp-content\/uploads\/2010\/10\/Captura-de-pantalla-2010-10-16-a-las-11.47.27.png?resize=300%2C225&amp;ssl=1 300w\" sizes=\"auto, (max-width: 631px) 100vw, 631px\" \/><\/a><\/p>\n<p style=\"text-align: justify;\">Nac\u00ed en Burgos hace 44 a\u00f1os y he vivido en esta ciudad casi toda mi vida, con un par\u00e9ntesis en Valladolid para estudiar la carrera. Soy burgal\u00e9s sin serlo de bandera (porque nunca he sabido muy bien para qu\u00e9 sirven exactamente) y me siento tan orgulloso de sus encantos como como consciente de sus defectos. S\u00ed, me gusta la Catedral y las Huelgas y la Cartuja. S\u00ed, que si Atapuerca y que el Museo de la Evoluci\u00f3n Humana. S\u00ed, la morcilla y el queso. Y se me olvidaba el Cid. Que si las dos estaciones: el invierno y la del ferrocarril (un chiste que se ha quedado antiguo, ahora que la moderna estaci\u00f3n nos la han mandado a tomar por el culo). Y tambi\u00e9n s\u00e9 que es una ciudad provinciana (<em>muy<\/em> provinciana), entrampada en el estancamiento de todo tipo y deudora de un pasado m\u00e1s glorioso al que sus habitantes se agarran con mayor o menor ah\u00ednco.<\/p>\n<p style=\"text-align: justify;\">Digo todo esto antes de que alg\u00fan burgal\u00e9s de pro empiece a tirarme los trastos a la cabeza. Hablo desde dentro sin rencores, pero tambi\u00e9n sin tapujos. Pues bien, vamos al tajo. Las ciudades de provincias han tenido siempre el encanto: disfrazan o velan sus defectos con una vida m\u00e1s apacible, m\u00e1s cercana. Tienden puentes entre sus habitantes, que est\u00e1n enlazados por el conocimiento de las familias a nada que escarbes con tres observaciones, con dos preguntas. Desde hace ya unos cuantos a\u00f1os (al menos as\u00ed lo percibo), Burgos se ha convertido en algo distinto.<\/p>\n<p style=\"text-align: justify;\">Vivimos con un caos circulatorio digno de ciudades infinitamente m\u00e1s grandes. Coger el coche en hora punta se convierte en un acto temerario. Se ha confundido la necesaria peatonalizaci\u00f3n de algunas calles con una tortura en la que es francamente dif\u00edcil que nuestro veh\u00edculo llegue m\u00e1s o menos directamente a su destino. Que conste que no soy un usuario obsesivo del coche: cojo la bicicleta siempre que puedo y me dejan, pero cualquiera que use la bici sabe que las cosas han mejorado tanto como se han entrampado. Los carriles para bicis son el reducto para casi todo y los usuarios de tan loable medio de transporte estamos poco menos que demonizados. El servicio de autobuses es p\u00e9simo. Para los que no son usuarios habituales de las l\u00edneas, coger un autob\u00fas en nuestra ciudad se convierte en un galimat\u00edas de casi imposible resoluci\u00f3n. Los paneles informativos con las llegadas aproximadas de los autobuses son muy escasos y, adem\u00e1s, muchas veces no funcionan. Menos mal que en las paradas siempre hay pasajeros informados que te dan una idea aproximada de lo que puede venir y a d\u00f3nde te llevar\u00e1.<\/p>\n<p style=\"text-align: justify;\">Las obras est\u00e1n encanallando nuestra ciudad hasta tal punto de convertirlas en algo desagradable. Parece que queremos parecernos a otras ciudades que han convertido la obra p\u00fablica en algo que est\u00e1 m\u00e1s all\u00e1 de los ciudadanos. Se empiezan obras sin acabar otras. Ser\u00eda muy divertido contarles a los for\u00e1neos las historias sucesivas de los puentes que cruzan nuestra ciudad. Se levantan los asfaltos de las calzadas y de las aceras vez tras vez sin que los burgaleses encontremos motivo suficiente que lo justifique. Si digo que una peque\u00f1a parte de la Plaza Mayor (junto a la Plaza de Santo Domingo de Guzm\u00e1n) est\u00e1 otra vez levantada muchos pensar\u00e1n que esto llega a la categor\u00eda de cachondeo. Se cierran calles, otras se estrechan, se desv\u00eda la circulaci\u00f3n en el \u00faltimo momento sin nada que lo anuncie previamente (es muy divertido llegar a tener que dar rodeos por el barrio de Cortes porque no hab\u00eda ni una sola posibilidad de girar hacia alg\u00fan sitio que no fuera la nada).<\/p>\n<p style=\"text-align: justify;\">Estamos representados por unos representantes que no nos representan. Algunos parece que piensan o hacen pensando en la foto del d\u00eda de la inauguraci\u00f3n ficticia de algo que todav\u00eda no ser\u00e1 hasta dentro de mucho tiempo. Son los mismos que han aumentado nuestro nivel demogr\u00e1fico a cargo de unas espantosas estatuas que empiezan a brotar como setas: la mayor\u00eda de nulo inter\u00e9s\u00a0art\u00edstico; todas muy caras. Igual acaban dando a esos mamotretos derecho al voto para que siga este infierno.<\/p>\n<p style=\"text-align: justify;\">Eso s\u00ed, tenemos uno de los m\u00e1s bellos oto\u00f1os del universo, hasta que decidan llegar al Paseo de la Isla y joderlo punto por punto.<\/p>\n<p style=\"text-align: justify;\">(Imagen de <a href=\"http:\/\/www.flickr.com\/photos\/empordakoaharia\/2241921613\/\" target=\"_blank\">Uriarte de Izpikua<\/a>.)<\/p>\n","protected":false},"excerpt":{"rendered":"<p>Nac\u00ed en Burgos hace 44 a\u00f1os y he vivido en esta ciudad casi toda mi vida, con un par\u00e9ntesis en Valladolid para estudiar la carrera. Soy burgal\u00e9s sin serlo de bandera (porque nunca he sabido muy bien para qu\u00e9 sirven exactamente) y me siento tan orgulloso de sus encantos como como consciente de sus defectos. &#8230; <a title=\"Burgos, esa ciudad desagradable\" class=\"read-more\" href=\"https:\/\/www.urbinavolant.com\/verbavolant\/index.php\/2010\/10\/16\/burgos-esa-ciudad-desagradable\/\" aria-label=\"Leer m\u00e1s sobre Burgos, esa ciudad desagradable\">Leer m\u00e1s<\/a><\/p>\n","protected":false},"author":1,"featured_media":0,"comment_status":"open","ping_status":"open","sticky":false,"template":"","format":"standard","meta":{"_monsterinsights_skip_tracking":false,"_monsterinsights_sitenote_active":false,"_monsterinsights_sitenote_note":"","_monsterinsights_sitenote_category":0,"_kadence_starter_templates_imported_post":false,"jetpack_post_was_ever_published":false,"_jetpack_newsletter_access":"","_jetpack_dont_email_post_to_subs":false,"_jetpack_newsletter_tier_id":0,"_jetpack_memberships_contains_paywalled_content":false,"_jetpack_memberships_contains_paid_content":false,"footnotes":"","jetpack_publicize_message":"","jetpack_publicize_feature_enabled":true,"jetpack_social_post_already_shared":false,"jetpack_social_options":{"image_generator_settings":{"template":"highway","default_image_id":0,"font":"","enabled":false},"version":2}},"categories":[69,112,41],"tags":[],"class_list":["post-2761","post","type-post","status-publish","format-standard","hentry","category-burgos","category-ciudades","category-desastre"],"jetpack_publicize_connections":[],"jetpack_featured_media_url":"","jetpack_shortlink":"https:\/\/wp.me\/pLsVN-Ix","jetpack_sharing_enabled":true,"_links":{"self":[{"href":"https:\/\/www.urbinavolant.com\/verbavolant\/index.php\/wp-json\/wp\/v2\/posts\/2761","targetHints":{"allow":["GET"]}}],"collection":[{"href":"https:\/\/www.urbinavolant.com\/verbavolant\/index.php\/wp-json\/wp\/v2\/posts"}],"about":[{"href":"https:\/\/www.urbinavolant.com\/verbavolant\/index.php\/wp-json\/wp\/v2\/types\/post"}],"author":[{"embeddable":true,"href":"https:\/\/www.urbinavolant.com\/verbavolant\/index.php\/wp-json\/wp\/v2\/users\/1"}],"replies":[{"embeddable":true,"href":"https:\/\/www.urbinavolant.com\/verbavolant\/index.php\/wp-json\/wp\/v2\/comments?post=2761"}],"version-history":[{"count":0,"href":"https:\/\/www.urbinavolant.com\/verbavolant\/index.php\/wp-json\/wp\/v2\/posts\/2761\/revisions"}],"wp:attachment":[{"href":"https:\/\/www.urbinavolant.com\/verbavolant\/index.php\/wp-json\/wp\/v2\/media?parent=2761"}],"wp:term":[{"taxonomy":"category","embeddable":true,"href":"https:\/\/www.urbinavolant.com\/verbavolant\/index.php\/wp-json\/wp\/v2\/categories?post=2761"},{"taxonomy":"post_tag","embeddable":true,"href":"https:\/\/www.urbinavolant.com\/verbavolant\/index.php\/wp-json\/wp\/v2\/tags?post=2761"}],"curies":[{"name":"wp","href":"https:\/\/api.w.org\/{rel}","templated":true}]}}