{"id":2785,"date":"2010-10-22T22:40:46","date_gmt":"2010-10-22T20:40:46","guid":{"rendered":"http:\/\/www.urbinavolant.com\/verbavolant\/?p=2785"},"modified":"2010-10-23T14:50:10","modified_gmt":"2010-10-23T12:50:10","slug":"francia-me-da-envidia","status":"publish","type":"post","link":"https:\/\/www.urbinavolant.com\/verbavolant\/index.php\/2010\/10\/22\/francia-me-da-envidia\/","title":{"rendered":"Francia me da envidia"},"content":{"rendered":"<p style=\"text-align: center;\"><a href=\"http:\/\/www.elpais.com\/fotografia\/internacional\/Desbloqueo\/refineria\/Paris\/elpdiaint\/20101022elpepuint_2\/Ies\/\"><img data-recalc-dims=\"1\" loading=\"lazy\" decoding=\"async\" src=\"https:\/\/i0.wp.com\/www.urbinavolant.com\/verbavolant\/wp-content\/uploads\/2010\/10\/Captura-de-pantalla-2010-10-22-a-las-22.37.34.png?resize=589%2C392&#038;ssl=1\" class=\"aligncenter size-full wp-image-2786\" title=\"Captura de pantalla 2010-10-22 a las 22.37.34\" alt=\"Captura De Pantalla 2010 10 22 A Las 22 37 34\" width=\"589\" height=\"392\" srcset=\"https:\/\/i0.wp.com\/www.urbinavolant.com\/verbavolant\/wp-content\/uploads\/2010\/10\/Captura-de-pantalla-2010-10-22-a-las-22.37.34.png?w=982&amp;ssl=1 982w, https:\/\/i0.wp.com\/www.urbinavolant.com\/verbavolant\/wp-content\/uploads\/2010\/10\/Captura-de-pantalla-2010-10-22-a-las-22.37.34.png?resize=300%2C199&amp;ssl=1 300w\" sizes=\"auto, (max-width: 589px) 100vw, 589px\" \/><\/a><\/p>\n<p style=\"text-align: justify;\">S\u00e9 que detr\u00e1s de todas las revueltas y jornadas de protesta en Francia hay un caldo de cultivo que, adem\u00e1s del hueso de jam\u00f3n de las reformas del gobierno del gobierno de Sarkozy, tambi\u00e9n hay un poco de cebolla de inconformismo en general, unas zanahorias de violencia soterrada y radical que tiene que salir por alg\u00fan lado, unas ramas de perejil de nostalgia inveterada de mayo del 68 y todo ello ba\u00f1ado en el agua revolucionaria con ganas de no aceptar lo inaceptable y, de paso, con ansias de que ruede alguna cabeza. En definitiva, soy plenamente consciente de que los an\u00e1lisis pol\u00edticos no pueden ni deben ser superficiales, aunque haya ocasiones en que esa impresi\u00f3n vista de trav\u00e9s tenga tambi\u00e9n m\u00e1s enjundia que algunos an\u00e1lisis de sesudos tertulianos profesionales.<\/p>\n<p style=\"text-align: justify;\">En fin, que me dan envidia los franceses. Est\u00e1n montando un pollo cojonudo para que no les retrasen la jubilaci\u00f3n hasta los 62 a\u00f1os, cuando nosotros no peleamos por jubilarnos \u00a1cinco a\u00f1os m\u00e1s tarde que ellos! Me da la impresi\u00f3n de que los espa\u00f1oles somos muy poco combativos y, a nada que la cosa se tuerce, ponemos el culo en pompa para recibir todo lo que se tercie, sea recto o torcido. Siento decirlo, pero la macroeconom\u00eda me importa un bledo. S\u00f3lo s\u00e9 que, hablando de circunstancias profesionales, he luchado mucho por tener una cualificaci\u00f3n elevada en mis estudios. Y esto me ha servido para que, a mis cuarenta y cuatro a\u00f1os, tenga un sueldo de miseria. Cobro doscientos euros menos de lo que hubiese cobrado el a\u00f1o pasado y eso adelgaza tanto mi n\u00f3mina que da aut\u00e9ntico miedo ver el extracto de mi cuenta a nada que pasan seis d\u00edas de haber cobrado. Si yo vivo as\u00ed, con unas circunstancias dif\u00edciles que se agravan a\u00fan m\u00e1s con otras cuestiones personales que tambi\u00e9n dar\u00edan mucho que hablar respecto a la aut\u00e9ntica justicia y la igualdad que tanto se pregona para otras cosas, no quiero ni pensar lo que puede ocurrir en otros sectores much\u00edsimo m\u00e1s desfavorecidos. Y creo que no es demag\u00f3gico afirmar que la crisis la pagamos m\u00e1s unos que otros; que es muy f\u00e1cil tomar medidas sobre las jubilaciones y las pensiones en un sector como el de los pol\u00edticos, que las tienen blindadas con muy poquitos a\u00f1os de trabajo.<\/p>\n<p style=\"text-align: justify;\">En nuestro querido pa\u00eds, nos conformamos con ladrar un poco, montar una jornada de huelga que no se cre\u00eda nadie y que parec\u00eda una bufonada y luego&#8230; nada de nada. \u00bfQu\u00e9 quer\u00e9is que os diga? Me quedo con Francia y sus barricadas.<\/p>\n<p style=\"text-align: justify;\">(La foto que encabeza la entrada es de la agencia Reuters y est\u00e1 secada de\u00a0<em><a href=\"http:\/\/www.elpais.com\/fotografia\/internacional\/Desbloqueo\/refineria\/Paris\/elpdiaint\/20101022elpepuint_2\/Ies\/\">El Pa\u00eds<\/a><\/em>.)<\/p>\n","protected":false},"excerpt":{"rendered":"<p>S\u00e9 que detr\u00e1s de todas las revueltas y jornadas de protesta en Francia hay un caldo de cultivo que, adem\u00e1s del hueso de jam\u00f3n de las reformas del gobierno del gobierno de Sarkozy, tambi\u00e9n hay un poco de cebolla de inconformismo en general, unas zanahorias de violencia soterrada y radical que tiene que salir por &#8230; <a title=\"Francia me da envidia\" class=\"read-more\" href=\"https:\/\/www.urbinavolant.com\/verbavolant\/index.php\/2010\/10\/22\/francia-me-da-envidia\/\" aria-label=\"Leer m\u00e1s sobre Francia me da envidia\">Leer m\u00e1s<\/a><\/p>\n","protected":false},"author":1,"featured_media":0,"comment_status":"open","ping_status":"open","sticky":false,"template":"","format":"standard","meta":{"_monsterinsights_skip_tracking":false,"_monsterinsights_sitenote_active":false,"_monsterinsights_sitenote_note":"","_monsterinsights_sitenote_category":0,"_kadence_starter_templates_imported_post":false,"jetpack_post_was_ever_published":false,"_jetpack_newsletter_access":"","_jetpack_dont_email_post_to_subs":false,"_jetpack_newsletter_tier_id":0,"_jetpack_memberships_contains_paywalled_content":false,"_jetpack_memberships_contains_paid_content":false,"footnotes":"","jetpack_publicize_message":"","jetpack_publicize_feature_enabled":true,"jetpack_social_post_already_shared":false,"jetpack_social_options":{"image_generator_settings":{"template":"highway","default_image_id":0,"font":"","enabled":false},"version":2}},"categories":[44,72,101],"tags":[],"class_list":["post-2785","post","type-post","status-publish","format-standard","hentry","category-comparaciones","category-contrastes","category-protesta"],"jetpack_publicize_connections":[],"jetpack_featured_media_url":"","jetpack_shortlink":"https:\/\/wp.me\/pLsVN-IV","jetpack_sharing_enabled":true,"_links":{"self":[{"href":"https:\/\/www.urbinavolant.com\/verbavolant\/index.php\/wp-json\/wp\/v2\/posts\/2785","targetHints":{"allow":["GET"]}}],"collection":[{"href":"https:\/\/www.urbinavolant.com\/verbavolant\/index.php\/wp-json\/wp\/v2\/posts"}],"about":[{"href":"https:\/\/www.urbinavolant.com\/verbavolant\/index.php\/wp-json\/wp\/v2\/types\/post"}],"author":[{"embeddable":true,"href":"https:\/\/www.urbinavolant.com\/verbavolant\/index.php\/wp-json\/wp\/v2\/users\/1"}],"replies":[{"embeddable":true,"href":"https:\/\/www.urbinavolant.com\/verbavolant\/index.php\/wp-json\/wp\/v2\/comments?post=2785"}],"version-history":[{"count":0,"href":"https:\/\/www.urbinavolant.com\/verbavolant\/index.php\/wp-json\/wp\/v2\/posts\/2785\/revisions"}],"wp:attachment":[{"href":"https:\/\/www.urbinavolant.com\/verbavolant\/index.php\/wp-json\/wp\/v2\/media?parent=2785"}],"wp:term":[{"taxonomy":"category","embeddable":true,"href":"https:\/\/www.urbinavolant.com\/verbavolant\/index.php\/wp-json\/wp\/v2\/categories?post=2785"},{"taxonomy":"post_tag","embeddable":true,"href":"https:\/\/www.urbinavolant.com\/verbavolant\/index.php\/wp-json\/wp\/v2\/tags?post=2785"}],"curies":[{"name":"wp","href":"https:\/\/api.w.org\/{rel}","templated":true}]}}