{"id":2853,"date":"2010-11-26T09:33:56","date_gmt":"2010-11-26T07:33:56","guid":{"rendered":"http:\/\/www.urbinavolant.com\/verbavolant\/?p=2853"},"modified":"2011-11-25T09:30:11","modified_gmt":"2011-11-25T08:30:11","slug":"el-arquitecto-de-tus-lados-incorrectos","status":"publish","type":"post","link":"https:\/\/www.urbinavolant.com\/verbavolant\/index.php\/2010\/11\/26\/el-arquitecto-de-tus-lados-incorrectos\/","title":{"rendered":"El arquitecto de tus lados incorrectos"},"content":{"rendered":"<p style=\"text-align: center;\"><a class=\"tt-flickr tt-flickr-Medium\" title=\"Cielo. R\u00e1faga\" href=\"http:\/\/www.flickr.com\/photos\/urbinavolant\/5204200085\/\"><img data-recalc-dims=\"1\" loading=\"lazy\" decoding=\"async\" class=\"alignnone\" title=\"5204200085 00a16462d7\" src=\"https:\/\/i0.wp.com\/farm5.static.flickr.com\/4091\/5204200085_00a16462d7.jpg?resize=500%2C374\" alt=\"Cielo. R\u00e1faga\" width=\"500\" height=\"374\" \/><\/a><\/p>\n<p style=\"text-align: justify;\">Vulnerable a tu lado m\u00e1s amable y \u00a0carcelero de tu lado m\u00e1s grosero, soy ahora el soldado de tu lado m\u00e1s malvado. Puestos al estudio de los lados, tambi\u00e9n me construyo cada d\u00eda en arquitecto de tus lados incorrectos. Tengo la dicha de ser el propietario de tu parte m\u00e1s caliente y de ser el dirigente de todas tus urgencias. Artesano de tu lado m\u00e1s humano y comandante en tu jefe de tu parte de adelante.\u00a0<span style=\"font-size: 13.3333px;\">Inocente de tu lado m\u00e1s culpable y de tu lado m\u00e1s caliente, soy el custodio de tus r\u00e1fagas de odio. Voy vagando por tu lado m\u00e1s profundo. Qu\u00e9 m\u00e1s quisiera que pasar la vida entera como un estudiante en un d\u00eda de primavera. Qu\u00e9 m\u00e1s quisiera que ser el comandante de tu balsa de madera. <\/span><span style=\"font-size: 13.3333px;\">S\u00ed, soy la guarnici\u00f3n que te guarece de tu lado m\u00e1s malvado. A tu lado estoy, siempre consciente de que ma\u00f1ana siempre ser\u00e1 un nuevo punto de partida. Son las consecuencias de vagar por tu lado profundo por unos instantes, siempre breves. Y s\u00ed, me siento el almirante de tu balsa de madera.<\/span><\/p>\n<p style=\"text-align: justify;\">Estoy solo, buscando a alguien que me est\u00e1 esperando (o estoy esperando a alguien que me busca). A alguien para recordar de memoria hasta los \u00faltimos quicios, hasta los \u00faltimos instantes. Alguien a quien tener presente cuando estoy muy lejos, en tiempo, en espacio o en vida. Mientras camino alrededor del mundo, quiero volver a alguna casa para encontrarme con una vampiresa que me mire como una persona o como un posible postre.<\/p>\n<p style=\"text-align: justify;\"><span style=\"font-size: 13.3333px;\">(Porque la vida es naufragio por mucho que seamos patrones de una barca, versi\u00f3n prosificada y parcialmente modificada de <a href=\"http:\/\/open.spotify.com\/track\/3rOyQxrf6DbrrusQW36AzR\">Andr\u00e9s Calamaro \u2013 La Parte De Adelante<\/a>. La fotograf\u00eda es de Alberto Urbina.)<\/span><\/p>\n","protected":false},"excerpt":{"rendered":"<p>Vulnerable a tu lado m\u00e1s amable y \u00a0carcelero de tu lado m\u00e1s grosero, soy ahora el soldado de tu lado m\u00e1s malvado. Puestos al estudio de los lados, tambi\u00e9n me construyo cada d\u00eda en arquitecto de tus lados incorrectos. Tengo la dicha de ser el propietario de tu parte m\u00e1s caliente y de ser el &#8230; <a title=\"El arquitecto de tus lados incorrectos\" class=\"read-more\" href=\"https:\/\/www.urbinavolant.com\/verbavolant\/index.php\/2010\/11\/26\/el-arquitecto-de-tus-lados-incorrectos\/\" aria-label=\"Leer m\u00e1s sobre El arquitecto de tus lados incorrectos\">Leer m\u00e1s<\/a><\/p>\n","protected":false},"author":1,"featured_media":0,"comment_status":"open","ping_status":"open","sticky":false,"template":"","format":"standard","meta":{"_monsterinsights_skip_tracking":false,"_monsterinsights_sitenote_active":false,"_monsterinsights_sitenote_note":"","_monsterinsights_sitenote_category":0,"_kadence_starter_templates_imported_post":false,"jetpack_post_was_ever_published":false,"_jetpack_newsletter_access":"","_jetpack_dont_email_post_to_subs":false,"_jetpack_newsletter_tier_id":0,"_jetpack_memberships_contains_paywalled_content":false,"_jetpack_memberships_contains_paid_content":false,"footnotes":"","jetpack_publicize_message":"","jetpack_publicize_feature_enabled":true,"jetpack_social_post_already_shared":false,"jetpack_social_options":{"image_generator_settings":{"template":"highway","default_image_id":0,"font":"","enabled":false},"version":2}},"categories":[57,65],"tags":[147],"class_list":["post-2853","post","type-post","status-publish","format-standard","hentry","category-musica","category-sentido","tag-canciones-prosificadas"],"jetpack_publicize_connections":[],"jetpack_featured_media_url":"","jetpack_shortlink":"https:\/\/wp.me\/pLsVN-K1","jetpack_sharing_enabled":true,"_links":{"self":[{"href":"https:\/\/www.urbinavolant.com\/verbavolant\/index.php\/wp-json\/wp\/v2\/posts\/2853","targetHints":{"allow":["GET"]}}],"collection":[{"href":"https:\/\/www.urbinavolant.com\/verbavolant\/index.php\/wp-json\/wp\/v2\/posts"}],"about":[{"href":"https:\/\/www.urbinavolant.com\/verbavolant\/index.php\/wp-json\/wp\/v2\/types\/post"}],"author":[{"embeddable":true,"href":"https:\/\/www.urbinavolant.com\/verbavolant\/index.php\/wp-json\/wp\/v2\/users\/1"}],"replies":[{"embeddable":true,"href":"https:\/\/www.urbinavolant.com\/verbavolant\/index.php\/wp-json\/wp\/v2\/comments?post=2853"}],"version-history":[{"count":0,"href":"https:\/\/www.urbinavolant.com\/verbavolant\/index.php\/wp-json\/wp\/v2\/posts\/2853\/revisions"}],"wp:attachment":[{"href":"https:\/\/www.urbinavolant.com\/verbavolant\/index.php\/wp-json\/wp\/v2\/media?parent=2853"}],"wp:term":[{"taxonomy":"category","embeddable":true,"href":"https:\/\/www.urbinavolant.com\/verbavolant\/index.php\/wp-json\/wp\/v2\/categories?post=2853"},{"taxonomy":"post_tag","embeddable":true,"href":"https:\/\/www.urbinavolant.com\/verbavolant\/index.php\/wp-json\/wp\/v2\/tags?post=2853"}],"curies":[{"name":"wp","href":"https:\/\/api.w.org\/{rel}","templated":true}]}}