{"id":2864,"date":"2010-12-01T10:05:55","date_gmt":"2010-12-01T08:05:55","guid":{"rendered":"http:\/\/www.urbinavolant.com\/verbavolant\/?p=2864"},"modified":"2010-12-01T10:14:29","modified_gmt":"2010-12-01T08:14:29","slug":"preguntame","status":"publish","type":"post","link":"https:\/\/www.urbinavolant.com\/verbavolant\/index.php\/2010\/12\/01\/preguntame\/","title":{"rendered":"Preg\u00fantame"},"content":{"rendered":"<p style=\"text-align: center;\"><a class=\"tt-flickr tt-flickr-Medium\" title=\"DSCF0783-1\" href=\"http:\/\/www.flickr.com\/photos\/urbinavolant\/5209471942\/\"><img data-recalc-dims=\"1\" loading=\"lazy\" decoding=\"async\" src=\"https:\/\/i0.wp.com\/farm5.static.flickr.com\/4092\/5209471942_c1e93d04be.jpg?resize=500%2C267\" class=\"alignnone\" title=\"5209471942 C1e93d04be\" alt=\"DSCF0783-1\" width=\"500\" height=\"267\" \/><\/a><\/p>\n<p style=\"text-align: justify;\">Preg\u00fantame por los roces del viento en los d\u00edas previos al invierno, por las gotas de lluvia que \u2013poco a poco\u2013 adquieren la consistencia de la nieve. Preg\u00fantame por las noches, tan largas como los precipicios de aquellos sue\u00f1os que se pierden en los quicios de la pesadilla, por los trenes que no se detienen en aquel apeadero, maldito en el olvido. Preg\u00fantame por el paso de los minutos, anquilosados en las p\u00e1ginas de ese libro cuya lectura se te atraganta, por los abrigos que refugian del fr\u00edo s\u00f3lo de modo relativo. Preg\u00fantame por la imposibilidad actual de que los p\u00e1jaros vuelen tan alto como se merecen, por los acordes acartonados en un altavoz con un registro de bajos poco potente. Preg\u00fantame por los ritmos marcados que se ahogan en nuestras bocas, heladas con los grados por debajo de cero, por los cristales que nos devuelven la mirada falsa del interior de nuestras casas, de nuestros cuerpos. Preg\u00fantame por los huesos, calados por la rutina del movimiento uniformemente desacelerado, por el derroche de alegr\u00eda estampado en las parades y confundido en el gotel\u00e9. Preg\u00fantame por la b\u00fasqueda alqu\u00edmica de una sinton\u00eda que nos haga nuevos, por la armon\u00eda esperanzada de que la rueda del mundo se detenga tres segundos para coger aire, por los consuelos reflejados en los peque\u00f1os detalles. Esos que nos hacen pensar que \u2013todav\u00eda\u2013 estamos vivos.<\/p>\n<p style=\"text-align: justify;\">(Fotograf\u00eda de Alberto Urbina.)<\/p>\n","protected":false},"excerpt":{"rendered":"<p>Preg\u00fantame por los roces del viento en los d\u00edas previos al invierno, por las gotas de lluvia que \u2013poco a poco\u2013 adquieren la consistencia de la nieve. Preg\u00fantame por las noches, tan largas como los precipicios de aquellos sue\u00f1os que se pierden en los quicios de la pesadilla, por los trenes que no se detienen &#8230; <a title=\"Preg\u00fantame\" class=\"read-more\" href=\"https:\/\/www.urbinavolant.com\/verbavolant\/index.php\/2010\/12\/01\/preguntame\/\" aria-label=\"Leer m\u00e1s sobre Preg\u00fantame\">Leer m\u00e1s<\/a><\/p>\n","protected":false},"author":1,"featured_media":0,"comment_status":"open","ping_status":"open","sticky":false,"template":"","format":"standard","meta":{"_monsterinsights_skip_tracking":false,"_monsterinsights_sitenote_active":false,"_monsterinsights_sitenote_note":"","_monsterinsights_sitenote_category":0,"_kadence_starter_templates_imported_post":false,"jetpack_post_was_ever_published":false,"_jetpack_newsletter_access":"","_jetpack_dont_email_post_to_subs":false,"_jetpack_newsletter_tier_id":0,"_jetpack_memberships_contains_paywalled_content":false,"_jetpack_memberships_contains_paid_content":false,"footnotes":"","jetpack_publicize_message":"","jetpack_publicize_feature_enabled":true,"jetpack_social_post_already_shared":false,"jetpack_social_options":{"image_generator_settings":{"template":"highway","default_image_id":0,"font":"","enabled":false},"version":2}},"categories":[61,65],"tags":[],"class_list":["post-2864","post","type-post","status-publish","format-standard","hentry","category-laberintos","category-sentido"],"jetpack_publicize_connections":[],"jetpack_featured_media_url":"","jetpack_shortlink":"https:\/\/wp.me\/pLsVN-Kc","jetpack_sharing_enabled":true,"_links":{"self":[{"href":"https:\/\/www.urbinavolant.com\/verbavolant\/index.php\/wp-json\/wp\/v2\/posts\/2864","targetHints":{"allow":["GET"]}}],"collection":[{"href":"https:\/\/www.urbinavolant.com\/verbavolant\/index.php\/wp-json\/wp\/v2\/posts"}],"about":[{"href":"https:\/\/www.urbinavolant.com\/verbavolant\/index.php\/wp-json\/wp\/v2\/types\/post"}],"author":[{"embeddable":true,"href":"https:\/\/www.urbinavolant.com\/verbavolant\/index.php\/wp-json\/wp\/v2\/users\/1"}],"replies":[{"embeddable":true,"href":"https:\/\/www.urbinavolant.com\/verbavolant\/index.php\/wp-json\/wp\/v2\/comments?post=2864"}],"version-history":[{"count":0,"href":"https:\/\/www.urbinavolant.com\/verbavolant\/index.php\/wp-json\/wp\/v2\/posts\/2864\/revisions"}],"wp:attachment":[{"href":"https:\/\/www.urbinavolant.com\/verbavolant\/index.php\/wp-json\/wp\/v2\/media?parent=2864"}],"wp:term":[{"taxonomy":"category","embeddable":true,"href":"https:\/\/www.urbinavolant.com\/verbavolant\/index.php\/wp-json\/wp\/v2\/categories?post=2864"},{"taxonomy":"post_tag","embeddable":true,"href":"https:\/\/www.urbinavolant.com\/verbavolant\/index.php\/wp-json\/wp\/v2\/tags?post=2864"}],"curies":[{"name":"wp","href":"https:\/\/api.w.org\/{rel}","templated":true}]}}