{"id":2868,"date":"2010-12-02T09:25:34","date_gmt":"2010-12-02T07:25:34","guid":{"rendered":"http:\/\/www.urbinavolant.com\/verbavolant\/?p=2868"},"modified":"2010-12-02T09:25:51","modified_gmt":"2010-12-02T07:25:51","slug":"estamos-atrapados-por-las-redes-sociales","status":"publish","type":"post","link":"https:\/\/www.urbinavolant.com\/verbavolant\/index.php\/2010\/12\/02\/estamos-atrapados-por-las-redes-sociales\/","title":{"rendered":"\u00bfEstamos atrapados por las redes sociales?"},"content":{"rendered":"<p style=\"text-align: center;\"><a href=\"https:\/\/i0.wp.com\/www.urbinavolant.com\/verbavolant\/wp-content\/uploads\/2010\/12\/iredeshorizontal.jpg?ssl=1\"><img data-recalc-dims=\"1\" loading=\"lazy\" decoding=\"async\" src=\"https:\/\/i0.wp.com\/www.urbinavolant.com\/verbavolant\/wp-content\/uploads\/2010\/12\/iredeshorizontal.jpg?resize=430%2C304&#038;ssl=1\" class=\"aligncenter size-large wp-image-2869\" title=\"iredeshorizontal\" alt=\"Iredeshorizontal 1024x724\" width=\"430\" height=\"304\" srcset=\"https:\/\/i0.wp.com\/www.urbinavolant.com\/verbavolant\/wp-content\/uploads\/2010\/12\/iredeshorizontal.jpg?resize=1024%2C724&amp;ssl=1 1024w, https:\/\/i0.wp.com\/www.urbinavolant.com\/verbavolant\/wp-content\/uploads\/2010\/12\/iredeshorizontal.jpg?resize=300%2C212&amp;ssl=1 300w, https:\/\/i0.wp.com\/www.urbinavolant.com\/verbavolant\/wp-content\/uploads\/2010\/12\/iredeshorizontal.jpg?w=1190&amp;ssl=1 1190w\" sizes=\"auto, (max-width: 430px) 100vw, 430px\" \/><\/a><\/p>\n<p style=\"text-align: justify;\">El d\u00eda 1 de diciembre de 2010 tuyo lugar en la Universidad de Burgos una conferencia, en principio titulada \u00abTuenti, blogs y redes sociales\u00bb y luego transformada en\u00a0\u00ab\u00bfEstamos atrapados por las redes sociales?\u00bb, en la que intervinieron Jos\u00e9 Luis Orihuela e \u00cdcaro Moyano D\u00edaz.<\/p>\n<p style=\"text-align: justify;\"><strong>Pod\u00e9is descargar\u00a0<a href=\"http:\/\/urbinavolant.com\/audio\/redsocia.mp3\" target=\"_blank\">aqu\u00ed<\/a> el audio de la conferencia<\/strong> (teniendo en cuenta que est\u00e1 grabada con un desde el p\u00fablico y, por lo tanto, la calidad no es perfecta). La conferencia tambi\u00e9n fue tuiteada: pod\u00e9is ver los tuits en el twitter de\u00a0<a href=\"http:\/\/twitter.com\/#!\/search\/iredesburgos\" target=\"_blank\">IRedesBurgos<\/a>.<\/p>\n<p style=\"text-align: justify;\">Jos\u00e9 Luis Orihuela. Profesor de la Universidad de Navarra. En el curso 1994\/5 comenz\u00f3 a publicar una p\u00e1gina en la que ordenaba recursos sobre comunicaci\u00f3n audiovisual:\u00a0Audiovisual Resources on the Internet\u00a0(versi\u00f3n 1.0, Mayo de 1995) que con el tiempo se convertir\u00eda en\u00a0<a href=\"http:\/\/www.unav.es\/digilab\/ric\/\" target=\"_blank\">Recursos en Internet para Comunicaci\u00f3n (RIC)<\/a>.\u00a0En el curso 1995\/6 pone en marcha en la\u00a0<a href=\"http:\/\/www.unav.es\/\" target=\"_blank\">Universidad de Navarra<\/a> el proyecto de investigaci\u00f3n\u00a0Sistemas interactivos de noticias multimedia\u00a0En el curso 1996\/7 escribe y publica con Iranzu Garc\u00eda Iriarte \u201cPeriodismo en la Red. En busca del para\u00edso digital\u201d .Entre 2002 y 2007 los weblogs han centrado su inter\u00e9s en investigaci\u00f3n y en docencia. Fruto de esta experiencia es el libro\u00a0<a href=\"http:\/\/www.ecuaderno.com\/larevoluciondelosblogs\/\" target=\"_blank\">La revoluci\u00f3n de los blogs<\/a> (La Esfera de los Libros, Madrid, 2006). Su weblog ecuaderno es un lugar de referencia para todo estudioso en sitios digitales. Su cuenta en twitter @jlori es seguida por m\u00e1s de 100.000 personas. Su blog es\u00a0<a href=\"http:\/\/www.ecuaderno.com\/\" target=\"_blank\">eCuaderno<\/a>.<\/p>\n<p style=\"text-align: justify;\">\u00cdcaro Moyano D\u00edaz\u00a0es periodista. Inmerso en Internet desde hace 10 a\u00f1os, empez\u00f3 su carrera vinculado a CadenaSER.com para luego especializarse en contenidos tecnol\u00f3gicos en\u00a0ElPais.com. Colaborador de medios como EP3, QUO o Radio Nacional de Espa\u00f1a, ahora desempe\u00f1a el cargo de Director de Comunicaci\u00f3n de Tuenti. Su blog es\u00a0<a href=\"http:\/\/latejedora.es\/\" target=\"_blank\">latejedora.es<\/a>.<\/p>\n<p style=\"text-align: justify;\">(Esta entrada est\u00e1 tambi\u00e9n reproducida en el sitio web <a href=\"http:\/\/urbinavolant.com\/index.php\/2010\/12\/%C2%BFestamos-atrapados-por-las-redes-sociales\/\" target=\"_blank\">URBINAVOLANT.com<\/a>)<\/p>\n","protected":false},"excerpt":{"rendered":"<p>El d\u00eda 1 de diciembre de 2010 tuyo lugar en la Universidad de Burgos una conferencia, en principio titulada \u00abTuenti, blogs y redes sociales\u00bb y luego transformada en\u00a0\u00ab\u00bfEstamos atrapados por las redes sociales?\u00bb, en la que intervinieron Jos\u00e9 Luis Orihuela e \u00cdcaro Moyano D\u00edaz. Pod\u00e9is descargar\u00a0aqu\u00ed el audio de la conferencia (teniendo en cuenta que &#8230; <a title=\"\u00bfEstamos atrapados por las redes sociales?\" class=\"read-more\" href=\"https:\/\/www.urbinavolant.com\/verbavolant\/index.php\/2010\/12\/02\/estamos-atrapados-por-las-redes-sociales\/\" aria-label=\"Leer m\u00e1s sobre \u00bfEstamos atrapados por las redes sociales?\">Leer m\u00e1s<\/a><\/p>\n","protected":false},"author":1,"featured_media":0,"comment_status":"open","ping_status":"open","sticky":false,"template":"","format":"standard","meta":{"_monsterinsights_skip_tracking":false,"_monsterinsights_sitenote_active":false,"_monsterinsights_sitenote_note":"","_monsterinsights_sitenote_category":0,"_kadence_starter_templates_imported_post":false,"jetpack_post_was_ever_published":false,"_jetpack_newsletter_access":"","_jetpack_dont_email_post_to_subs":false,"_jetpack_newsletter_tier_id":0,"_jetpack_memberships_contains_paywalled_content":false,"_jetpack_memberships_contains_paid_content":false,"footnotes":"","jetpack_publicize_message":"","jetpack_publicize_feature_enabled":true,"jetpack_social_post_already_shared":false,"jetpack_social_options":{"image_generator_settings":{"template":"highway","default_image_id":0,"font":"","enabled":false},"version":2}},"categories":[93],"tags":[],"class_list":["post-2868","post","type-post","status-publish","format-standard","hentry","category-internet"],"jetpack_publicize_connections":[],"jetpack_featured_media_url":"","jetpack_shortlink":"https:\/\/wp.me\/pLsVN-Kg","jetpack_sharing_enabled":true,"_links":{"self":[{"href":"https:\/\/www.urbinavolant.com\/verbavolant\/index.php\/wp-json\/wp\/v2\/posts\/2868","targetHints":{"allow":["GET"]}}],"collection":[{"href":"https:\/\/www.urbinavolant.com\/verbavolant\/index.php\/wp-json\/wp\/v2\/posts"}],"about":[{"href":"https:\/\/www.urbinavolant.com\/verbavolant\/index.php\/wp-json\/wp\/v2\/types\/post"}],"author":[{"embeddable":true,"href":"https:\/\/www.urbinavolant.com\/verbavolant\/index.php\/wp-json\/wp\/v2\/users\/1"}],"replies":[{"embeddable":true,"href":"https:\/\/www.urbinavolant.com\/verbavolant\/index.php\/wp-json\/wp\/v2\/comments?post=2868"}],"version-history":[{"count":0,"href":"https:\/\/www.urbinavolant.com\/verbavolant\/index.php\/wp-json\/wp\/v2\/posts\/2868\/revisions"}],"wp:attachment":[{"href":"https:\/\/www.urbinavolant.com\/verbavolant\/index.php\/wp-json\/wp\/v2\/media?parent=2868"}],"wp:term":[{"taxonomy":"category","embeddable":true,"href":"https:\/\/www.urbinavolant.com\/verbavolant\/index.php\/wp-json\/wp\/v2\/categories?post=2868"},{"taxonomy":"post_tag","embeddable":true,"href":"https:\/\/www.urbinavolant.com\/verbavolant\/index.php\/wp-json\/wp\/v2\/tags?post=2868"}],"curies":[{"name":"wp","href":"https:\/\/api.w.org\/{rel}","templated":true}]}}