{"id":293,"date":"2008-03-09T21:57:42","date_gmt":"2008-03-09T21:57:42","guid":{"rendered":"http:\/\/www.urbinavolant.com\/verbavolant\/index.php\/2008\/03\/09\/coctel-de-colores-en-galleta-chiquilin\/"},"modified":"2008-03-09T21:57:42","modified_gmt":"2008-03-09T21:57:42","slug":"coctel-de-colores-en-galleta-chiquilin","status":"publish","type":"post","link":"https:\/\/www.urbinavolant.com\/verbavolant\/index.php\/2008\/03\/09\/coctel-de-colores-en-galleta-chiquilin\/","title":{"rendered":"C\u00f3ctel de colores en galleta Chiquil\u00edn"},"content":{"rendered":"<p style=\"text-align: center\"><a href=\"http:\/\/flickr.com\/photos\/urbinavolant\/2322366518\/\" title=\"Composici\u00f3n de galletas\" target=\"_blank\"><img data-recalc-dims=\"1\" loading=\"lazy\" decoding=\"async\" src=\"https:\/\/i0.wp.com\/www.urbinavolant.com\/verbavolant\/wp-content\/uploads\/2008\/03\/chiquilin.jpg?resize=423%2C408&#038;ssl=1\" title=\"Chiquilin\" alt=\"Composici\u00f3n con galletas Chiquil\u00edn\" height=\"408\" width=\"423\" \/><\/a><\/p>\n<p style=\"text-align: justify\">Los amigos de <em>Verba volant<\/em> ya sab\u00e9is que, de vez en cuando, una <a href=\"http:\/\/www.urbinavolant.com\/verbavolant\/?s=garbanzos\" target=\"_blank\" title=\"Chipir\u00f3n negro en Verba volanr\">visitante an\u00f3nima y silente<\/a> me dirige mensajes llenos de poes\u00eda, misterio y gastronom\u00eda. Y este domingo, que es tarde de elecciones pero tambi\u00e9n de baremaci\u00f3n de notas, me han venido muy bien sus palabras frescas y originales. Os recuerdo que ella se denomina a s\u00ed misma <em>estoyalli<\/em>, pero yo la llamo chipir\u00f3n negro: de hecho, ya me ha obligado a crear una etiqueta con la que designar estos paseos por el blog.<\/p>\n<p style=\"text-align: justify\">\u00abHola, garbanzo negro. \u00bfHas mezclado alguna vez la salsa negra del chipir\u00f3n con el dulce de la galleta? Yo s\u00ed: esta tarde. Es un bocado delicioso, pero s\u00f3lo si lo que mojas en una esquinita de galleta <em>Chiquil\u00edn<\/em>\u00ab. Me dice que le gust\u00f3 <a href=\"http:\/\/www.urbinavolant.com\/verbavolant\/index.php\/2008\/02\/27\/palabras-vacias-no-suben-al-cielo\/\" target=\"_blank\">la entrada dedicada<\/a>, que se siente un poco gaviota dispuesta a remontar el vuelo. Y que estrope\u00e9 la cita de Shakespeare, pero poco. \u00abEl otro d\u00eda te hablaba de lo salado, pero hoy tengo que hablarte de lo dulce. Y no pienses en resultados electorales, que no va por ah\u00ed. Yo me siento un poco diab\u00e9tica de la vida: mis ojos se inundan de motitas negras, pero mi sangre tiene una dulzura que tendr\u00e1 algo que ver con la segregaci\u00f3n de insulina. No puedo sobrellevar mi existencia sin matices dulces, no merengados, que me empapen hasta la piel\u00bb. Comenta luego que no, que no es que sea diab\u00e9tica. Lo que pasa es que la vida es dulce y salada y amarga y muchas otras cosas: \u00abTe gusta mucho hablar con met\u00e1foras, garbanzo negro. Y seguro que algunos se toman al pie de la letra todo lo que dices y lo que no dices. Pero algunas de tus entradas son un compendio de sabores. Como en esta vida hay de todo, a m\u00ed me gusta que destiles lo amargo de tu existencia, lo agrio de tu car\u00e1cter y lo salado de tu esp\u00edritu. Pero me haces mucha gracia, moreno. Me gusta cuando tus palabras emanan lo dulce que debe quedar, como una costra, en tu coraz\u00f3n\u00bb. Dice que <a href=\"http:\/\/www.urbinavolant.com\/verbavolant\/index.php\/2008\/03\/08\/el-dialogo-de-los-pelos\/\" target=\"_blank\" title=\"Un di\u00e1logo tomado por los pelos\">mi \u00faltima entrada<\/a> sobre la depilaci\u00f3n le ha hecho recordar sus obligaciones peri\u00f3dicas con la cera -ahora me comenta, en un alarde de confidencia \u00edntima, que se est\u00e1 \u00abfriendo\u00bb con l\u00e1ser-, pero el sufrimiento recordado se ha mezclado con el alm\u00edbar de la sonrisa. \u00abHaz muchas cosas dulces, garbanzo negro. Si tu coraz\u00f3n guarda algo de esa chispa de az\u00facar, necesitas explorar sus matices, volcarlos hacia los dem\u00e1s. Es tu obligaci\u00f3n para todo el mundo y, sobre todo, para ti mismo\u00bb. Y acaba su mensaje con estas fulminantes palabras: \u00abChilla, pega, escupe y llora. Pero esboza una sonrisa, moreno. Tu alma maldita te lo agradecer\u00e1\u00bb. Y como creo que, en el fondo, tiene raz\u00f3n y, como no se me ocurre nada m\u00e1s que decir, s\u00f3lo te doy las gracias, chipir\u00f3n negro. Pero no me resisto a volcar al mundo la pregunta que no me vas a responder: \u00bfde verdad mojas las esquinitas de las galletas Chiquil\u00edn de tinta de chipir\u00f3n? Y, si a ti tambi\u00e9n te gustan las met\u00e1foras, \u00bfno val\u00eda con las Mar\u00eda Fontaneda de toda la vida?<\/p>\n","protected":false},"excerpt":{"rendered":"<p>Los amigos de Verba volant ya sab\u00e9is que, de vez en cuando, una visitante an\u00f3nima y silente me dirige mensajes llenos de poes\u00eda, misterio y gastronom\u00eda. Y este domingo, que es tarde de elecciones pero tambi\u00e9n de baremaci\u00f3n de notas, me han venido muy bien sus palabras frescas y originales. Os recuerdo que ella se &#8230; <a title=\"C\u00f3ctel de colores en galleta Chiquil\u00edn\" class=\"read-more\" href=\"https:\/\/www.urbinavolant.com\/verbavolant\/index.php\/2008\/03\/09\/coctel-de-colores-en-galleta-chiquilin\/\" aria-label=\"Leer m\u00e1s sobre C\u00f3ctel de colores en galleta Chiquil\u00edn\">Leer m\u00e1s<\/a><\/p>\n","protected":false},"author":1,"featured_media":0,"comment_status":"open","ping_status":"open","sticky":false,"template":"","format":"standard","meta":{"_monsterinsights_skip_tracking":false,"_monsterinsights_sitenote_active":false,"_monsterinsights_sitenote_note":"","_monsterinsights_sitenote_category":0,"_kadence_starter_templates_imported_post":false,"jetpack_post_was_ever_published":false,"_jetpack_newsletter_access":"","_jetpack_dont_email_post_to_subs":false,"_jetpack_newsletter_tier_id":0,"_jetpack_memberships_contains_paywalled_content":false,"_jetpack_memberships_contains_paid_content":false,"footnotes":"","jetpack_publicize_message":"","jetpack_publicize_feature_enabled":true,"jetpack_social_post_already_shared":false,"jetpack_social_options":{"image_generator_settings":{"template":"highway","default_image_id":0,"font":"","enabled":false},"version":2}},"categories":[80,25,65],"tags":[],"class_list":["post-293","post","type-post","status-publish","format-standard","hentry","category-chipiron-negro","category-realidad","category-sentido"],"jetpack_publicize_connections":[],"jetpack_featured_media_url":"","jetpack_shortlink":"https:\/\/wp.me\/pLsVN-4J","jetpack_sharing_enabled":true,"_links":{"self":[{"href":"https:\/\/www.urbinavolant.com\/verbavolant\/index.php\/wp-json\/wp\/v2\/posts\/293","targetHints":{"allow":["GET"]}}],"collection":[{"href":"https:\/\/www.urbinavolant.com\/verbavolant\/index.php\/wp-json\/wp\/v2\/posts"}],"about":[{"href":"https:\/\/www.urbinavolant.com\/verbavolant\/index.php\/wp-json\/wp\/v2\/types\/post"}],"author":[{"embeddable":true,"href":"https:\/\/www.urbinavolant.com\/verbavolant\/index.php\/wp-json\/wp\/v2\/users\/1"}],"replies":[{"embeddable":true,"href":"https:\/\/www.urbinavolant.com\/verbavolant\/index.php\/wp-json\/wp\/v2\/comments?post=293"}],"version-history":[{"count":0,"href":"https:\/\/www.urbinavolant.com\/verbavolant\/index.php\/wp-json\/wp\/v2\/posts\/293\/revisions"}],"wp:attachment":[{"href":"https:\/\/www.urbinavolant.com\/verbavolant\/index.php\/wp-json\/wp\/v2\/media?parent=293"}],"wp:term":[{"taxonomy":"category","embeddable":true,"href":"https:\/\/www.urbinavolant.com\/verbavolant\/index.php\/wp-json\/wp\/v2\/categories?post=293"},{"taxonomy":"post_tag","embeddable":true,"href":"https:\/\/www.urbinavolant.com\/verbavolant\/index.php\/wp-json\/wp\/v2\/tags?post=293"}],"curies":[{"name":"wp","href":"https:\/\/api.w.org\/{rel}","templated":true}]}}