{"id":2976,"date":"2010-12-28T10:54:58","date_gmt":"2010-12-28T08:54:58","guid":{"rendered":"http:\/\/www.urbinavolant.com\/verbavolant\/?p=2976"},"modified":"2020-10-08T18:05:34","modified_gmt":"2020-10-08T17:05:34","slug":"no-no-voy-a-hacerlo-aproximacion-a-lo-que-seria-una-entrada-de-feliz-navidad-y-prospero-ano-nuevo","status":"publish","type":"post","link":"https:\/\/www.urbinavolant.com\/verbavolant\/index.php\/2010\/12\/28\/no-no-voy-a-hacerlo-aproximacion-a-lo-que-seria-una-entrada-de-feliz-navidad-y-prospero-ano-nuevo\/","title":{"rendered":"No, no voy a hacerlo &#8211; Aproximaci\u00f3n a lo que ser\u00eda una entrada de Feliz Navidad y Pr\u00f3spero A\u00f1o Nuevo"},"content":{"rendered":"<p style=\"text-align: center;\"><a href=\"http:\/\/www.flickr.com\/photos\/minato\/321254793\/in\/set-1430823\/\"><img data-recalc-dims=\"1\" loading=\"lazy\" decoding=\"async\" class=\"aligncenter size-full wp-image-2978\" src=\"https:\/\/i0.wp.com\/www.urbinavolant.com\/verbavolant\/wp-content\/uploads\/2010\/12\/Captura-de-pantalla-2010-12-28-a-las-09.52.38.png?resize=637%2C421&#038;ssl=1\" alt=\"\" width=\"637\" height=\"421\" srcset=\"https:\/\/i0.wp.com\/www.urbinavolant.com\/verbavolant\/wp-content\/uploads\/2010\/12\/Captura-de-pantalla-2010-12-28-a-las-09.52.38.png?w=637&amp;ssl=1 637w, https:\/\/i0.wp.com\/www.urbinavolant.com\/verbavolant\/wp-content\/uploads\/2010\/12\/Captura-de-pantalla-2010-12-28-a-las-09.52.38.png?resize=300%2C198&amp;ssl=1 300w\" sizes=\"auto, (max-width: 637px) 100vw, 637px\" \/><\/a><\/p>\n<p style=\"text-align: justify;\">No, no voy a hacer un post antinavide\u00f1o, aunque no me gusten mucho las fiestas navide\u00f1as. Ni voy a ser un gru\u00f1\u00f3n. Ni voy a hacer un discurso anticonsumista. No voy a ir por ah\u00ed repartiendo unas fotocopias para decir lo malos que somos, lo insolidarios que parecemos, lo contradictorio de nuestra cultura (que, por otra parte, no tiene nada de contradictoria: es, m\u00e1s bien, tautol\u00f3gica). No voy a mezclar las circunstancias personales de anta\u00f1o y de hoga\u00f1o para cruzarlas y extenderlas al mundo entero (y eterno). No voy a tirar piedras contra\u00a0<a href=\"http:\/\/www.imdb.com\/character\/ch0004658\/\" target=\"_blank\" rel=\"noopener noreferrer\">George Bailey<\/a> (\u00e9l, que tantas piedras tir\u00f3 contra la que ser\u00eda su casa; \u00e9l, que tanta energ\u00eda me ha transmitido con su vida casi truncada, luego celebrada, seguramente olvidada). No voy a argumentar sobre la superficie y sobre lo hondo, ni sobre lo divino y lo humano. No atender\u00e9 a las razones que ignora el coraz\u00f3n ni a las emociones que la raz\u00f3n ignora.<\/p>\n<p style=\"text-align: justify;\">Hoy, s\u00f3lo nos limitaremos a afirmar, con Nailya Ordabayeva y Pierre Chandon (<a href=\"http:\/\/www.journals.uchicago.edu\/doi\/abs\/10.1086\/658165\" target=\"_blank\" rel=\"noopener noreferrer\">\u00abGetting Ahead of the Joneses: When Equality Increases Conspicuous Consumption among Bottom-Tier Consumers\u00bb<\/a>, <em>Journal of Consumer Research<\/em>, vol. 0, december, 2010. Informaci\u00f3n descubierta <a href=\"http:\/\/depsicologia.com\/psicologia-de-consumo-competir-en-el-gasto-por-sobresalir-del-grupo\/\" target=\"_blank\" rel=\"noopener noreferrer\">aqu\u00ed<\/a>), que estamos en unas fechas en las que el consumo no se genera, aunque pudiera parecer un factor m\u00e1s, por la envidia, sino por la competencia. En la escala social en la que nos encontramos, todo el mundo se queda satisfecho consumiendo m\u00e1s. Probablemente, la raz\u00f3n radica en esa ansiedad que tenemos los seres humanos en sobresalir siendo algo m\u00e1s que los otros y en la tranquilidad que nos proporciona estar en un escal\u00f3n por encima de sus iguales. Estamos viviendo unos d\u00edas en los que todos intentamos poner lo mejor de nosotros mismos (al menos, lo mejor del exterior de nosotros mismos). Cada uno en el nivel de sus posibilidades. Paradojicamente, ese dar lo mejor de uno mismo siempre entra en una competici\u00f3n con (y, por lo tanto, contra) los dem\u00e1s. No lo llamamos envidia: lo llamamos \u00abel que venga detr\u00e1s, que arree\u00bb.<\/p>\n<p style=\"text-align: justify;\">Por lo tanto, no me queda otra que desearos Felices Fiestas (Navidad, A\u00f1o Nuevo). Seremos m\u00e1s felices cuanto m\u00e1s altos.<\/p>\n<p style=\"text-align: justify;\">(Imagen de <a href=\"http:\/\/www.flickr.com\/photos\/minato\/321254793\/in\/set-1430823\/\" target=\"_blank\" rel=\"noopener noreferrer\">Minato<\/a>.)<\/p>\n","protected":false},"excerpt":{"rendered":"<p>No, no voy a hacer un post antinavide\u00f1o, aunque no me gusten mucho las fiestas navide\u00f1as. Ni voy a ser un gru\u00f1\u00f3n. Ni voy a hacer un discurso anticonsumista. No voy a ir por ah\u00ed repartiendo unas fotocopias para decir lo malos que somos, lo insolidarios que parecemos, lo contradictorio de nuestra cultura (que, por &#8230; <a title=\"No, no voy a hacerlo &#8211; Aproximaci\u00f3n a lo que ser\u00eda una entrada de Feliz Navidad y Pr\u00f3spero A\u00f1o Nuevo\" class=\"read-more\" href=\"https:\/\/www.urbinavolant.com\/verbavolant\/index.php\/2010\/12\/28\/no-no-voy-a-hacerlo-aproximacion-a-lo-que-seria-una-entrada-de-feliz-navidad-y-prospero-ano-nuevo\/\" aria-label=\"Leer m\u00e1s sobre No, no voy a hacerlo &#8211; Aproximaci\u00f3n a lo que ser\u00eda una entrada de Feliz Navidad y Pr\u00f3spero A\u00f1o Nuevo\">Leer m\u00e1s<\/a><\/p>\n","protected":false},"author":1,"featured_media":0,"comment_status":"open","ping_status":"open","sticky":false,"template":"","format":"standard","meta":{"_monsterinsights_skip_tracking":false,"_monsterinsights_sitenote_active":false,"_monsterinsights_sitenote_note":"","_monsterinsights_sitenote_category":0,"_kadence_starter_templates_imported_post":false,"jetpack_post_was_ever_published":false,"_jetpack_newsletter_access":"","_jetpack_dont_email_post_to_subs":false,"_jetpack_newsletter_tier_id":0,"_jetpack_memberships_contains_paywalled_content":false,"_jetpack_memberships_contains_paid_content":false,"footnotes":"","jetpack_publicize_message":"","jetpack_publicize_feature_enabled":true,"jetpack_social_post_already_shared":false,"jetpack_social_options":{"image_generator_settings":{"template":"highway","default_image_id":0,"font":"","enabled":false},"version":2}},"categories":[72],"tags":[],"class_list":["post-2976","post","type-post","status-publish","format-standard","hentry","category-contrastes"],"jetpack_publicize_connections":[],"jetpack_featured_media_url":"","jetpack_shortlink":"https:\/\/wp.me\/pLsVN-M0","jetpack_sharing_enabled":true,"_links":{"self":[{"href":"https:\/\/www.urbinavolant.com\/verbavolant\/index.php\/wp-json\/wp\/v2\/posts\/2976","targetHints":{"allow":["GET"]}}],"collection":[{"href":"https:\/\/www.urbinavolant.com\/verbavolant\/index.php\/wp-json\/wp\/v2\/posts"}],"about":[{"href":"https:\/\/www.urbinavolant.com\/verbavolant\/index.php\/wp-json\/wp\/v2\/types\/post"}],"author":[{"embeddable":true,"href":"https:\/\/www.urbinavolant.com\/verbavolant\/index.php\/wp-json\/wp\/v2\/users\/1"}],"replies":[{"embeddable":true,"href":"https:\/\/www.urbinavolant.com\/verbavolant\/index.php\/wp-json\/wp\/v2\/comments?post=2976"}],"version-history":[{"count":0,"href":"https:\/\/www.urbinavolant.com\/verbavolant\/index.php\/wp-json\/wp\/v2\/posts\/2976\/revisions"}],"wp:attachment":[{"href":"https:\/\/www.urbinavolant.com\/verbavolant\/index.php\/wp-json\/wp\/v2\/media?parent=2976"}],"wp:term":[{"taxonomy":"category","embeddable":true,"href":"https:\/\/www.urbinavolant.com\/verbavolant\/index.php\/wp-json\/wp\/v2\/categories?post=2976"},{"taxonomy":"post_tag","embeddable":true,"href":"https:\/\/www.urbinavolant.com\/verbavolant\/index.php\/wp-json\/wp\/v2\/tags?post=2976"}],"curies":[{"name":"wp","href":"https:\/\/api.w.org\/{rel}","templated":true}]}}