{"id":3054,"date":"2011-01-10T08:27:49","date_gmt":"2011-01-10T07:27:49","guid":{"rendered":"http:\/\/www.urbinavolant.com\/verbavolant\/?p=3054"},"modified":"2011-01-10T08:27:49","modified_gmt":"2011-01-10T07:27:49","slug":"salida-de-humos","status":"publish","type":"post","link":"https:\/\/www.urbinavolant.com\/verbavolant\/index.php\/2011\/01\/10\/salida-de-humos\/","title":{"rendered":"Salida de humos"},"content":{"rendered":"<p style=\"text-align: center;\"><a href=\"http:\/\/www.flickr.com\/photos\/florianpictures\/3962727834\/\"><img data-recalc-dims=\"1\" loading=\"lazy\" decoding=\"async\" class=\"aligncenter size-full wp-image-3055\" title=\"Mangeur d\u00b4\u00c2mes\" src=\"https:\/\/i0.wp.com\/www.urbinavolant.com\/verbavolant\/wp-content\/uploads\/2011\/01\/Captura-de-pantalla-2011-01-10-a-las-08.26.14.png?resize=635%2C436&#038;ssl=1\" alt=\"\" width=\"635\" height=\"436\" srcset=\"https:\/\/i0.wp.com\/www.urbinavolant.com\/verbavolant\/wp-content\/uploads\/2011\/01\/Captura-de-pantalla-2011-01-10-a-las-08.26.14.png?w=635&amp;ssl=1 635w, https:\/\/i0.wp.com\/www.urbinavolant.com\/verbavolant\/wp-content\/uploads\/2011\/01\/Captura-de-pantalla-2011-01-10-a-las-08.26.14.png?resize=300%2C205&amp;ssl=1 300w\" sizes=\"auto, (max-width: 635px) 100vw, 635px\" \/><\/a><\/p>\n<p style=\"text-align: justify;\">Lo voy a decir, cueste lo que cueste. Me importa poco si la ley antitabaco va a conseguir reducir el n\u00famero de fumadores porque, salvo en menores, donde la incitaci\u00f3n al consumo es m\u00e1s que grave, cada uno es adicto a lo que quiere y es muy libre de morirse de lo que crea conveniente. Me importa poco que los fumadores se quejen de la falta de libertad con esta ley que ellos denominan restrictiva: si en vez de inhalar (y, por lo tanto, expulsar) la nicotina, el alquitr\u00e1n el humo se lo bebiesen, yo no les pondr\u00eda ninguna pega. Pero resulta que ese humo se lo tragaba el resto de la humanidad.<\/p>\n<p style=\"text-align: justify;\">He conocido fumadores de todo tipo. Algunos (pocos) son razonables; pero hay una gran mayor\u00eda que hace prevalecer su vicio sobre el sentido com\u00fan: como ellos son fumadores, incluso en las casas en las que hay ni\u00f1os se ponen a fumar en las comidas dom\u00e9sticas entre plato y plato, aunque haya ni\u00f1os (curiosamente, eso val\u00eda cuando los ni\u00f1os eran de los dem\u00e1s; si los ni\u00f1os son propios, los par\u00e1metros cambian). Lo que m\u00e1s gracia me hace de todo esto es c\u00f3mo var\u00eda su opini\u00f3n cuando dejan de ser fumadores.<\/p>\n<p style=\"text-align: justify;\">El asunto del tabaco ha llegado hasta aqu\u00ed no por la intolerancia actual del gobierno, sino por la intolerancia y la falta de educaci\u00f3n que han tenido ellos durante a\u00f1os y a\u00f1os, que no pensaban en los dem\u00e1s. Los que ya tenemos alg\u00fan que otro a\u00f1ito hemos visto fumar dentro de los colegios, en los cines, en los aviones y en el interior de los hospitales. Ahora cualquiera de estas situaciones nos parecer\u00eda extravagante. Que es, precisamente, lo que va a pasar cuando hablemos de esto dentro de unos a\u00f1os.<\/p>\n<p style=\"text-align: justify;\">Yo, ahora, respiro mejor. \u00bfY t\u00fa?<\/p>\n<p style=\"text-align: justify;\">(Imagen de <a href=\"http:\/\/www.flickr.com\/photos\/florianpictures\/3962727834\/\" target=\"_blank\">Florian Leroy<\/a>.)<\/p>\n","protected":false},"excerpt":{"rendered":"<p>Lo voy a decir, cueste lo que cueste. Me importa poco si la ley antitabaco va a conseguir reducir el n\u00famero de fumadores porque, salvo en menores, donde la incitaci\u00f3n al consumo es m\u00e1s que grave, cada uno es adicto a lo que quiere y es muy libre de morirse de lo que crea conveniente. &#8230; <a title=\"Salida de humos\" class=\"read-more\" href=\"https:\/\/www.urbinavolant.com\/verbavolant\/index.php\/2011\/01\/10\/salida-de-humos\/\" aria-label=\"Leer m\u00e1s sobre Salida de humos\">Leer m\u00e1s<\/a><\/p>\n","protected":false},"author":1,"featured_media":0,"comment_status":"open","ping_status":"open","sticky":false,"template":"","format":"standard","meta":{"_monsterinsights_skip_tracking":false,"_monsterinsights_sitenote_active":false,"_monsterinsights_sitenote_note":"","_monsterinsights_sitenote_category":0,"_kadence_starter_templates_imported_post":false,"jetpack_post_was_ever_published":false,"_jetpack_newsletter_access":"","_jetpack_dont_email_post_to_subs":false,"_jetpack_newsletter_tier_id":0,"_jetpack_memberships_contains_paywalled_content":false,"_jetpack_memberships_contains_paid_content":false,"footnotes":"","jetpack_publicize_message":"","jetpack_publicize_feature_enabled":true,"jetpack_social_post_already_shared":false,"jetpack_social_options":{"image_generator_settings":{"template":"highway","default_image_id":0,"font":"","enabled":false},"version":2}},"categories":[72,141],"tags":[],"class_list":["post-3054","post","type-post","status-publish","format-standard","hentry","category-contrastes","category-salud"],"jetpack_publicize_connections":[],"jetpack_featured_media_url":"","jetpack_shortlink":"https:\/\/wp.me\/pLsVN-Ng","jetpack_sharing_enabled":true,"_links":{"self":[{"href":"https:\/\/www.urbinavolant.com\/verbavolant\/index.php\/wp-json\/wp\/v2\/posts\/3054","targetHints":{"allow":["GET"]}}],"collection":[{"href":"https:\/\/www.urbinavolant.com\/verbavolant\/index.php\/wp-json\/wp\/v2\/posts"}],"about":[{"href":"https:\/\/www.urbinavolant.com\/verbavolant\/index.php\/wp-json\/wp\/v2\/types\/post"}],"author":[{"embeddable":true,"href":"https:\/\/www.urbinavolant.com\/verbavolant\/index.php\/wp-json\/wp\/v2\/users\/1"}],"replies":[{"embeddable":true,"href":"https:\/\/www.urbinavolant.com\/verbavolant\/index.php\/wp-json\/wp\/v2\/comments?post=3054"}],"version-history":[{"count":0,"href":"https:\/\/www.urbinavolant.com\/verbavolant\/index.php\/wp-json\/wp\/v2\/posts\/3054\/revisions"}],"wp:attachment":[{"href":"https:\/\/www.urbinavolant.com\/verbavolant\/index.php\/wp-json\/wp\/v2\/media?parent=3054"}],"wp:term":[{"taxonomy":"category","embeddable":true,"href":"https:\/\/www.urbinavolant.com\/verbavolant\/index.php\/wp-json\/wp\/v2\/categories?post=3054"},{"taxonomy":"post_tag","embeddable":true,"href":"https:\/\/www.urbinavolant.com\/verbavolant\/index.php\/wp-json\/wp\/v2\/tags?post=3054"}],"curies":[{"name":"wp","href":"https:\/\/api.w.org\/{rel}","templated":true}]}}