{"id":316,"date":"2008-03-20T08:32:28","date_gmt":"2008-03-20T08:32:28","guid":{"rendered":"http:\/\/www.urbinavolant.com\/verbavolant\/index.php\/2008\/03\/20\/nos-hacemos\/"},"modified":"2008-03-20T08:32:28","modified_gmt":"2008-03-20T08:32:28","slug":"nos-hacemos","status":"publish","type":"post","link":"https:\/\/www.urbinavolant.com\/verbavolant\/index.php\/2008\/03\/20\/nos-hacemos\/","title":{"rendered":"\u00bfNos hacemos?"},"content":{"rendered":"<p align=\"center\">\u00a0<img data-recalc-dims=\"1\" loading=\"lazy\" decoding=\"async\" src=\"https:\/\/i0.wp.com\/www.urbinavolant.com\/verbavolant\/wp-content\/uploads\/2008\/03\/pais_a.jpg?resize=169%2C139&#038;ssl=1\" width=\"169\" height=\"139\" title=\"Pais A\" alt=\"El Pa\u00eds \" \/><\/p>\n<p style=\"text-align: justify\">Ha nacido un nuevo pa\u00eds: es un pa\u00eds llamado -simplemente- <strong><em>a<\/em><\/strong>. Tiene <a href=\"http:\/\/www.hectormilla.com\/images\/937.jpg\" target=\"_blank\" title=\"Bandera de a\">bandera<\/a>, <a href=\"http:\/\/www.hectormilla.com\/images\/936.jpg\" target=\"_blank\" title=\"Logo de 'a'\">logo<\/a> y una <a href=\"http:\/\/www.hectormilla.com\/file_download\/25\" target=\"_blank\" title=\"Documentos sobre 'a'\">carta fundacional, manifiesto y gobierno en funciones<\/a>.\u00a0 Es un pa\u00eds virtual. A los que nos gusta esto de la virtualidad, sabemos que esto es tanto como decir <em>todo<\/em> y tanto como no decir <em>nada<\/em>. Lo real, a veces, es muy poco tangible; lo virtual, en muchas ocasiones, es bastante palpable y habitable&#8230; y se dan todas las viceversas posibles. <a href=\"http:\/\/www.hectormilla.com\/innovacion\/1849\/manifiesto-el-pais-llamado-a\" target=\"_blank\"><strong>a<\/strong><\/a> no renuncia a convertirse, en el futuro, en un lugar real. En justa correspondencia, a m\u00ed me gustar\u00eda que muchos pa\u00edses reales se convirtieran en virtuales. De hecho, gracias a <a href=\"http:\/\/www.elpais.com\/articulo\/opinion\/Declaraciones\/Aznar\/Irak\/elpepiopi\/20080320elpepiopi_8\/Tes\" target=\"_blank\" title=\"Aznar y la guerra\">algunos ex-presidentes<\/a>, creo que vamos por el buen camino de las reflexiones sobre la guerra-ficci\u00f3n.<\/p>\n<p style=\"text-align: justify\">La iniciativa corresponde a los fundadores del pa\u00eds, <a href=\"http:\/\/www.hectormilla.com\/\" target=\"_blank\" title=\"H\u00e9ctor Milla\">H\u00e9ctor Milla<\/a> -persona inquieta en el mundo de la Web 2.0 y creador del canal televisivo por Internet <em>Balzac TV<\/em>, que conoc\u00ed gracias a <a href=\"http:\/\/blogofago.com\/2008\/balzac-television-20\/\" target=\"_blank\">Blog\u00f3fago<\/a> (que ahora anda metido en un interesante proyecto televisivo llamado <a href=\"http:\/\/brgs.es\/\" target=\"_blank\" title=\"brgs\">brgs<\/a>) &#8211; y <a href=\"http:\/\/joanjimenez.wordpress.com\/\" target=\"_blank\" title=\"El blog de Joan Jim\u00e9nez\">Joan Jim\u00e9nez <\/a>-otro de los gur\u00fas de interesantes proyectos sobre la TV 2.0.<\/p>\n<p style=\"text-align: justify\">Yo no soy mucho de <a href=\"http:\/\/www.urbinavolant.com\/verbavolant\/index.php\/2008\/02\/14\/burgos-ciudad-de-tradicion\/\" target=\"_blank\" title=\"Burgos, ciudad de tra(d)ici\u00f3n\">ciudades<\/a>, de pa\u00edses ni de continentes reales, as\u00ed que me temo que tampoco lo ser\u00e9 de sus \u00e9mulos virtuales. Entre otras cosas, porque veo muchos inconvenientes a los pa\u00edses virtuales: \u00bfc\u00f3mo televisaremos las guerras cibern\u00e9ticas? \u00bfSe podr\u00e1 invadir un pa\u00eds m\u00e1s all\u00e1 de la v\u00eda del virus inform\u00e1tico? \u00bfSer\u00e1 posible llegar en patera o cayuco? \u00bfC\u00f3mo se hacen las gestiones para hacerse de la Uni\u00f3n Digital Europea? Adem\u00e1s, si los debates televisivos electorales en los pa\u00edses reales parecen de cart\u00f3n-piedra, los debates televisivos de las ubicaciones virtuales tendr\u00e1n que parecer de verdad. Y eso parece muy dif\u00edcil de conseguir en las democracias modernas. \u00bfQu\u00e9 tipo de programas televisivos habr\u00eda? \u00bfDe qu\u00e9 hablar\u00eda Iker Jim\u00e9nez y c\u00f3mo se titular\u00eda su programa? \u00bfSer\u00eda posible realizar <em>virtuality shows<\/em>? Las revistas guarrras, no me las quiero ni imaginar.<\/p>\n<p style=\"text-align: justify\">Esto de la virtualidad me recuerda al viejo chiste en el que van Mikel y Patxi dando un paseo y se encuentran con un cartel en el que pone \u00abAceros de Llodio\u00bb y Mikel le dice a Patxi: \u00abOye, Patxi, \u00bfnos hacemos?\u00bb<\/p>\n<p style=\"text-align: justify\"><span style=\"font-size: 11pt\">(Aprovecho la oportunidad para mandar un saludo cari\u00f1oso a los seguidores diarios de <em>Verba volant<\/em> en <a href=\"http:\/\/www.publico.es\/049832\/pancho\/llodio\" target=\"_blank\" title=\"Llodio\">Llodio<\/a>)\u00a0<o:p><\/o:p><\/span><\/p>\n","protected":false},"excerpt":{"rendered":"<p>\u00a0 Ha nacido un nuevo pa\u00eds: es un pa\u00eds llamado -simplemente- a. Tiene bandera, logo y una carta fundacional, manifiesto y gobierno en funciones.\u00a0 Es un pa\u00eds virtual. A los que nos gusta esto de la virtualidad, sabemos que esto es tanto como decir todo y tanto como no decir nada. Lo real, a veces, &#8230; <a title=\"\u00bfNos hacemos?\" class=\"read-more\" href=\"https:\/\/www.urbinavolant.com\/verbavolant\/index.php\/2008\/03\/20\/nos-hacemos\/\" aria-label=\"Leer m\u00e1s sobre \u00bfNos hacemos?\">Leer m\u00e1s<\/a><\/p>\n","protected":false},"author":1,"featured_media":0,"comment_status":"open","ping_status":"open","sticky":false,"template":"","format":"standard","meta":{"_monsterinsights_skip_tracking":false,"_monsterinsights_sitenote_active":false,"_monsterinsights_sitenote_note":"","_monsterinsights_sitenote_category":0,"_kadence_starter_templates_imported_post":false,"jetpack_post_was_ever_published":false,"_jetpack_newsletter_access":"","_jetpack_dont_email_post_to_subs":false,"_jetpack_newsletter_tier_id":0,"_jetpack_memberships_contains_paywalled_content":false,"_jetpack_memberships_contains_paid_content":false,"footnotes":"","jetpack_publicize_message":"","jetpack_publicize_feature_enabled":true,"jetpack_social_post_already_shared":false,"jetpack_social_options":{"image_generator_settings":{"template":"highway","default_image_id":0,"font":"","enabled":false},"version":2}},"categories":[90,25],"tags":[],"class_list":["post-316","post","type-post","status-publish","format-standard","hentry","category-elpaisllamadoa","category-realidad"],"jetpack_publicize_connections":[],"jetpack_featured_media_url":"","jetpack_shortlink":"https:\/\/wp.me\/pLsVN-56","jetpack_sharing_enabled":true,"_links":{"self":[{"href":"https:\/\/www.urbinavolant.com\/verbavolant\/index.php\/wp-json\/wp\/v2\/posts\/316","targetHints":{"allow":["GET"]}}],"collection":[{"href":"https:\/\/www.urbinavolant.com\/verbavolant\/index.php\/wp-json\/wp\/v2\/posts"}],"about":[{"href":"https:\/\/www.urbinavolant.com\/verbavolant\/index.php\/wp-json\/wp\/v2\/types\/post"}],"author":[{"embeddable":true,"href":"https:\/\/www.urbinavolant.com\/verbavolant\/index.php\/wp-json\/wp\/v2\/users\/1"}],"replies":[{"embeddable":true,"href":"https:\/\/www.urbinavolant.com\/verbavolant\/index.php\/wp-json\/wp\/v2\/comments?post=316"}],"version-history":[{"count":0,"href":"https:\/\/www.urbinavolant.com\/verbavolant\/index.php\/wp-json\/wp\/v2\/posts\/316\/revisions"}],"wp:attachment":[{"href":"https:\/\/www.urbinavolant.com\/verbavolant\/index.php\/wp-json\/wp\/v2\/media?parent=316"}],"wp:term":[{"taxonomy":"category","embeddable":true,"href":"https:\/\/www.urbinavolant.com\/verbavolant\/index.php\/wp-json\/wp\/v2\/categories?post=316"},{"taxonomy":"post_tag","embeddable":true,"href":"https:\/\/www.urbinavolant.com\/verbavolant\/index.php\/wp-json\/wp\/v2\/tags?post=316"}],"curies":[{"name":"wp","href":"https:\/\/api.w.org\/{rel}","templated":true}]}}