{"id":343,"date":"2008-04-03T05:53:04","date_gmt":"2008-04-03T05:53:04","guid":{"rendered":"http:\/\/www.urbinavolant.com\/verbavolant\/index.php\/2008\/04\/03\/el-silencio-y-la-muerte\/"},"modified":"2008-10-23T20:49:50","modified_gmt":"2008-10-23T18:49:50","slug":"el-silencio-y-la-muerte","status":"publish","type":"post","link":"https:\/\/www.urbinavolant.com\/verbavolant\/index.php\/2008\/04\/03\/el-silencio-y-la-muerte\/","title":{"rendered":"El silencio y la muerte"},"content":{"rendered":"<p style=\"text-align: center\"><a title=\"El triunfo de la muerte\" href=\"http:\/\/upload.wikimedia.org\/wikipedia\/commons\/1\/10\/Thetriumphofdeath.jpg\" target=\"_blank\"><img data-recalc-dims=\"1\" loading=\"lazy\" decoding=\"async\" src=\"https:\/\/i0.wp.com\/www.urbinavolant.com\/verbavolant\/wp-content\/uploads\/2008\/04\/muerte.jpg?resize=676%2C482&#038;ssl=1\" title=\"Muerte\" alt=\"El triunfo de la muerte\" width=\"676\" height=\"482\" \/><\/a><\/p>\n<p style=\"text-align: justify\">Ayer fue un gran d\u00eda. Una visita al <a title=\"Museo del Prado\" href=\"http:\/\/www.museodelprado.es\/index.php?id=49&amp;L=0\" target=\"_blank\">Museo del Prado<\/a> me permiti\u00f3 comprobar que hay ocasiones en que los museos son museos, que hay momentos en los que estos egregios edificios no son los parques tem\u00e1ticos en los que las administraciones, la sociedad, los individuos queremos convertirlos. La cola de la visita gratuita auguraba malos presagios pero, una vez diluida la multitud en la inmensidad, las dos horas de pl\u00e1cida visita me permitieron que las obras y yo nos mir\u00e1semos frente a frente, de t\u00fa a t\u00fa. Y tener una conversaci\u00f3n privada con los maestros de tu imaginaci\u00f3n es un lujo por el que hay que dar las gracias. Hac\u00eda mucho que no ten\u00eda el privilegio de que <a title=\"Vel\u00e1zquez\" href=\"http:\/\/es.wikipedia.org\/wiki\/Vel%C3%A1zquez\" target=\"_blank\">Vel\u00e1zquez<\/a> me hablase de su aire con susurros siendo yo, pobre de m\u00ed, protagonista de su propia obra; <a title=\"Francisco de Goya\" href=\"http:\/\/es.wikipedia.org\/wiki\/Goya\" target=\"_blank\">Goya<\/a> me explic\u00f3 el expresionismo (y el impresionismo) dici\u00e9ndome que esos movimientos no son un invento del siglo XIX (lleg\u00f3 a confesarme que era una leyenda urbana); <a title=\"Jos\u00e9 de Ribera\" href=\"http:\/\/es.wikipedia.org\/wiki\/Jos%C3%A9_de_Ribera\" target=\"_blank\">Ribera<\/a>, que se puede dialogar con el contraste y la oscuridad en tensi\u00f3n magn\u00edfica. Pero reconozco que yo, cuando voy al Prado, mantengo las conversaciones m\u00e1s delicadas, de esas de las que fuera de un museo s\u00f3lo se toman con una ca\u00f1a por delante, con <a title=\"El triunfo de la muerte\" href=\"http:\/\/es.wikipedia.org\/wiki\/El_Triunfo_de_la_Muerte\" target=\"_blank\"><em>El triunfo de la muerte<\/em><\/a> de Brueghel el Viejo (pinchando sobre la imagen, podr\u00e9is verla en su m\u00e1xima resoluci\u00f3n) . Tambi\u00e9n es cierto que, siempre que lo veo, he tenido la suerte de mirar de nuevo la muerte en silencio. Como habr\u00e1 que hacerlo cuando la muy puta invada nuestro destino.<\/p>\n<p style=\"text-align: justify\">(Esta entrada reconforta, despu\u00e9s de un d\u00eda horrible de julio, que me llev\u00f3 a dudar de la existencia de las <a title=\"Discutiendo sobre obras maestras\" href=\"http:\/\/www.urbinavolant.com\/verbavolant\/index.php\/2007\/11\/19\/discutiendo-sobre-obras-maestras\/\" target=\"_blank\">obras maestras<\/a>)<\/p>\n","protected":false},"excerpt":{"rendered":"<p>Ayer fue un gran d\u00eda. Una visita al Museo del Prado me permiti\u00f3 comprobar que hay ocasiones en que los museos son museos, que hay momentos en los que estos egregios edificios no son los parques tem\u00e1ticos en los que las administraciones, la sociedad, los individuos queremos convertirlos. La cola de la visita gratuita auguraba &#8230; <a title=\"El silencio y la muerte\" class=\"read-more\" href=\"https:\/\/www.urbinavolant.com\/verbavolant\/index.php\/2008\/04\/03\/el-silencio-y-la-muerte\/\" aria-label=\"Leer m\u00e1s sobre El silencio y la muerte\">Leer m\u00e1s<\/a><\/p>\n","protected":false},"author":1,"featured_media":0,"comment_status":"open","ping_status":"open","sticky":false,"template":"","format":"standard","meta":{"_monsterinsights_skip_tracking":false,"_monsterinsights_sitenote_active":false,"_monsterinsights_sitenote_note":"","_monsterinsights_sitenote_category":0,"_kadence_starter_templates_imported_post":false,"jetpack_post_was_ever_published":false,"_jetpack_newsletter_access":"","_jetpack_dont_email_post_to_subs":false,"_jetpack_newsletter_tier_id":0,"_jetpack_memberships_contains_paywalled_content":false,"_jetpack_memberships_contains_paid_content":false,"footnotes":"","jetpack_publicize_message":"","jetpack_publicize_feature_enabled":true,"jetpack_social_post_already_shared":false,"jetpack_social_options":{"image_generator_settings":{"template":"highway","default_image_id":0,"font":"","enabled":false},"version":2}},"categories":[39,26,30,40],"tags":[],"class_list":["post-343","post","type-post","status-publish","format-standard","hentry","category-arte","category-ficcion","category-muerte","category-obra-maestra"],"jetpack_publicize_connections":[],"jetpack_featured_media_url":"","jetpack_shortlink":"https:\/\/wp.me\/pLsVN-5x","jetpack_sharing_enabled":true,"_links":{"self":[{"href":"https:\/\/www.urbinavolant.com\/verbavolant\/index.php\/wp-json\/wp\/v2\/posts\/343","targetHints":{"allow":["GET"]}}],"collection":[{"href":"https:\/\/www.urbinavolant.com\/verbavolant\/index.php\/wp-json\/wp\/v2\/posts"}],"about":[{"href":"https:\/\/www.urbinavolant.com\/verbavolant\/index.php\/wp-json\/wp\/v2\/types\/post"}],"author":[{"embeddable":true,"href":"https:\/\/www.urbinavolant.com\/verbavolant\/index.php\/wp-json\/wp\/v2\/users\/1"}],"replies":[{"embeddable":true,"href":"https:\/\/www.urbinavolant.com\/verbavolant\/index.php\/wp-json\/wp\/v2\/comments?post=343"}],"version-history":[{"count":0,"href":"https:\/\/www.urbinavolant.com\/verbavolant\/index.php\/wp-json\/wp\/v2\/posts\/343\/revisions"}],"wp:attachment":[{"href":"https:\/\/www.urbinavolant.com\/verbavolant\/index.php\/wp-json\/wp\/v2\/media?parent=343"}],"wp:term":[{"taxonomy":"category","embeddable":true,"href":"https:\/\/www.urbinavolant.com\/verbavolant\/index.php\/wp-json\/wp\/v2\/categories?post=343"},{"taxonomy":"post_tag","embeddable":true,"href":"https:\/\/www.urbinavolant.com\/verbavolant\/index.php\/wp-json\/wp\/v2\/tags?post=343"}],"curies":[{"name":"wp","href":"https:\/\/api.w.org\/{rel}","templated":true}]}}