{"id":353,"date":"2008-04-09T20:47:31","date_gmt":"2008-04-09T20:47:31","guid":{"rendered":"http:\/\/www.urbinavolant.com\/verbavolant\/index.php\/2008\/04\/09\/la-creatividad-y-los-trastornos-cerebrales\/"},"modified":"2008-04-09T20:47:31","modified_gmt":"2008-04-09T20:47:31","slug":"la-creatividad-y-los-trastornos-cerebrales","status":"publish","type":"post","link":"https:\/\/www.urbinavolant.com\/verbavolant\/index.php\/2008\/04\/09\/la-creatividad-y-los-trastornos-cerebrales\/","title":{"rendered":"La creatividad y los trastornos cerebrales"},"content":{"rendered":"<p align=\"center\"><img data-recalc-dims=\"1\" loading=\"lazy\" decoding=\"async\" src=\"https:\/\/i0.wp.com\/www.urbinavolant.com\/verbavolant\/wp-content\/uploads\/2008\/04\/birthdeath.jpg?resize=426%2C340&#038;ssl=1\" title=\"Birthdeath\" alt=\"Birth &amp; Death, de Morgan Fox\" height=\"340\" width=\"426\" \/><\/p>\n<p style=\"text-align: justify\">\u00bfC\u00f3mo <em>desenravelar<\/em> -y desenredar- un bolero de Ravel sobre un lienzo? \u00bfAlguien conoce el secreto para pintar una migra\u00f1a? \u00bfAyuda padecer una afasia progresiva a desarrollar la creatividad art\u00edstica? \u00bfQu\u00e9 secreto esconde la <a href=\"http:\/\/brain.oxfordjournals.org\/cgi\/content\/abstract\/131\/1\/39\" target=\"_blank\" title=\"Unravelling Bolero\">zona posterior derecha del neoc\u00f3rtex<\/a>? \u00bfLa demencia prototemporal es un pasaporte para la excelencia pict\u00f3rica? Un <a href=\"http:\/\/www.nytimes.com\/2008\/04\/08\/health\/08brai.html?_r=1&amp;ref=health&amp;oref=slogin\" target=\"_blank\">art\u00edculo del <em>NYT<\/em><\/a> nos desvela la relaci\u00f3n existente entre ciertas enfermedades cerebrales y la expresividad pict\u00f3rica de quienes la padecen. La visita a <a href=\"http:\/\/72.9.98.98\/Art\/gallery.htm\" target=\"_blank\" title=\"Patient Art Gallery\">esta p\u00e1gina<\/a> , la lectura detenida de las patolog\u00edas degenerativas o dementes de sus creadores y la contemplaci\u00f3n simult\u00e1nea de sus obras quiz\u00e1 nos revele aspectos sobre los que merece la pena reflexionar. Desde una \u00f3ptica un poco lejana y extrema, dir\u00e9 que el arte se debe juzgar como tal, sea realizado con unas facultades, con otras, con una enfermedad o trazando l\u00edneas con el dedo gordo del pie. Pero la paradoja de que una enfermedad que retrae el cerebro en muchas tareas sobredimensione la creatividad de los pacientes no deja de ser una feliz y entra\u00f1able paradoja. Me gusta eso de que las creaciones humanas salgan de nuestro hemisferio izquierdo, que utilicemos el <a href=\"http:\/\/www.seriezeta.com\/k\/\" target=\"_blank\" title=\"Sr. K\">lado sano de nuestra cabeza<\/a> (tambi\u00e9n que saquemos el lado insano a pasear, en ocasiones), pero me gusta <em>mucho mucho<\/em> que haya una parte tan desconocida de nuestro yo que sea capaz de desmoronarse y erigirse a la vez. Es el colmo de la paradoja hecha arte. Por eso, quiero dejar aqu\u00ed constancia de mi admiraci\u00f3n por el cerebro de todos esos artistas a los que no tenemos que ver con pena, sino con sincera y <em>enferma <\/em>admiraci\u00f3n.<\/p>\n<p style=\"text-align: right\" align=\"right\"><span style=\"font-size: 10pt\">(La obra<em> Birth &amp; Death<\/em> es de <a href=\"http:\/\/72.9.98.98\/Art\/Patient%20Art\/pat_art_foxm.html\" target=\"_blank\" title=\"Morgan Fox\">Morgan Fox<\/a>, enferma de Alzheimer)<o:p><\/o:p><\/span><\/p>\n","protected":false},"excerpt":{"rendered":"<p>\u00bfC\u00f3mo desenravelar -y desenredar- un bolero de Ravel sobre un lienzo? \u00bfAlguien conoce el secreto para pintar una migra\u00f1a? \u00bfAyuda padecer una afasia progresiva a desarrollar la creatividad art\u00edstica? \u00bfQu\u00e9 secreto esconde la zona posterior derecha del neoc\u00f3rtex? \u00bfLa demencia prototemporal es un pasaporte para la excelencia pict\u00f3rica? Un art\u00edculo del NYT nos desvela la &#8230; <a title=\"La creatividad y los trastornos cerebrales\" class=\"read-more\" href=\"https:\/\/www.urbinavolant.com\/verbavolant\/index.php\/2008\/04\/09\/la-creatividad-y-los-trastornos-cerebrales\/\" aria-label=\"Leer m\u00e1s sobre La creatividad y los trastornos cerebrales\">Leer m\u00e1s<\/a><\/p>\n","protected":false},"author":1,"featured_media":0,"comment_status":"open","ping_status":"open","sticky":false,"template":"","format":"standard","meta":{"_monsterinsights_skip_tracking":false,"_monsterinsights_sitenote_active":false,"_monsterinsights_sitenote_note":"","_monsterinsights_sitenote_category":0,"_kadence_starter_templates_imported_post":false,"jetpack_post_was_ever_published":false,"_jetpack_newsletter_access":"","_jetpack_dont_email_post_to_subs":false,"_jetpack_newsletter_tier_id":0,"_jetpack_memberships_contains_paywalled_content":false,"_jetpack_memberships_contains_paid_content":false,"footnotes":"","jetpack_publicize_message":"","jetpack_publicize_feature_enabled":true,"jetpack_social_post_already_shared":false,"jetpack_social_options":{"image_generator_settings":{"template":"highway","default_image_id":0,"font":"","enabled":false},"version":2}},"categories":[39,99],"tags":[],"class_list":["post-353","post","type-post","status-publish","format-standard","hentry","category-arte","category-creatividad"],"jetpack_publicize_connections":[],"jetpack_featured_media_url":"","jetpack_shortlink":"https:\/\/wp.me\/pLsVN-5H","jetpack_sharing_enabled":true,"_links":{"self":[{"href":"https:\/\/www.urbinavolant.com\/verbavolant\/index.php\/wp-json\/wp\/v2\/posts\/353","targetHints":{"allow":["GET"]}}],"collection":[{"href":"https:\/\/www.urbinavolant.com\/verbavolant\/index.php\/wp-json\/wp\/v2\/posts"}],"about":[{"href":"https:\/\/www.urbinavolant.com\/verbavolant\/index.php\/wp-json\/wp\/v2\/types\/post"}],"author":[{"embeddable":true,"href":"https:\/\/www.urbinavolant.com\/verbavolant\/index.php\/wp-json\/wp\/v2\/users\/1"}],"replies":[{"embeddable":true,"href":"https:\/\/www.urbinavolant.com\/verbavolant\/index.php\/wp-json\/wp\/v2\/comments?post=353"}],"version-history":[{"count":0,"href":"https:\/\/www.urbinavolant.com\/verbavolant\/index.php\/wp-json\/wp\/v2\/posts\/353\/revisions"}],"wp:attachment":[{"href":"https:\/\/www.urbinavolant.com\/verbavolant\/index.php\/wp-json\/wp\/v2\/media?parent=353"}],"wp:term":[{"taxonomy":"category","embeddable":true,"href":"https:\/\/www.urbinavolant.com\/verbavolant\/index.php\/wp-json\/wp\/v2\/categories?post=353"},{"taxonomy":"post_tag","embeddable":true,"href":"https:\/\/www.urbinavolant.com\/verbavolant\/index.php\/wp-json\/wp\/v2\/tags?post=353"}],"curies":[{"name":"wp","href":"https:\/\/api.w.org\/{rel}","templated":true}]}}