{"id":3587,"date":"2011-11-08T09:15:53","date_gmt":"2011-11-08T08:15:53","guid":{"rendered":"http:\/\/www.urbinavolant.com\/verbavolant\/?p=3587"},"modified":"2011-11-08T09:17:48","modified_gmt":"2011-11-08T08:17:48","slug":"cuando-el-ano-se-nos-divide-en-dos-partes-dialogos-20","status":"publish","type":"post","link":"https:\/\/www.urbinavolant.com\/verbavolant\/index.php\/2011\/11\/08\/cuando-el-ano-se-nos-divide-en-dos-partes-dialogos-20\/","title":{"rendered":"Cuando el a\u00f1o se nos divide en dos partes &#8211; Di\u00e1logos #20"},"content":{"rendered":"<p style=\"text-align: center;\"><a href=\"http:\/\/www.flickr.com\/photos\/motivifashion\/5915250964\/in\/set-72157627006018963\/\"><img data-recalc-dims=\"1\" loading=\"lazy\" decoding=\"async\" class=\"aligncenter size-full wp-image-3588\" src=\"https:\/\/i0.wp.com\/www.urbinavolant.com\/verbavolant\/wp-content\/uploads\/2011\/11\/5915250964_8b081f8a9c_b.jpg?resize=328%2C491&#038;ssl=1\" alt=\"\" width=\"328\" height=\"491\" srcset=\"https:\/\/i0.wp.com\/www.urbinavolant.com\/verbavolant\/wp-content\/uploads\/2011\/11\/5915250964_8b081f8a9c_b.jpg?w=683&amp;ssl=1 683w, https:\/\/i0.wp.com\/www.urbinavolant.com\/verbavolant\/wp-content\/uploads\/2011\/11\/5915250964_8b081f8a9c_b.jpg?resize=200%2C300&amp;ssl=1 200w\" sizes=\"auto, (max-width: 328px) 100vw, 328px\" \/><\/a><\/p>\n<p>ELLA. Hac\u00eda mucho tiempo que no nos sent\u00e1bamos, que nos pon\u00edamos a hablar de nuestras cosas.<\/p>\n<p>\u00c9L. \u00a1Qu\u00e9 bien! Estoy plet\u00f3rico.<\/p>\n<p>ELLA. Anda, tonto, que lo estabas deseando.<\/p>\n<p>\u00c9L. Bueno, contando con que me has dejado a tres p\u00e1ginas del final del libro, que me est\u00e1 encantando, ya te puedes imaginar. Lo dicho: plet\u00f3rico.<\/p>\n<p>ELLA. \u00bfQu\u00e9 es lo que nos hace tan diferentes?<\/p>\n<p>\u00c9L. Si somos casi iguales.<\/p>\n<p>ELLA. No, no somos iguales. Mira, he pensado que esto se debe a tu daltonismo. El que no distingas algunos colores de otros te hace vivir en una realidad diferente. Las cosas no pueden ser iguales cuando los matices son distintos.<\/p>\n<p>\u00c9L. Si me apuras, igual hasta tengo que pedir una pensi\u00f3n de incapacidad, con los tiempos que corren. \u00bfMe vas a hacer creer que dices esto en serio?<\/p>\n<p>ELLA. S\u00ed. Ves la realidad con otros matices y eso te hace pensar as\u00ed, distinto y raro.<\/p>\n<p>\u00c9L. Quiz\u00e1 no te hayas dado cuenta de que la vida, quiz\u00e1, no se mida solo con matices crom\u00e1ticos, sino con otro tipo de gradaciones y graduaciones. Tambi\u00e9n puedo ver la vida distinta porque soy miope, o porque tengo astigmatismo, o porque no puedo inhalar profundamente el aire de la primavera debido a mi alergia. Pero no todo son trabas f\u00edsicas.<\/p>\n<p>ELLA. Pero influyen.<\/p>\n<p>\u00c9L. Aqu\u00ed, lo \u00fanico que influye es que t\u00fa vives una vida de vuelo comercial en clase preferente y yo una de vuelo <em>low cost<\/em>. Pero hay una cosa que nos une: los dos dividimos el a\u00f1o en dos. Para ti, est\u00e1 dividida en la temporada de <em>fall-winter<\/em> y la de <em>spring-summer<\/em>. Para m\u00ed, se divide en las rebajas de invierno y las de verano. La vida se segmenta en clases, desde la A hasta la Z. T\u00fa habitas en las primeras letras del abecedario, yo dormito en el furg\u00f3n de cola, en el lumpen del alfabeto.<\/p>\n<p>ELLA. Lo que te pasa, es que no ver bien, no distingues bien, no inhalas bien y te obsesiones tanto que te da por no respirar, por no mirar. Y eso te hace no ser realista, que no consiste en ver la realidad siempre te\u00f1ida de oscuro, sino en contemplarla de forma serena.<\/p>\n<p>\u00c9L. Ser\u00e1 eso, no te digo que no. Te voy a pedir un favor, si no te molesta. \u00bfMe dejas que acabe el libro, que me est\u00e1 gustando mucho y despu\u00e9s hablamos? De lo que quieras. En serio.<\/p>\n<p>(Imagen de <a href=\"http:\/\/www.flickr.com\/photos\/motivifashion\/5915250964\/in\/set-72157627006018963\/\" target=\"_blank\">motivi Fashion<\/a>.)<\/p>\n","protected":false},"excerpt":{"rendered":"<p>ELLA. Hac\u00eda mucho tiempo que no nos sent\u00e1bamos, que nos pon\u00edamos a hablar de nuestras cosas. \u00c9L. \u00a1Qu\u00e9 bien! Estoy plet\u00f3rico. ELLA. Anda, tonto, que lo estabas deseando. \u00c9L. Bueno, contando con que me has dejado a tres p\u00e1ginas del final del libro, que me est\u00e1 encantando, ya te puedes imaginar. Lo dicho: plet\u00f3rico. ELLA. &#8230; <a title=\"Cuando el a\u00f1o se nos divide en dos partes &#8211; Di\u00e1logos #20\" class=\"read-more\" href=\"https:\/\/www.urbinavolant.com\/verbavolant\/index.php\/2011\/11\/08\/cuando-el-ano-se-nos-divide-en-dos-partes-dialogos-20\/\" aria-label=\"Leer m\u00e1s sobre Cuando el a\u00f1o se nos divide en dos partes &#8211; Di\u00e1logos #20\">Leer m\u00e1s<\/a><\/p>\n","protected":false},"author":1,"featured_media":0,"comment_status":"open","ping_status":"open","sticky":false,"template":"","format":"standard","meta":{"_monsterinsights_skip_tracking":false,"_monsterinsights_sitenote_active":false,"_monsterinsights_sitenote_note":"","_monsterinsights_sitenote_category":0,"_kadence_starter_templates_imported_post":false,"jetpack_post_was_ever_published":false,"_jetpack_newsletter_access":"","_jetpack_dont_email_post_to_subs":false,"_jetpack_newsletter_tier_id":0,"_jetpack_memberships_contains_paywalled_content":false,"_jetpack_memberships_contains_paid_content":false,"footnotes":"","jetpack_publicize_message":"","jetpack_publicize_feature_enabled":true,"jetpack_social_post_already_shared":false,"jetpack_social_options":{"image_generator_settings":{"template":"highway","default_image_id":0,"font":"","enabled":false},"version":2}},"categories":[72],"tags":[160],"class_list":["post-3587","post","type-post","status-publish","format-standard","hentry","category-contrastes","tag-dialogo"],"jetpack_publicize_connections":[],"jetpack_featured_media_url":"","jetpack_shortlink":"https:\/\/wp.me\/pLsVN-VR","jetpack_sharing_enabled":true,"_links":{"self":[{"href":"https:\/\/www.urbinavolant.com\/verbavolant\/index.php\/wp-json\/wp\/v2\/posts\/3587","targetHints":{"allow":["GET"]}}],"collection":[{"href":"https:\/\/www.urbinavolant.com\/verbavolant\/index.php\/wp-json\/wp\/v2\/posts"}],"about":[{"href":"https:\/\/www.urbinavolant.com\/verbavolant\/index.php\/wp-json\/wp\/v2\/types\/post"}],"author":[{"embeddable":true,"href":"https:\/\/www.urbinavolant.com\/verbavolant\/index.php\/wp-json\/wp\/v2\/users\/1"}],"replies":[{"embeddable":true,"href":"https:\/\/www.urbinavolant.com\/verbavolant\/index.php\/wp-json\/wp\/v2\/comments?post=3587"}],"version-history":[{"count":0,"href":"https:\/\/www.urbinavolant.com\/verbavolant\/index.php\/wp-json\/wp\/v2\/posts\/3587\/revisions"}],"wp:attachment":[{"href":"https:\/\/www.urbinavolant.com\/verbavolant\/index.php\/wp-json\/wp\/v2\/media?parent=3587"}],"wp:term":[{"taxonomy":"category","embeddable":true,"href":"https:\/\/www.urbinavolant.com\/verbavolant\/index.php\/wp-json\/wp\/v2\/categories?post=3587"},{"taxonomy":"post_tag","embeddable":true,"href":"https:\/\/www.urbinavolant.com\/verbavolant\/index.php\/wp-json\/wp\/v2\/tags?post=3587"}],"curies":[{"name":"wp","href":"https:\/\/api.w.org\/{rel}","templated":true}]}}