{"id":3806,"date":"2012-02-29T20:30:08","date_gmt":"2012-02-29T19:30:08","guid":{"rendered":"http:\/\/www.urbinavolant.com\/verbavolant\/?p=3806"},"modified":"2012-02-29T20:30:17","modified_gmt":"2012-02-29T19:30:17","slug":"entre-la-prosopoagnosia-y-la-acromatopsia-dialogos-23","status":"publish","type":"post","link":"https:\/\/www.urbinavolant.com\/verbavolant\/index.php\/2012\/02\/29\/entre-la-prosopoagnosia-y-la-acromatopsia-dialogos-23\/","title":{"rendered":"Entre la prosopoagnosia y la acromatopsia &#8211; Di\u00e1logos #23"},"content":{"rendered":"<p style=\"text-align: center;\"><a href=\"http:\/\/www.flickr.com\/photos\/chopo63\/4232816096\"><img data-recalc-dims=\"1\" loading=\"lazy\" decoding=\"async\" class=\"aligncenter size-full wp-image-3807\" title=\"4232816096_81a1169eb9_z\" src=\"https:\/\/i0.wp.com\/www.urbinavolant.com\/verbavolant\/wp-content\/uploads\/2012\/02\/4232816096_81a1169eb9_z.jpg?resize=640%2C569&#038;ssl=1\" alt=\"\" width=\"640\" height=\"569\" srcset=\"https:\/\/i0.wp.com\/www.urbinavolant.com\/verbavolant\/wp-content\/uploads\/2012\/02\/4232816096_81a1169eb9_z.jpg?w=640&amp;ssl=1 640w, https:\/\/i0.wp.com\/www.urbinavolant.com\/verbavolant\/wp-content\/uploads\/2012\/02\/4232816096_81a1169eb9_z.jpg?resize=300%2C266&amp;ssl=1 300w\" sizes=\"auto, (max-width: 640px) 100vw, 640px\" \/><\/a><\/p>\n<p style=\"text-align: justify;\">ELLA. Tengo un serio problema para recordar las caras. Me saluda gente por la tarde y les digo adi\u00f3s, pero no tengo ni idea de qui\u00e9nes son.<\/p>\n<p style=\"text-align: justify;\">\u00c9L. En eso tengo yo ventaja. Paso de saludar y punto. As\u00ed me quito de historias.<\/p>\n<p style=\"text-align: justify;\">ELLA. Que no es cosa de broma. El otro d\u00eda me par\u00f3 en la puerta del supermercado una se\u00f1ora, que me trataba como si me conociese de toda la vida. Yo le segu\u00ed un poco el rollo, a ver si consegu\u00eda alguna pista, pero nada. Creo que se dio cuenta. Al despedirse, se la ve\u00eda un poco borde.<\/p>\n<p style=\"text-align: justify;\">\u00c9L. Pues mira t\u00fa que problema.<\/p>\n<p style=\"text-align: justify;\">ELLA. Pues s\u00ed, un problema. Tanto como que el otro d\u00eda entr\u00e9 en la fruter\u00eda y me di cuenta de que era la chica que trabaja all\u00ed por las tardes.<\/p>\n<p style=\"text-align: justify;\">\u00c9L. Ahora entiendo por qu\u00e9 te dio las peras medio podridas.<\/p>\n<p style=\"text-align: justify;\">ELLA. He mirado por internet. Y lo que tengo es una enfermedad: se llama prosopoagnosia.<\/p>\n<p style=\"text-align: justify;\">\u00c9L. F\u00edjate.<\/p>\n<p style=\"text-align: justify;\">ELLA. Que no te lo tomes a chunga, que es una disfunci\u00f3n cerebral o algo as\u00ed.<\/p>\n<p style=\"text-align: justify;\">\u00c9L. Mujer, no todo va a funcionar bien. Recuerda al tipo aquel del libro de Sacks, que confundi\u00f3 a su mujer con un sombrero.<\/p>\n<p style=\"text-align: justify;\">ELLA. Yo estoy preocupada.<\/p>\n<p style=\"text-align: justify;\">\u00c9L. Est\u00e1s preocupada ahora que ves que la cosa tiene un nombre raro. Antes pensabas que eras despistada, as\u00ed que no exageres.<\/p>\n<p style=\"text-align: justify;\">ELLA. No es tan sencillo.<\/p>\n<p style=\"text-align: justify;\">\u00c9L. Y mira que te has re\u00eddo de m\u00ed por no distinguir los colores. Eso s\u00ed que le cambia la vida a alguien: confundir la sangre con el caf\u00e9. O que te pille un tranv\u00eda. Pero claro, eso, como mucho, lo llaman daltonismo. Pues no, bonita, tambi\u00e9n tiene un nombre raro: acromatopsia. Lo tuyo, a fin de cuentas, pasar de la gravedad al simple si te he visto, no me acuerdo. Lo m\u00edo es perder los matices que dibujan el mundo para quedarme, solo, perdido, con cuatro m\u00edseros pinceles.<\/p>\n<p style=\"text-align: justify;\">ELLA. Ya estamos: t\u00fa siempre el que m\u00e1s.<\/p>\n<p style=\"text-align: justify;\">\u00c9L. No, el que menos. Con tres colores.<\/p>\n<p style=\"text-align: justify;\">(La imagen es de <a href=\"http:\/\/www.flickr.com\/photos\/chopo63\/4232816096\" target=\"_blank\">Universallyspeaking<\/a>, sobre la portada de un libro de Freud.)<\/p>\n","protected":false},"excerpt":{"rendered":"<p>ELLA. Tengo un serio problema para recordar las caras. Me saluda gente por la tarde y les digo adi\u00f3s, pero no tengo ni idea de qui\u00e9nes son. \u00c9L. En eso tengo yo ventaja. Paso de saludar y punto. As\u00ed me quito de historias. ELLA. Que no es cosa de broma. El otro d\u00eda me par\u00f3 &#8230; <a title=\"Entre la prosopoagnosia y la acromatopsia &#8211; Di\u00e1logos #23\" class=\"read-more\" href=\"https:\/\/www.urbinavolant.com\/verbavolant\/index.php\/2012\/02\/29\/entre-la-prosopoagnosia-y-la-acromatopsia-dialogos-23\/\" aria-label=\"Leer m\u00e1s sobre Entre la prosopoagnosia y la acromatopsia &#8211; Di\u00e1logos #23\">Leer m\u00e1s<\/a><\/p>\n","protected":false},"author":1,"featured_media":0,"comment_status":"open","ping_status":"open","sticky":false,"template":"","format":"standard","meta":{"_monsterinsights_skip_tracking":false,"_monsterinsights_sitenote_active":false,"_monsterinsights_sitenote_note":"","_monsterinsights_sitenote_category":0,"_kadence_starter_templates_imported_post":false,"jetpack_post_was_ever_published":false,"_jetpack_newsletter_access":"","_jetpack_dont_email_post_to_subs":false,"_jetpack_newsletter_tier_id":0,"_jetpack_memberships_contains_paywalled_content":false,"_jetpack_memberships_contains_paid_content":false,"footnotes":"","jetpack_publicize_message":"","jetpack_publicize_feature_enabled":true,"jetpack_social_post_already_shared":false,"jetpack_social_options":{"image_generator_settings":{"template":"highway","default_image_id":0,"font":"","enabled":false},"version":2}},"categories":[72],"tags":[],"class_list":["post-3806","post","type-post","status-publish","format-standard","hentry","category-contrastes"],"jetpack_publicize_connections":[],"jetpack_featured_media_url":"","jetpack_shortlink":"https:\/\/wp.me\/pLsVN-Zo","jetpack_sharing_enabled":true,"_links":{"self":[{"href":"https:\/\/www.urbinavolant.com\/verbavolant\/index.php\/wp-json\/wp\/v2\/posts\/3806","targetHints":{"allow":["GET"]}}],"collection":[{"href":"https:\/\/www.urbinavolant.com\/verbavolant\/index.php\/wp-json\/wp\/v2\/posts"}],"about":[{"href":"https:\/\/www.urbinavolant.com\/verbavolant\/index.php\/wp-json\/wp\/v2\/types\/post"}],"author":[{"embeddable":true,"href":"https:\/\/www.urbinavolant.com\/verbavolant\/index.php\/wp-json\/wp\/v2\/users\/1"}],"replies":[{"embeddable":true,"href":"https:\/\/www.urbinavolant.com\/verbavolant\/index.php\/wp-json\/wp\/v2\/comments?post=3806"}],"version-history":[{"count":0,"href":"https:\/\/www.urbinavolant.com\/verbavolant\/index.php\/wp-json\/wp\/v2\/posts\/3806\/revisions"}],"wp:attachment":[{"href":"https:\/\/www.urbinavolant.com\/verbavolant\/index.php\/wp-json\/wp\/v2\/media?parent=3806"}],"wp:term":[{"taxonomy":"category","embeddable":true,"href":"https:\/\/www.urbinavolant.com\/verbavolant\/index.php\/wp-json\/wp\/v2\/categories?post=3806"},{"taxonomy":"post_tag","embeddable":true,"href":"https:\/\/www.urbinavolant.com\/verbavolant\/index.php\/wp-json\/wp\/v2\/tags?post=3806"}],"curies":[{"name":"wp","href":"https:\/\/api.w.org\/{rel}","templated":true}]}}