{"id":391,"date":"2008-05-11T20:44:48","date_gmt":"2008-05-11T20:44:48","guid":{"rendered":"http:\/\/www.urbinavolant.com\/verbavolant\/index.php\/2008\/05\/11\/cuando-los-angeles-crien-sexo\/"},"modified":"2008-05-11T20:47:14","modified_gmt":"2008-05-11T20:47:14","slug":"cuando-los-angeles-crien-sexo","status":"publish","type":"post","link":"https:\/\/www.urbinavolant.com\/verbavolant\/index.php\/2008\/05\/11\/cuando-los-angeles-crien-sexo\/","title":{"rendered":"Cuando los \u00e1ngeles cr\u00eden sexo"},"content":{"rendered":"<p align=\"center\">&nbsp;<\/p>\n<p align=\"center\"><img data-recalc-dims=\"1\" loading=\"lazy\" decoding=\"async\" src=\"https:\/\/i0.wp.com\/www.urbinavolant.com\/verbavolant\/wp-content\/uploads\/2008\/05\/angeles.jpg?resize=436%2C229&#038;ssl=1\" title=\"Angeles\" alt=\"\u00c1ngeles\" height=\"229\" width=\"436\" \/><\/p>\n<p style=\"text-align: justify\">Hoy es uno de esos d\u00edas en los que a uno le apetece protestar contra todo y contra todos. Uno de esos d\u00edas en que lo m\u00e1s confortable para el cuerpo es el inconformismo del alma. El d\u00eda de los \u00e1ngeles y de los demonios. Y de m\u00e1s cosas. Una de mis inspiraciones, lo reconozco, ha sido la visita de los dos sitios web del <a href=\"http:\/\/www.elpais.com\/articulo\/sociedad\/hombre\/discute\/diablo\/elpepusoc\/20080510elpepusoc_6\/Tes\" target=\"_blank\" title=\"Jos\u00e9 Antonio Fortea, en El Pa\u00eds\">padre Fortea<\/a> (<a href=\"http:\/\/www.fortea.ws\" target=\"_blank\" title=\"Jos\u00e9 Antonio Fortea 1\">1<\/a> y <a href=\"http:\/\/www.fortea.us\/\" target=\"_blank\" title=\"Jos\u00e9 Antonio Fortea 2\">2<\/a>), sacerdote que exorciza y que me ha dejado entre anonadado y patidifuso. Pero hoy no hablaremos de eso. Dec\u00eda que es el d\u00eda de los \u00e1ngeles y de los demonios, pero tambi\u00e9n de los fantasmas. Seg\u00fan se nos dice en <a href=\"http:\/\/www.fortea.us\/spanish\/respuestas\/fantasmas.htm\" target=\"_blank\">una p\u00e1gina<\/a> de las web susodichas, los fantasmas son de lo m\u00e1s concurrido entre los exorcistas: se aparecen con forma humana, no dicen nada y tienen un car\u00e1cter amenazante y terror\u00edfico. Yo -de momento- no tengo nada de <a href=\"http:\/\/www.imdb.com\/title\/tt0070047\/\" target=\"_blank\" title=\"El exorcista\">padre Karras<\/a>, pero desde hace cosa de un a\u00f1o a esta parte conozco a unas cuantas personas que cumplen uno por uno todos los requisitos. Por si acaso, tengo que ir haci\u00e9ndome con <a href=\"http:\/\/www.fortea.ws\/libros.htm\" target=\"_blank\">alguno de estos libros<\/a> para documentarme. Y creo que esos fantasmas, demonios y dem\u00e1s son ajenos y no propios, pero ahora me asalta la duda. Mis padres siempre dec\u00edan que era muy <a href=\"http:\/\/www.fortea.us\/english\/psiquiatria\/psiquiatria.htm\" target=\"_blank\">posesivo<\/a>. Y ahora me encuentro con que hay gente y gente que no para de mirarme. \u00bfTendr\u00e9 <a href=\"http:\/\/www.fortea.us\/english\/psiquiatria\/criterios.htm\" target=\"_blank\">s\u00edntomas<\/a>? Ira furiosa y p\u00e9rdida de consciencia y amnesia, segunda personalidad con car\u00e1cter maligno, m\u00fasculos faciales en tensi\u00f3n y manos crispadas, voz henchida de odio y rabia&#8230; Fuera de esto, parecemos m\u00e1s o menos normales pero vemos sombras, sentimos sensaciones extra\u00f1as o crujidos en alguna parte del cuerpo: a m\u00ed me pasa mucho con los pies&#8230; Total, nada que no pueda confundirse con un <a href=\"http:\/\/es.wikipedia.org\/wiki\/Trastorno_de_identidad_disociativo\" target=\"_blank\">desorden disociativo<\/a> de andar por casa.<\/p>\n<p style=\"text-align: justify\">Fantasmas a mi alrededor, yo hecho un poco diablo. \u00bfD\u00f3nde queda sitio en esta vida para los \u00e1ngeles? No s\u00e9. Yo llevo todo el d\u00eda acord\u00e1ndome de <a href=\"http:\/\/es.wikisource.org\/wiki\/Poemas_de_la_soledad_en_Columbia_University\" target=\"_blank\" title=\"Asesinado por el cielo\">unos versos<\/a> de <a href=\"http:\/\/es.wikipedia.org\/wiki\/Federico_Garc%C3%ADa_Lorca\" target=\"_blank\" title=\"Lorca, en wikipedia\">Lorca<\/a>: \u00abAsesinado por el cielo. \/ Entre las formas que van hacia la sierpe \/ y las formas que buscan el cristal, \/ dejar\u00e9 crecer mis cabellos.\u00bb Que no intenten los entendidos del universo lorquiano encontrar tras estos versos un m\u00e1s que probable trasfondo homosexual aplicado a mi humilde persona, que no van por ah\u00ed los tiros. Otra posible interpretaci\u00f3n ser\u00eda la de la rebeld\u00eda obstinada del poeta ante el mundo que le ha tocado vivir, demasiado oscuro o demasiado claro, pero sin muchos matices. Me siento, como Lorca, asesinado por el cielo. Me siento el raro de turno, Pitufo gru\u00f1\u00f3n contra todo lo que existe de estratosfera para abajo (lo de arriba, afortunadamente, lo ignoro. Y no conozco a\u00fan <a href=\"http:\/\/www.google.es\/sky\/\" target=\"_blank\" title=\"Google Sky\">Google Sky<\/a>). Estoy rodeado de gente tan infinitamente buena, tan infinitamente santa y tan infinitamente importante, que su estatura moral se aleja mucho de mi enanismo, que se cobija en las suelas de los zapatos (no s\u00e9 si de los suyos o de los m\u00edos). \u00bfFantasma? Con esas caracter\u00edsticas que he mencionado, muy poco. \u00bfDemonio? Parece que mucho. \u00bf\u00c1ngel? Ni de co\u00f1a. Por lo menos, hasta que los \u00e1ngeles cr\u00eden sexo. Como las ranas (\u00bfo era pelo?).<\/p>\n<p style=\"text-align: right\" align=\"right\"><span style=\"font-size: 10pt\">(Imagen a partir de una fotograf\u00eda de <a href=\"http:\/\/flickr.com\/photos\/manel\/41973680\/\" target=\"_blank\">Manel<\/a>)<o:p><\/o:p><\/span><\/p>\n<p class=\"MsoNormal\"><o:p> <\/o:p><\/p>\n","protected":false},"excerpt":{"rendered":"<p>&nbsp; Hoy es uno de esos d\u00edas en los que a uno le apetece protestar contra todo y contra todos. Uno de esos d\u00edas en que lo m\u00e1s confortable para el cuerpo es el inconformismo del alma. El d\u00eda de los \u00e1ngeles y de los demonios. Y de m\u00e1s cosas. Una de mis inspiraciones, lo &#8230; <a title=\"Cuando los \u00e1ngeles cr\u00eden sexo\" class=\"read-more\" href=\"https:\/\/www.urbinavolant.com\/verbavolant\/index.php\/2008\/05\/11\/cuando-los-angeles-crien-sexo\/\" aria-label=\"Leer m\u00e1s sobre Cuando los \u00e1ngeles cr\u00eden sexo\">Leer m\u00e1s<\/a><\/p>\n","protected":false},"author":1,"featured_media":0,"comment_status":"open","ping_status":"open","sticky":false,"template":"","format":"standard","meta":{"_monsterinsights_skip_tracking":false,"_monsterinsights_sitenote_active":false,"_monsterinsights_sitenote_note":"","_monsterinsights_sitenote_category":0,"_kadence_starter_templates_imported_post":false,"jetpack_post_was_ever_published":false,"_jetpack_newsletter_access":"","_jetpack_dont_email_post_to_subs":false,"_jetpack_newsletter_tier_id":0,"_jetpack_memberships_contains_paywalled_content":false,"_jetpack_memberships_contains_paid_content":false,"footnotes":"","jetpack_publicize_message":"","jetpack_publicize_feature_enabled":true,"jetpack_social_post_already_shared":false,"jetpack_social_options":{"image_generator_settings":{"template":"highway","default_image_id":0,"font":"","enabled":false},"version":2}},"categories":[101,65],"tags":[],"class_list":["post-391","post","type-post","status-publish","format-standard","hentry","category-protesta","category-sentido"],"jetpack_publicize_connections":[],"jetpack_featured_media_url":"","jetpack_shortlink":"https:\/\/wp.me\/pLsVN-6j","jetpack_sharing_enabled":true,"_links":{"self":[{"href":"https:\/\/www.urbinavolant.com\/verbavolant\/index.php\/wp-json\/wp\/v2\/posts\/391","targetHints":{"allow":["GET"]}}],"collection":[{"href":"https:\/\/www.urbinavolant.com\/verbavolant\/index.php\/wp-json\/wp\/v2\/posts"}],"about":[{"href":"https:\/\/www.urbinavolant.com\/verbavolant\/index.php\/wp-json\/wp\/v2\/types\/post"}],"author":[{"embeddable":true,"href":"https:\/\/www.urbinavolant.com\/verbavolant\/index.php\/wp-json\/wp\/v2\/users\/1"}],"replies":[{"embeddable":true,"href":"https:\/\/www.urbinavolant.com\/verbavolant\/index.php\/wp-json\/wp\/v2\/comments?post=391"}],"version-history":[{"count":0,"href":"https:\/\/www.urbinavolant.com\/verbavolant\/index.php\/wp-json\/wp\/v2\/posts\/391\/revisions"}],"wp:attachment":[{"href":"https:\/\/www.urbinavolant.com\/verbavolant\/index.php\/wp-json\/wp\/v2\/media?parent=391"}],"wp:term":[{"taxonomy":"category","embeddable":true,"href":"https:\/\/www.urbinavolant.com\/verbavolant\/index.php\/wp-json\/wp\/v2\/categories?post=391"},{"taxonomy":"post_tag","embeddable":true,"href":"https:\/\/www.urbinavolant.com\/verbavolant\/index.php\/wp-json\/wp\/v2\/tags?post=391"}],"curies":[{"name":"wp","href":"https:\/\/api.w.org\/{rel}","templated":true}]}}