{"id":3974,"date":"2012-08-08T11:57:58","date_gmt":"2012-08-08T10:57:58","guid":{"rendered":"http:\/\/www.urbinavolant.com\/verbavolant\/?p=3974"},"modified":"2012-08-08T11:57:58","modified_gmt":"2012-08-08T10:57:58","slug":"las-palabras-al-vuelo-entrada-900","status":"publish","type":"post","link":"https:\/\/www.urbinavolant.com\/verbavolant\/index.php\/2012\/08\/08\/las-palabras-al-vuelo-entrada-900\/","title":{"rendered":"Las palabras al vuelo -Entrada 900"},"content":{"rendered":"<p style=\"text-align: center;\">\n<p style=\"text-align: justify;\"><a href=\"http:\/\/www.flickr.com\/photos\/txanoduna\/3176530520\/\"><img data-recalc-dims=\"1\" loading=\"lazy\" decoding=\"async\" class=\"aligncenter size-full wp-image-3975\" title=\"3176530520_8ffb315fac\" src=\"https:\/\/i0.wp.com\/www.urbinavolant.com\/verbavolant\/wp-content\/uploads\/2012\/08\/3176530520_8ffb315fac.jpg?resize=500%2C347&#038;ssl=1\" alt=\"\" width=\"500\" height=\"347\" srcset=\"https:\/\/i0.wp.com\/www.urbinavolant.com\/verbavolant\/wp-content\/uploads\/2012\/08\/3176530520_8ffb315fac.jpg?w=500&amp;ssl=1 500w, https:\/\/i0.wp.com\/www.urbinavolant.com\/verbavolant\/wp-content\/uploads\/2012\/08\/3176530520_8ffb315fac.jpg?resize=300%2C208&amp;ssl=1 300w\" sizes=\"auto, (max-width: 500px) 100vw, 500px\" \/><\/a><\/p>\n<p style=\"text-align: justify;\">Estaba tan pendiente de encontrar ideas para esta entrada que, por eso mismo, he estado a punto de no escribirla. En los d\u00edas pasados, le di vueltas a la cosa: que si una entrada \u00abbomba\u00bb, que si una de las series de este blog para una entrada (di\u00e1logo, blog\u00f3logo interior, canciones prosificadas&#8230;). Ayer, en unas horas de insomnio, maquin\u00e9 un \u00abfragmento para una teor\u00eda del caos\u00bb en el que se a\u00f1ad\u00eda a la lista un nuevo personaje, que era el que narrar\u00eda esta entrada&#8230; Ped\u00ed consejo a trav\u00e9s de las redes sociales y me llegaron a aconsejar no que no escribiera nada, sino que escribiera <em>NADA<\/em> as\u00ed, con may\u00fasculas.<\/p>\n<p style=\"text-align: justify;\">Y sigo uno de esos consejos para hacer una entrada en la que no cabe la ficci\u00f3n ni la reflexi\u00f3n, sino un balance. Aunque inicialmente empec\u00e9 con <em>Verba volant<\/em> bajo la plataforma de <em>Blogger \u2013<\/em>conviene decir tambi\u00e9n que hubo otros conatos de blog con ese nombre, ya casi perdidos\u2013, enseguida me traslad\u00e9 a un dominio propio, <a href=\"http:\/\/urbinavolant.com\">URBINAVOLANT.com<\/a>, del que este blog es parte. URBINAVOLANT es un proyecto en marcha todav\u00eda no extendido en todas sus ramas. De momento, acoge con ilusi\u00f3n tambi\u00e9n mi trabajo como profesor universitario (y antes, tambi\u00e9n, como profesor de secundaria y bachillerato). Tendr\u00e1, en el futuro, otras cosas, pero no quiero anticipar nada que me comprometa.<\/p>\n<p style=\"text-align: justify;\">La primera entrada del blog ten\u00eda como t\u00edtulo <a href=\"http:\/\/www.urbinavolant.com\/verbavolant\/index.php\/2007\/08\/19\/empezamos-este-cuaderno-de-bitacora-con-el-nombre-2\/\">\u00abEmpezamos este cuaderno de bit\u00e1cora&#8230;con el nombre\u00bb<\/a>. Desde el 19 de agosto de 2007, la palabra <em>blog<\/em> ha triunfado y yo me he unido a ella. No obstante, reconozco la predilecci\u00f3n que tengo por la expresi\u00f3n <em>cuaderno de bit\u00e1cora:\u00a0<\/em>el cuaderno de navegaci\u00f3n que se guarda en un armario justo al lado de la br\u00fajula de un barco. Pocos elementos son tan significativos para entender lo que es este blog como el cuaderno de navegaci\u00f3n o la br\u00fajula. Cuaderno sobre el que se reflexiona sobre los rumbos; br\u00fajula como elemento externo que apunta los destinos en relaci\u00f3n a su origen magn\u00e9tico.<\/p>\n<p style=\"text-align: justify;\">Con el tiempo, ha cabido de todo: las ficciones y reflexiones que apuntaba m\u00e1s arriba. Todo ello, siempre, bajo el punto de vista personal, con los mecanismos del <em>ego-hic-nunc<\/em> (yo, aqu\u00ed, ahora). No es una cuesti\u00f3n de egocentrismo, sino de perspectiva. Al principio, primaban m\u00e1s las reflexiones. Despu\u00e9s, la ficci\u00f3n fue dando bocados a todo lo dem\u00e1s en elementos mucho m\u00e1s conectados entre s\u00ed de lo que cabr\u00eda esperar en una lectura superficial. Porque un blog no es una suma de elementos inconexos (o, al menos, yo no lo concibo as\u00ed). Incluso cuando yo mismo lo cre\u00eda, sabias aportaciones externas y reflexiones propias a posteriori me han ense\u00f1ado a verlo de otro modo. Tanto es as\u00ed, que algunas series, que se ven desde un lado m\u00e1s o menos fr\u00edvolo, pueden tener interpretaciones de m\u00e1s calado. Creo.<\/p>\n<p style=\"text-align: justify;\">\u00bfQu\u00e9 me ha ense\u00f1ado el blog? Son tantas las cosas que he aprendido que no caben en una entrada con vocaci\u00f3n sint\u00e9tica. En resumen, me ha servido para descubrir el poder cat\u00e1rtico de la escritura, que yo cre\u00eda mera teor\u00eda. Me ha demostrado tambi\u00e9n que soy capaz de escribir mucho. De ese <em>mucho<\/em>, he aprendido a deslindar lo que le gusta a los dem\u00e1s y lo que me gusta a m\u00ed. De 900 entradas, estoy razonablemente contento con unas cuantas.<\/p>\n<p style=\"text-align: justify;\">Tambi\u00e9n he conseguido conectar con otras muchas personas. Gracias a este mundo, he conocido a unas cuantas personas que merecen mucho la pena. Tambi\u00e9n es cierto que, en un momento dado, decid\u00ed dar un giro para salirme del c\u00edrculo cerrado en el que los blogs a veces se convierten para abrir una espirar en la que Burgos sigue siendo un elemento de referencia, pero en el que ya hay bastante m\u00e1s lectores de Madrid o de Barcelona. Contemplo con sorpresa que me han llegado amables palabras sobre mi trabajo desde muchas localidades de Espa\u00f1a y, con m\u00e1s sorpresa todav\u00eda, de muchos otros lugares de fuera, con Argentina, M\u00e9xico, Chile y Estados Unidos a la cabeza. Qu\u00e9 es lo que personas tan distantes entre s\u00ed han llegado a ver en unas palabras que vuelan es la pregunta que, sinceramente, a\u00fan no estoy preparado para responder.<\/p>\n<p style=\"text-align: justify;\">En el \u00faltimo a\u00f1o, el n\u00famero de entradas ha descendido. Reconozco que me he encontrado, a veces, desbordado de trabajo y, en otras ocasiones, yermo de ideas. Esto me llev\u00f3 a pensar muchas veces a abandonar, cosa que no pienso a hacer. Tengo nuevos proyectos y, sobre todo, palabras que quiero seguir impulsando por el aire para que alguien las junte y les d\u00e9 todo su significado.<\/p>\n<p style=\"text-align: justify;\">Ser\u00eda tremendamente injusto si no agradeciese a algunas personas el impulso que me dieron para que este blog viese la luz. Lo ser\u00eda tambi\u00e9n si no diese las gracias a los seguidores fieles, discontinuos o espor\u00e1dicos (algunos se manifiestan en los comentarios, otros a trav\u00e9s de las redes sociales, otros utilizando el correo electr\u00f3nico y muchos m\u00e1s con el silencio). Del mismo modo que algunos quisieron poner piedras en el camino, han sido muchos m\u00e1s los que lo allanaron con sus \u00e1nimos. A los m\u00e1s fieles y que me siguen preguntando, les digo que <a href=\"http:\/\/www.urbinavolant.com\/verbavolant\/?s=chipir%C3%B3n\" target=\"_blank\">Chipir\u00f3n<\/a> sigue viva. Me da tantos palos que prefiero mantener sus comentarios en silencio, pero reconozco que tiene algunos partidarios a los que les repartir\u00e9 pr\u00f3ximamente alguna dosis de su dulce veneno.<\/p>\n<p style=\"text-align: justify;\">He retraso tanto esta entrada que casi la hago coincidir con los cinco a\u00f1os de vida de <em>Verba volant,\u00a0<\/em>pero me he desperezado y me comprometo a celebrar, tambi\u00e9n, este quinto cumplea\u00f1os. Gracias a todos los que est\u00e1is ah\u00ed.<\/p>\n<p style=\"text-align: justify;\">(Imagen de <a href=\"http:\/\/www.flickr.com\/photos\/txanoduna\/3176530520\/\" target=\"_blank\">Julen Landa<\/a>.)<\/p>\n","protected":false},"excerpt":{"rendered":"<p>Estaba tan pendiente de encontrar ideas para esta entrada que, por eso mismo, he estado a punto de no escribirla. En los d\u00edas pasados, le di vueltas a la cosa: que si una entrada \u00abbomba\u00bb, que si una de las series de este blog para una entrada (di\u00e1logo, blog\u00f3logo interior, canciones prosificadas&#8230;). Ayer, en unas &#8230; <a title=\"Las palabras al vuelo -Entrada 900\" class=\"read-more\" href=\"https:\/\/www.urbinavolant.com\/verbavolant\/index.php\/2012\/08\/08\/las-palabras-al-vuelo-entrada-900\/\" aria-label=\"Leer m\u00e1s sobre Las palabras al vuelo -Entrada 900\">Leer m\u00e1s<\/a><\/p>\n","protected":false},"author":1,"featured_media":0,"comment_status":"open","ping_status":"open","sticky":false,"template":"","format":"standard","meta":{"_monsterinsights_skip_tracking":false,"_monsterinsights_sitenote_active":false,"_monsterinsights_sitenote_note":"","_monsterinsights_sitenote_category":0,"_kadence_starter_templates_imported_post":false,"jetpack_post_was_ever_published":false,"_jetpack_newsletter_access":"","_jetpack_dont_email_post_to_subs":false,"_jetpack_newsletter_tier_id":0,"_jetpack_memberships_contains_paywalled_content":false,"_jetpack_memberships_contains_paid_content":false,"footnotes":"","jetpack_publicize_message":"","jetpack_publicize_feature_enabled":true,"jetpack_social_post_already_shared":false,"jetpack_social_options":{"image_generator_settings":{"template":"highway","default_image_id":0,"font":"","enabled":false},"version":2}},"categories":[4,44,65],"tags":[],"class_list":["post-3974","post","type-post","status-publish","format-standard","hentry","category-blog","category-comparaciones","category-sentido"],"jetpack_publicize_connections":[],"jetpack_featured_media_url":"","jetpack_shortlink":"https:\/\/wp.me\/pLsVN-126","jetpack_sharing_enabled":true,"_links":{"self":[{"href":"https:\/\/www.urbinavolant.com\/verbavolant\/index.php\/wp-json\/wp\/v2\/posts\/3974","targetHints":{"allow":["GET"]}}],"collection":[{"href":"https:\/\/www.urbinavolant.com\/verbavolant\/index.php\/wp-json\/wp\/v2\/posts"}],"about":[{"href":"https:\/\/www.urbinavolant.com\/verbavolant\/index.php\/wp-json\/wp\/v2\/types\/post"}],"author":[{"embeddable":true,"href":"https:\/\/www.urbinavolant.com\/verbavolant\/index.php\/wp-json\/wp\/v2\/users\/1"}],"replies":[{"embeddable":true,"href":"https:\/\/www.urbinavolant.com\/verbavolant\/index.php\/wp-json\/wp\/v2\/comments?post=3974"}],"version-history":[{"count":0,"href":"https:\/\/www.urbinavolant.com\/verbavolant\/index.php\/wp-json\/wp\/v2\/posts\/3974\/revisions"}],"wp:attachment":[{"href":"https:\/\/www.urbinavolant.com\/verbavolant\/index.php\/wp-json\/wp\/v2\/media?parent=3974"}],"wp:term":[{"taxonomy":"category","embeddable":true,"href":"https:\/\/www.urbinavolant.com\/verbavolant\/index.php\/wp-json\/wp\/v2\/categories?post=3974"},{"taxonomy":"post_tag","embeddable":true,"href":"https:\/\/www.urbinavolant.com\/verbavolant\/index.php\/wp-json\/wp\/v2\/tags?post=3974"}],"curies":[{"name":"wp","href":"https:\/\/api.w.org\/{rel}","templated":true}]}}