{"id":4003,"date":"2012-09-04T07:27:29","date_gmt":"2012-09-04T06:27:29","guid":{"rendered":"http:\/\/www.urbinavolant.com\/verbavolant\/?p=4003"},"modified":"2012-09-04T07:27:29","modified_gmt":"2012-09-04T06:27:29","slug":"volver-en-general-acompanado-de-una-cuestion-practica","status":"publish","type":"post","link":"https:\/\/www.urbinavolant.com\/verbavolant\/index.php\/2012\/09\/04\/volver-en-general-acompanado-de-una-cuestion-practica\/","title":{"rendered":"Volver, en general, acompa\u00f1ado de una cuesti\u00f3n pr\u00e1ctica"},"content":{"rendered":"<p style=\"text-align: center;\"><a href=\"https:\/\/www.urbinavolant.com\/verbavolant\/wp-content\/uploads\/2012\/09\/el_patio_bajo_la_lluvia_by_karraka-d3d1xko.jpeg\"><img loading=\"lazy\" decoding=\"async\" class=\"aligncenter  wp-image-4004\" title=\"el_patio_bajo_la_lluvia_by_karraka-d3d1xko\" src=\"https:\/\/www.urbinavolant.com\/verbavolant\/wp-content\/uploads\/2012\/09\/el_patio_bajo_la_lluvia_by_karraka-d3d1xko.jpeg\" alt=\"\" width=\"530\" height=\"700\" srcset=\"https:\/\/www.urbinavolant.com\/verbavolant\/wp-content\/uploads\/2012\/09\/el_patio_bajo_la_lluvia_by_karraka-d3d1xko.jpeg 757w, https:\/\/www.urbinavolant.com\/verbavolant\/wp-content\/uploads\/2012\/09\/el_patio_bajo_la_lluvia_by_karraka-d3d1xko-227x300.jpeg 227w\" sizes=\"auto, (max-width: 530px) 100vw, 530px\" \/><\/a><\/p>\n<p style=\"text-align: justify;\">Volver tiene sus consecuencias. Para volver, tienes que haberte ido y, como dicen <a href=\"http:\/\/lema.rae.es\/drae\/?val=volver\" target=\"_blank\">las definiciones<\/a> en el diccionario, es algo m\u00e1s complicado de lo que parece a simple vista. Uno va por decisi\u00f3n o por necesidad, por voluntad propia o por las circunstancias. Y vuelve por esas mismas razones, por alguna m\u00e1s, no s\u00e9 por qu\u00e9. No se vuelve indemne. Ni inocente. Nunca se vuelve como antes, ni por el haz ni por el env\u00e9s.<\/p>\n<p style=\"text-align: justify;\">Algunos, por educaci\u00f3n o por profesi\u00f3n, vuelven al cole. Y no quer\u00eda dejar pasar este momento para una reflexi\u00f3n pr\u00e1ctica, que hace m\u00e1s dif\u00edcil la vuelta para algunos. Pongamos como ejemplo un centro educativo concertado de mi ciudad. Los ni\u00f1os que acudan a este colegio deben llevar uniforme. Como en el colegio han decidido cambiar la empresa con la que lo comerciaban, el dise\u00f1o o ambas cosas, solo ser\u00e1 posible utilizar el ch\u00e1ndal o el uniforme antiguo durante un a\u00f1o. Las familias con varios hijos tendr\u00e1n que gastar, de nuevo. Un pantal\u00f3n largo les costar\u00e1 27 euros, uno corto 24, un jersey29, una chaqueta 46, unos calcetines 4&#8230; Un ch\u00e1ndal, 64 euros, una camiseta de deporte, 17. Y dicen que el informe es un igualador&#8230; de clase.<\/p>\n<p style=\"text-align: justify;\">Estos chicos \u2013todos los alumnos escolarizados de un pa\u00eds en el que las editoriales hacen el septiembre con el benepl\u00e1cito de la autoridad y los profesores no se plantean otra alternativa\u2013 pagar\u00e1n casi 300 euros por sus libros (por aquello de ser anecd\u00f3ticos, una asignatura de ampliaci\u00f3n de un curso de la ESO tiene un libro de texto de 31,50 euros). A eso se le sumar\u00e1n cuadernos, bol\u00edgrafos, agendas&#8230; y cuotas responsables.<\/p>\n<p style=\"text-align: justify;\">Tal y como anda el patio (y hay un patio mucho m\u00e1s grande que el de un colegio, que no deber\u00eda ser m\u00e1s que un reflejo del mundo), nunca volver fue tan dif\u00edcil.<\/p>\n<p style=\"text-align: justify;\">(Imagen de <a href=\"http:\/\/browse.deviantart.com\/?qh=&amp;section=&amp;q=patio+colegio#\/d3d1xko\" target=\"_blank\">Pedro Blasco<\/a>.)<\/p>\n","protected":false},"excerpt":{"rendered":"<p>Volver tiene sus consecuencias. Para volver, tienes que haberte ido y, como dicen las definiciones en el diccionario, es algo m\u00e1s complicado de lo que parece a simple vista. Uno va por decisi\u00f3n o por necesidad, por voluntad propia o por las circunstancias. Y vuelve por esas mismas razones, por alguna m\u00e1s, no s\u00e9 por &#8230; <a title=\"Volver, en general, acompa\u00f1ado de una cuesti\u00f3n pr\u00e1ctica\" class=\"read-more\" href=\"https:\/\/www.urbinavolant.com\/verbavolant\/index.php\/2012\/09\/04\/volver-en-general-acompanado-de-una-cuestion-practica\/\" aria-label=\"Leer m\u00e1s sobre Volver, en general, acompa\u00f1ado de una cuesti\u00f3n pr\u00e1ctica\">Leer m\u00e1s<\/a><\/p>\n","protected":false},"author":1,"featured_media":0,"comment_status":"open","ping_status":"open","sticky":false,"template":"","format":"standard","meta":{"_monsterinsights_skip_tracking":false,"_kadence_starter_templates_imported_post":false,"footnotes":""},"categories":[72],"tags":[],"class_list":["post-4003","post","type-post","status-publish","format-standard","hentry","category-contrastes"],"_links":{"self":[{"href":"https:\/\/www.urbinavolant.com\/verbavolant\/index.php\/wp-json\/wp\/v2\/posts\/4003","targetHints":{"allow":["GET"]}}],"collection":[{"href":"https:\/\/www.urbinavolant.com\/verbavolant\/index.php\/wp-json\/wp\/v2\/posts"}],"about":[{"href":"https:\/\/www.urbinavolant.com\/verbavolant\/index.php\/wp-json\/wp\/v2\/types\/post"}],"author":[{"embeddable":true,"href":"https:\/\/www.urbinavolant.com\/verbavolant\/index.php\/wp-json\/wp\/v2\/users\/1"}],"replies":[{"embeddable":true,"href":"https:\/\/www.urbinavolant.com\/verbavolant\/index.php\/wp-json\/wp\/v2\/comments?post=4003"}],"version-history":[{"count":0,"href":"https:\/\/www.urbinavolant.com\/verbavolant\/index.php\/wp-json\/wp\/v2\/posts\/4003\/revisions"}],"wp:attachment":[{"href":"https:\/\/www.urbinavolant.com\/verbavolant\/index.php\/wp-json\/wp\/v2\/media?parent=4003"}],"wp:term":[{"taxonomy":"category","embeddable":true,"href":"https:\/\/www.urbinavolant.com\/verbavolant\/index.php\/wp-json\/wp\/v2\/categories?post=4003"},{"taxonomy":"post_tag","embeddable":true,"href":"https:\/\/www.urbinavolant.com\/verbavolant\/index.php\/wp-json\/wp\/v2\/tags?post=4003"}],"curies":[{"name":"wp","href":"https:\/\/api.w.org\/{rel}","templated":true}]}}