{"id":4074,"date":"2012-10-13T18:40:20","date_gmt":"2012-10-13T17:40:20","guid":{"rendered":"http:\/\/www.urbinavolant.com\/verbavolant\/?p=4074"},"modified":"2012-10-13T18:40:20","modified_gmt":"2012-10-13T17:40:20","slug":"casas-4-hogares-pasajeros","status":"publish","type":"post","link":"https:\/\/www.urbinavolant.com\/verbavolant\/index.php\/2012\/10\/13\/casas-4-hogares-pasajeros\/","title":{"rendered":"Casas #4 &#8211; Hogares pasajeros"},"content":{"rendered":"<p style=\"text-align: center;\"><a href=\"http:\/\/www.flickr.com\/photos\/mad-king\/5770919083\/\"><img data-recalc-dims=\"1\" loading=\"lazy\" decoding=\"async\" class=\"aligncenter size-full wp-image-4075\" title=\"Burgos II\" src=\"https:\/\/i0.wp.com\/www.urbinavolant.com\/verbavolant\/wp-content\/uploads\/2012\/10\/5770919083_2c5bb9d8b0.jpg?resize=500%2C366&#038;ssl=1\" alt=\"\" width=\"500\" height=\"366\" srcset=\"https:\/\/i0.wp.com\/www.urbinavolant.com\/verbavolant\/wp-content\/uploads\/2012\/10\/5770919083_2c5bb9d8b0.jpg?w=500&amp;ssl=1 500w, https:\/\/i0.wp.com\/www.urbinavolant.com\/verbavolant\/wp-content\/uploads\/2012\/10\/5770919083_2c5bb9d8b0.jpg?resize=300%2C219&amp;ssl=1 300w\" sizes=\"auto, (max-width: 500px) 100vw, 500px\" \/><\/a><\/p>\n<p style=\"text-align: justify;\">Llamamos hogar al lugar en el que vivimos y extendemos el concepto a aquel que constituye nuestra morada m\u00e1s o menos permanente. Como la permanencia es propia del momento, nunca llega a serlo del todo, ni nosotros podemos llegar a adivinar su alcance. Siempre he pensado que el hogar es el enclave al que entras con familiaridad, llave en mano; aquel en el que sabes encender la luz a la primera entre las tinieblas; aquel en el que encuentras sin vacilar esa cazuela para guisos especiales.<\/p>\n<p style=\"text-align: justify;\">A veces, sin embargo, la vida nos regala un hogar que lo es durante unos d\u00edas, unas semanas, unos meses. Aquel en el que te refugias ante la adversidad, ante la causalidad, ante los imprevistos. Encontr\u00e9 un minihogar la noche que pas\u00e9 en casa de mi t\u00eda en la calle Obispo don Mauricio, cuando hubo un incendio en la casa de al lado y me encontr\u00e9 asustado y en pijama en brazos de alguien (mi madre o mi padre, supongo). Son hogares vinculados, de alg\u00fan modo, a la familia.<\/p>\n<p style=\"text-align: justify;\">Pero hoy me detengo en otro hogar pasajero de caracter\u00edsticas muy diferentes. La enfermedad que ten\u00eda mi padre y de la que he hablado <a href=\"http:\/\/www.urbinavolant.com\/verbavolant\/index.php\/2012\/10\/12\/casas-3-san-agustin-y-2\/\" target=\"_blank\">en la entrada anterior de la serie<\/a>\u00a0motiv\u00f3 que tuviese que desplazarse a Madrid para un chequeo exhaustivo en La Paz. Ignoro lo que pas\u00f3 con mi hermana y mi hermano (gracias a esta entrada, lo sabr\u00e9: \u00a1cu\u00e1ntos detalles de nuestras vidas se pierden por no indagar suficientemente en ellos!), pero mi madre tuvo \u2013l\u00f3gicamente\u2013 que estar a su lado y yo pas\u00e9 un tiempo en casa de unos \u00edntimos amigos de la familia. A m\u00ed me pareci\u00f3 un mundo, pero no alcanzo a cuantificar mi estancia en d\u00edas o semanas. La familia viv\u00eda en la plaza La Flora y su amabilidad y cercan\u00eda hizo que yo sintiese con bastante sinton\u00eda lo que era un hogar. La gran diferencia es que, por primera vez, yo aprend\u00ed con la diferencia. La ignorancia del ni\u00f1o lleva a pensar que todos los hogares son como el suyo. Yo, all\u00ed, descubr\u00ed un hogar totalmente diferente. Por muchas circunstancias, yo no jugaba en la calle, pero all\u00ed me encontr\u00e9 con horas escondido entre la vegetaci\u00f3n del Espol\u00f3n en horas en las que no hab\u00eda nadie. Nos aventur\u00e1bamos a subir al Castillo (hoy lugar tur\u00edstico y medianamente reconstruido; entonces un lugar rec\u00f3ndito y desalmado) con el \u00fanico objetivo de clavar con fuerza un hierro forjado en la tierra. El centro de Burgos pas\u00f3 a ser el centro de operaciones cotidiano de nuestros juegos.<\/p>\n<p style=\"text-align: justify;\">Era una familia muy numerosa, con hijos de todas las edades posibles. Yo era compa\u00f1ero de colegio de Javier (creo que yo ten\u00eda unos siete a\u00f1os) y sus hermanas (Andrea, Ver\u00f3nica) eran las m\u00e1s pr\u00f3ximas a nosotros en edad. Me llegu\u00e9 a acostumbrar al ba\u00f1o semanal colectivo (nos ba\u00f1aban a la vez al menos a tres). No he vuelto a verlas desde hace m\u00e1s de veinte a\u00f1os, pero ser\u00eda curioso verlas ahora como antiguas compa\u00f1eras de esponja, de espuma. Aunque pertenec\u00edan a un sector acomodado, el mundo de los primeros a\u00f1os setenta tampoco era para tirar cohetes: all\u00ed se aprovechaba el agua del lavabo con un tap\u00f3n que yo no usaba tanto en mi casa. La preocupaci\u00f3n ahorradora de la madre llevaba a convertir en gomas el\u00e1sticas de diferentes tama\u00f1os los guantes de cocina rotos tras el corte preciso de una tijera. Toda una lecci\u00f3n de austeridad.<\/p>\n<p style=\"text-align: justify;\">All\u00ed vi, por primera vez, un traje de cofrad\u00eda de Semana Santa antes de ser utilizado. Tambi\u00e9n conoc\u00ed la necesidad de tocar una arm\u00f3nica como b\u00e1lsamo terap\u00e9utico para la enfermedad que empez\u00f3 a arrastrar el padre. Los momentos d\u00edscolos de adolescencia de alguno de los hermanos mayores.\u00a0En la finca de la familia, a lo largo de unos cuantos a\u00f1os, pas\u00e9 muchos de mis mejores momentos de verano. Ahora que Burgos ha cambiado tanto por esa parte, me pregunto en qu\u00e9 se habr\u00e1 convertido aquel enorme espacio para el juego. Lo mismo que me pregunto d\u00f3nde estar\u00e1n Javi, Andrea y Ver\u00f3nica. He intentado buceado por internet para saber de ellos, para hablarles de esta entrada, pero no he llegado a ning\u00fan resultado certero.<\/p>\n<p style=\"text-align: justify;\">No llego a recordar cu\u00e1ndo ni c\u00f3mo lleg\u00f3 a terminar todo. Pero no es menos cierto que, pese a las inquietudes nocturnas y las vacilaciones inconscientes de no saber lo que est\u00e1 pasando en tu familia, ese fue mi pl\u00e1cido hogar. Uno de los hogares pasajeros que la vida nos regala un d\u00eda.<\/p>\n<p style=\"text-align: justify;\">(Esta entrada pertenece a la serie\u00a0<a href=\"http:\/\/www.urbinavolant.com\/verbavolant\/index.php\/tag\/casas-en-las-que-he-vivido\/\" target=\"_blank\">Casas en las que he vivido<\/a>.\u00a0Imagen de <a href=\"http:\/\/www.flickr.com\/photos\/mad-king\/5770919083\/\" target=\"_blank\">Miguel \u00c1ngel D\u00edaz-Rey<\/a>.)<\/p>\n","protected":false},"excerpt":{"rendered":"<p>Llamamos hogar al lugar en el que vivimos y extendemos el concepto a aquel que constituye nuestra morada m\u00e1s o menos permanente. Como la permanencia es propia del momento, nunca llega a serlo del todo, ni nosotros podemos llegar a adivinar su alcance. Siempre he pensado que el hogar es el enclave al que entras &#8230; <a title=\"Casas #4 &#8211; Hogares pasajeros\" class=\"read-more\" href=\"https:\/\/www.urbinavolant.com\/verbavolant\/index.php\/2012\/10\/13\/casas-4-hogares-pasajeros\/\" aria-label=\"Leer m\u00e1s sobre Casas #4 &#8211; Hogares pasajeros\">Leer m\u00e1s<\/a><\/p>\n","protected":false},"author":1,"featured_media":0,"comment_status":"open","ping_status":"open","sticky":false,"template":"","format":"standard","meta":{"_monsterinsights_skip_tracking":false,"_monsterinsights_sitenote_active":false,"_monsterinsights_sitenote_note":"","_monsterinsights_sitenote_category":0,"_kadence_starter_templates_imported_post":false,"jetpack_post_was_ever_published":false,"_jetpack_newsletter_access":"","_jetpack_dont_email_post_to_subs":false,"_jetpack_newsletter_tier_id":0,"_jetpack_memberships_contains_paywalled_content":false,"_jetpack_memberships_contains_paid_content":false,"footnotes":"","jetpack_publicize_message":"","jetpack_publicize_feature_enabled":true,"jetpack_social_post_already_shared":false,"jetpack_social_options":{"image_generator_settings":{"template":"highway","default_image_id":0,"font":"","enabled":false},"version":2}},"categories":[65],"tags":[149],"class_list":["post-4074","post","type-post","status-publish","format-standard","hentry","category-sentido","tag-casas-en-las-que-he-vivido"],"jetpack_publicize_connections":[],"jetpack_featured_media_url":"","jetpack_shortlink":"https:\/\/wp.me\/pLsVN-13I","jetpack_sharing_enabled":true,"_links":{"self":[{"href":"https:\/\/www.urbinavolant.com\/verbavolant\/index.php\/wp-json\/wp\/v2\/posts\/4074","targetHints":{"allow":["GET"]}}],"collection":[{"href":"https:\/\/www.urbinavolant.com\/verbavolant\/index.php\/wp-json\/wp\/v2\/posts"}],"about":[{"href":"https:\/\/www.urbinavolant.com\/verbavolant\/index.php\/wp-json\/wp\/v2\/types\/post"}],"author":[{"embeddable":true,"href":"https:\/\/www.urbinavolant.com\/verbavolant\/index.php\/wp-json\/wp\/v2\/users\/1"}],"replies":[{"embeddable":true,"href":"https:\/\/www.urbinavolant.com\/verbavolant\/index.php\/wp-json\/wp\/v2\/comments?post=4074"}],"version-history":[{"count":0,"href":"https:\/\/www.urbinavolant.com\/verbavolant\/index.php\/wp-json\/wp\/v2\/posts\/4074\/revisions"}],"wp:attachment":[{"href":"https:\/\/www.urbinavolant.com\/verbavolant\/index.php\/wp-json\/wp\/v2\/media?parent=4074"}],"wp:term":[{"taxonomy":"category","embeddable":true,"href":"https:\/\/www.urbinavolant.com\/verbavolant\/index.php\/wp-json\/wp\/v2\/categories?post=4074"},{"taxonomy":"post_tag","embeddable":true,"href":"https:\/\/www.urbinavolant.com\/verbavolant\/index.php\/wp-json\/wp\/v2\/tags?post=4074"}],"curies":[{"name":"wp","href":"https:\/\/api.w.org\/{rel}","templated":true}]}}