{"id":4152,"date":"2012-12-10T21:55:11","date_gmt":"2012-12-10T20:55:11","guid":{"rendered":"http:\/\/www.urbinavolant.com\/verbavolant\/?p=4152"},"modified":"2012-12-11T07:50:15","modified_gmt":"2012-12-11T06:50:15","slug":"descubriendo-al-autor-novela-4","status":"publish","type":"post","link":"https:\/\/www.urbinavolant.com\/verbavolant\/index.php\/2012\/12\/10\/descubriendo-al-autor-novela-4\/","title":{"rendered":"Descubriendo al autor | Novela #4"},"content":{"rendered":"<p style=\"text-align: center;\"><a href=\"http:\/\/www.flickr.com\/photos\/edgarbarany\/2868210958\/\"><img data-recalc-dims=\"1\" loading=\"lazy\" decoding=\"async\" class=\"aligncenter size-full wp-image-4153\" title=\"\" src=\"https:\/\/i0.wp.com\/www.urbinavolant.com\/verbavolant\/wp-content\/uploads\/2012\/12\/2868210958_4c3cc8b647.jpg?resize=500%2C493&#038;ssl=1\" alt=\"\" width=\"500\" height=\"493\" srcset=\"https:\/\/i0.wp.com\/www.urbinavolant.com\/verbavolant\/wp-content\/uploads\/2012\/12\/2868210958_4c3cc8b647.jpg?w=500&amp;ssl=1 500w, https:\/\/i0.wp.com\/www.urbinavolant.com\/verbavolant\/wp-content\/uploads\/2012\/12\/2868210958_4c3cc8b647.jpg?resize=300%2C295&amp;ssl=1 300w\" sizes=\"auto, (max-width: 500px) 100vw, 500px\" \/><\/a><\/p>\n<p style=\"text-align: justify;\"><a href=\"http:\/\/cuentosparadescontar.blogspot.com.es\/2012\/12\/teoria-particular-de-estilistica-general.html\" target=\"_blank\">Una entrada<\/a> en el blog <em>Cuentos para descontar<\/em>, escrito por Samuel P\u00e9rez, me impulsa a escribir ahora sobre el autor. Samuel, de forma subjetiva pero brillante, reflexiona sobre el estilos al escribir y creo que esto me viene al pelo para un asunto que quer\u00eda contaros.<\/p>\n<p style=\"text-align: justify;\">En una novela, es muy importante saber qui\u00e9n es el autor y, en consonancia con esa instancia productora, qui\u00e9n es el receptor. No me refiero ahora, aqu\u00ed, ni al autor de carne y hueso ni al lector de hueso y carne. En el caso del primero, es evidente qui\u00e9n es: la \u00fanica pega ser\u00eda saber lo que es la instancia metaf\u00edsica y existencial del yo; en el caso del segundo, no hay nada evidente porque, en la creaci\u00f3n literaria, se tienen pocas seguridades sobre la(s) persona(s) que puede(n) llegar a leer nuestro texto. En la teor\u00eda de la narrativa, se han estudiado dos instancias intermedias entre el autor real y el narrador \u2013que son el autor impl\u00edcito no representado y el autor impl\u00edcito representado\u2013 y otras dos para las instancias intermedias entre los lectores reales y los narratarios \u2013que son el lector impl\u00edcito no representado y el lector impl\u00edcito representado\u2013. Yo me voy a ocupar de esas instancias intermedias, sin entrar hoy en la cuesti\u00f3n de la representaci\u00f3n (o no).<\/p>\n<p style=\"text-align: justify;\">Iniciar una novela supone reflexionar sobre el \u00a0autor presente (aunque no est\u00e9 presente de forma expl\u00edcita) en el texto y lo que el lector puede deducir del mismo. Adem\u00e1s, ese autor proyecta una imagen que recibe el lector, ese en el que piensa el autor cuando produce los materiales textuales (las teor\u00edas de la narraci\u00f3n han llamado a este lector modelo, lector ideal, lector impl\u00edcito&#8230;). Creo que la proyecci\u00f3n de uno est\u00e1 en consonancia y equilibrio con la extensi\u00f3n al otro. En mi caso, intento escapar \u2013y creo que lo consigo\u2013 de ese escritor que se autofagocita a s\u00ed mismo en el acto de escribir, que proyecta una imagen embelesada de s\u00ed mismo y que, de puro embelasamiento, no piensa qui\u00e9n se encuentra al otro lado del espejo. Ni siquiera me planteo, tampoco, el pensar tanto en el lector como para darle la papilla de las palabras que suponen los <em>best-seller<\/em>. Hacer un texto deliberadamente f\u00e1cil y enfocado al mercado m\u00e1s que a la Literatura es algo que me repugna (aunque todos los fil\u00f3logos que habitan el mundo mundial hemos tenido quiz\u00e1 la tentaci\u00f3n de ganar dinero f\u00e1cil, conocedores como somos de los entresijos de la literatura f\u00e1cil). El estilo mixto que comenta Samuel es uno que exprime y sufre lo que Harold Bloom denominada <a href=\"http:\/\/www.amazon.com\/Anxiety-Influence-Theory-Poetry\/dp\/0195112210\" target=\"_blank\"><em>the anxiety of influence<\/em><\/a>: ha rastreado \u2013y ha pasado\u2013 por las etapas anteriores y lucha por ser \u00e9l mismo entre los textos de otros. Como me da mucho miedo el \u00faltimo paso que comenta Samuel, ese del estilo del Autor con may\u00fascula, aquel que ha llegado a la satisfacci\u00f3n y plenitud de saberse con un estilo propio, trabajado y sublime, me imagino que yo pertenecer\u00e9 a todos aquellos que intentan ser suficientemente precavidos como para saber que est\u00e1n luchando contra muchos elementos, algunos de los cuales se les escapan.<\/p>\n<p style=\"text-align: justify;\">En lo que llevo escrito, noto que ese autor se est\u00e1 definiendo a s\u00ed mismo y se proyecta en unas instancias narrativas algo complejas. M\u00e1s complejas de lo que hab\u00eda imaginado en un principio. En ning\u00fan caso el autor soy yo, aunque vaya prestando cosas m\u00edas a los narradores y a algunos personajes. En muchos casos, parto de todo el conocimiento de lo le\u00eddo para crear un marasmo complejo lo suficientemente expl\u00edcito para hacer c\u00f3mplices a los lectores avezados, lo suficientemente sutil para que no huela. Y s\u00ed, intento crear un espacio intermedio entre acercarme a los lectores y que estos hagan \u2013tambi\u00e9n\u2013 el esfuerzo de aproximarse.<\/p>\n<p style=\"text-align: justify;\">Y, claro est\u00e1, todo estos son intentos que nunca se sabr\u00e1n conseguidos hasta que el proceso de comunicaci\u00f3n narrativo no se acabe. Aunque todos los profesores de Semi\u00f3tica tengamos un Umberto Eco (y su forma de construir <em>El nombre de la rosa<\/em>) en la cabeza.<\/p>\n<p>(Imagen de\u00a0<a href=\"http:\/\/www.flickr.com\/photos\/edgarbarany\/2868210958\/\" target=\"_blank\">Edgar Barany<\/a>.\u00a0La entrada pertenece a la serie del\u00a0<a href=\"http:\/\/www.urbinavolant.com\/verbavolant\/index.php\/tag\/novela\/\" target=\"_blank\">Proceso creativo de mi novela<\/a>.)<\/p>\n","protected":false},"excerpt":{"rendered":"<p>Una entrada en el blog Cuentos para descontar, escrito por Samuel P\u00e9rez, me impulsa a escribir ahora sobre el autor. Samuel, de forma subjetiva pero brillante, reflexiona sobre el estilos al escribir y creo que esto me viene al pelo para un asunto que quer\u00eda contaros. En una novela, es muy importante saber qui\u00e9n es &#8230; <a title=\"Descubriendo al autor | Novela #4\" class=\"read-more\" href=\"https:\/\/www.urbinavolant.com\/verbavolant\/index.php\/2012\/12\/10\/descubriendo-al-autor-novela-4\/\" aria-label=\"Leer m\u00e1s sobre Descubriendo al autor | Novela #4\">Leer m\u00e1s<\/a><\/p>\n","protected":false},"author":1,"featured_media":0,"comment_status":"open","ping_status":"open","sticky":false,"template":"","format":"standard","meta":{"_monsterinsights_skip_tracking":false,"_monsterinsights_sitenote_active":false,"_monsterinsights_sitenote_note":"","_monsterinsights_sitenote_category":0,"_kadence_starter_templates_imported_post":false,"jetpack_post_was_ever_published":false,"_jetpack_newsletter_access":"","_jetpack_dont_email_post_to_subs":false,"_jetpack_newsletter_tier_id":0,"_jetpack_memberships_contains_paywalled_content":false,"_jetpack_memberships_contains_paid_content":false,"footnotes":"","jetpack_publicize_message":"","jetpack_publicize_feature_enabled":true,"jetpack_social_post_already_shared":true,"jetpack_social_options":{"image_generator_settings":{"template":"highway","default_image_id":0,"font":"","enabled":false},"version":2}},"categories":[26,85],"tags":[],"class_list":["post-4152","post","type-post","status-publish","format-standard","hentry","category-ficcion","category-literatura"],"jetpack_publicize_connections":[],"jetpack_featured_media_url":"","jetpack_shortlink":"https:\/\/wp.me\/pLsVN-14Y","jetpack_sharing_enabled":true,"_links":{"self":[{"href":"https:\/\/www.urbinavolant.com\/verbavolant\/index.php\/wp-json\/wp\/v2\/posts\/4152","targetHints":{"allow":["GET"]}}],"collection":[{"href":"https:\/\/www.urbinavolant.com\/verbavolant\/index.php\/wp-json\/wp\/v2\/posts"}],"about":[{"href":"https:\/\/www.urbinavolant.com\/verbavolant\/index.php\/wp-json\/wp\/v2\/types\/post"}],"author":[{"embeddable":true,"href":"https:\/\/www.urbinavolant.com\/verbavolant\/index.php\/wp-json\/wp\/v2\/users\/1"}],"replies":[{"embeddable":true,"href":"https:\/\/www.urbinavolant.com\/verbavolant\/index.php\/wp-json\/wp\/v2\/comments?post=4152"}],"version-history":[{"count":0,"href":"https:\/\/www.urbinavolant.com\/verbavolant\/index.php\/wp-json\/wp\/v2\/posts\/4152\/revisions"}],"wp:attachment":[{"href":"https:\/\/www.urbinavolant.com\/verbavolant\/index.php\/wp-json\/wp\/v2\/media?parent=4152"}],"wp:term":[{"taxonomy":"category","embeddable":true,"href":"https:\/\/www.urbinavolant.com\/verbavolant\/index.php\/wp-json\/wp\/v2\/categories?post=4152"},{"taxonomy":"post_tag","embeddable":true,"href":"https:\/\/www.urbinavolant.com\/verbavolant\/index.php\/wp-json\/wp\/v2\/tags?post=4152"}],"curies":[{"name":"wp","href":"https:\/\/api.w.org\/{rel}","templated":true}]}}