{"id":4170,"date":"2012-12-23T21:18:04","date_gmt":"2012-12-23T20:18:04","guid":{"rendered":"http:\/\/www.urbinavolant.com\/verbavolant\/?p=4170"},"modified":"2012-12-23T21:19:54","modified_gmt":"2012-12-23T20:19:54","slug":"casas-5-general-mola-12","status":"publish","type":"post","link":"https:\/\/www.urbinavolant.com\/verbavolant\/index.php\/2012\/12\/23\/casas-5-general-mola-12\/","title":{"rendered":"Casas #5 &#8211; General Mola (1)"},"content":{"rendered":"<p style=\"text-align: center;\"><a href=\"http:\/\/500px.com\/photo\/6752268\"><img data-recalc-dims=\"1\" loading=\"lazy\" decoding=\"async\" class=\"aligncenter  wp-image-4171\" alt=\"Vladimir Perfanov\" src=\"https:\/\/i0.wp.com\/www.urbinavolant.com\/verbavolant\/wp-content\/uploads\/2012\/12\/Captura-de-pantalla-2012-12-23-a-las-21.12.46.png?resize=223%2C334&#038;ssl=1\" width=\"223\" height=\"334\" srcset=\"https:\/\/i0.wp.com\/www.urbinavolant.com\/verbavolant\/wp-content\/uploads\/2012\/12\/Captura-de-pantalla-2012-12-23-a-las-21.12.46.png?w=532&amp;ssl=1 532w, https:\/\/i0.wp.com\/www.urbinavolant.com\/verbavolant\/wp-content\/uploads\/2012\/12\/Captura-de-pantalla-2012-12-23-a-las-21.12.46.png?resize=200%2C300&amp;ssl=1 200w\" sizes=\"auto, (max-width: 223px) 100vw, 223px\" \/><\/a><\/p>\n<p style=\"text-align: justify;\">He tardado en escribir sobre esta casa porque me trae tantos recuerdos \u2013algunos de ellos muy amargos\u2013 que me resulta muy dif\u00edcil sufrir con el recuerdo.\u00a0De <a href=\"http:\/\/www.urbinavolant.com\/verbavolant\/index.php\/2012\/10\/12\/casas-3-san-agustin-y-2\/\" target=\"_blank\">la calle San Agust\u00edn<\/a> nos mudamos a la calle General Mola. Ahora no se llama as\u00ed, afortunadamente, sino que ha recuperado su nombre prefranquista, la calle del Progreso (\u00a1cu\u00e1ntas matizaciones simb\u00f3licas en los nombres, en las realidades, en los destinos \u00abnacionales\u00bb!). Yo era bastante peque\u00f1o (unos siete u ocho a\u00f1os, creo) y ten\u00eda solo una conciencia parcial de lo que significaba un cambio de casa. Recuerdo haber ido a ver con mi familia alguna de las casas que podr\u00edan haber sido el destino final, pero, a la postre, fue esta: General Mola, 12. 3\u00ba izquierda.<\/p>\n<p style=\"text-align: justify;\">Era la primera vez que ve\u00eda los preparativos de un traslado de domicilio, desde los barnices, la pintura, hasta la mudanza y la aventura de dejar de vivir en lo que es tu sitio para trasladarte a otro. Yo no me hac\u00eda la idea de lo que supondr\u00eda vivir en otro lugar que no fuese el de siempre. Y no porque la cosa no prometiera: era una casa enorme (ten\u00edamos sal\u00f3n, cuarto de estar y comedor), yo iba a tener una habitaci\u00f3n propia y muchas otras cosas m\u00e1s. Pero la mente de un ni\u00f1o est\u00e1 entre dos polos: el no ver m\u00e1s all\u00e1 de las narices de lo vivido y el ver mucho m\u00e1s all\u00e1 de sus narices para dejar de estar en el pasado. Sin duda, si tuviese que elegir una de las casas en las que viv\u00ed con mi padre, esa ser\u00eda <em>la casa<\/em>.<\/p>\n<p style=\"text-align: justify;\">Desde la primera noche, vivida en la aventura de dormir en la provisionalidad de un lugar que no es m\u00e1s que un conjunto de trastos hasta la instauraci\u00f3n paulatina del cosmos en nuestras vidas, este fue el lugar en el que fui pasando por muchas de las experiencias que fortalecieron y condicionan hoy mi vida. Se me olvidaba decir que era una casa instalada en la paradoja: como he dicho, viv\u00edamos en un tercero&#8230; que, subido tramo a tramo por la escalera, era un quinto piso. El primer tramo era un vac\u00edo que correspond\u00eda a la altura de los locales comerciales (una cafeter\u00eda que sigue si\u00e9ndolo, una poller\u00eda que acab\u00f3 siendo un v\u00eddeo-club y m\u00e1s cosas que no recuerdo), un segundo tramo al que se llamaba principal \u2013entonces me enter\u00e9 que, en las casas antiguas (y esta lo era) la altura noble era esa, en la que no hab\u00eda que sufrir los inconvenientes mec\u00e1nicos de las alturas\u2013 y el inicio de los pisos numerados. A esta paradoja se le un\u00eda otra, ciertamente curiosa para m\u00ed: el ascensor lo era solo de subida. Al llegar al destino hab\u00eda que apretar a un bot\u00f3n para que descendiera y el retorno a la calle hab\u00eda que hacerlo por las escaleras. Todas las habitaciones daban al exterior, a excepci\u00f3n de la m\u00eda, que daba un patio. El mundo visto desde mi habitaci\u00f3n era un mundo estrecho de ventanas, de luz relativa y de enso\u00f1aciones provocadas por mi pasi\u00f3n por la lectura. Me encontraba un poco fuera del mundo, al fondo de un largo pasillo, con muchos metros de distancia entre los rincones de la vida familiar.<\/p>\n<p style=\"text-align: justify;\">Y en ese largo pasillo que me separaba del mundo separo hoy esta entrada, para contar m\u00e1s cosas en la siguiente.<\/p>\n<p style=\"text-align: justify;\">(Esta entrada pertenece a la serie\u00a0<a href=\"http:\/\/www.urbinavolant.com\/verbavolant\/index.php\/tag\/casas-en-las-que-he-vivido\/\" target=\"_blank\">Casas en las que he vivido<\/a>.\u00a0La imagen es de <a href=\"http:\/\/500px.com\/photo\/6752268\" target=\"_blank\">Vladimir Perfanov<\/a>)<\/p>\n","protected":false},"excerpt":{"rendered":"<p>He tardado en escribir sobre esta casa porque me trae tantos recuerdos \u2013algunos de ellos muy amargos\u2013 que me resulta muy dif\u00edcil sufrir con el recuerdo.\u00a0De la calle San Agust\u00edn nos mudamos a la calle General Mola. Ahora no se llama as\u00ed, afortunadamente, sino que ha recuperado su nombre prefranquista, la calle del Progreso (\u00a1cu\u00e1ntas &#8230; <a title=\"Casas #5 &#8211; General Mola (1)\" class=\"read-more\" href=\"https:\/\/www.urbinavolant.com\/verbavolant\/index.php\/2012\/12\/23\/casas-5-general-mola-12\/\" aria-label=\"Leer m\u00e1s sobre Casas #5 &#8211; General Mola (1)\">Leer m\u00e1s<\/a><\/p>\n","protected":false},"author":1,"featured_media":0,"comment_status":"open","ping_status":"open","sticky":false,"template":"","format":"standard","meta":{"_monsterinsights_skip_tracking":false,"_monsterinsights_sitenote_active":false,"_monsterinsights_sitenote_note":"","_monsterinsights_sitenote_category":0,"_kadence_starter_templates_imported_post":false,"jetpack_post_was_ever_published":false,"_jetpack_newsletter_access":"","_jetpack_dont_email_post_to_subs":false,"_jetpack_newsletter_tier_id":0,"_jetpack_memberships_contains_paywalled_content":false,"_jetpack_memberships_contains_paid_content":false,"footnotes":"","jetpack_publicize_message":"","jetpack_publicize_feature_enabled":true,"jetpack_social_post_already_shared":true,"jetpack_social_options":{"image_generator_settings":{"template":"highway","default_image_id":0,"font":"","enabled":false},"version":2}},"categories":[65],"tags":[149],"class_list":["post-4170","post","type-post","status-publish","format-standard","hentry","category-sentido","tag-casas-en-las-que-he-vivido"],"jetpack_publicize_connections":[],"jetpack_featured_media_url":"","jetpack_shortlink":"https:\/\/wp.me\/pLsVN-15g","jetpack_sharing_enabled":true,"_links":{"self":[{"href":"https:\/\/www.urbinavolant.com\/verbavolant\/index.php\/wp-json\/wp\/v2\/posts\/4170","targetHints":{"allow":["GET"]}}],"collection":[{"href":"https:\/\/www.urbinavolant.com\/verbavolant\/index.php\/wp-json\/wp\/v2\/posts"}],"about":[{"href":"https:\/\/www.urbinavolant.com\/verbavolant\/index.php\/wp-json\/wp\/v2\/types\/post"}],"author":[{"embeddable":true,"href":"https:\/\/www.urbinavolant.com\/verbavolant\/index.php\/wp-json\/wp\/v2\/users\/1"}],"replies":[{"embeddable":true,"href":"https:\/\/www.urbinavolant.com\/verbavolant\/index.php\/wp-json\/wp\/v2\/comments?post=4170"}],"version-history":[{"count":0,"href":"https:\/\/www.urbinavolant.com\/verbavolant\/index.php\/wp-json\/wp\/v2\/posts\/4170\/revisions"}],"wp:attachment":[{"href":"https:\/\/www.urbinavolant.com\/verbavolant\/index.php\/wp-json\/wp\/v2\/media?parent=4170"}],"wp:term":[{"taxonomy":"category","embeddable":true,"href":"https:\/\/www.urbinavolant.com\/verbavolant\/index.php\/wp-json\/wp\/v2\/categories?post=4170"},{"taxonomy":"post_tag","embeddable":true,"href":"https:\/\/www.urbinavolant.com\/verbavolant\/index.php\/wp-json\/wp\/v2\/tags?post=4170"}],"curies":[{"name":"wp","href":"https:\/\/api.w.org\/{rel}","templated":true}]}}