{"id":4427,"date":"2013-05-30T20:58:24","date_gmt":"2013-05-30T19:58:24","guid":{"rendered":"http:\/\/www.urbinavolant.com\/verbavolant\/?p=4427"},"modified":"2013-05-30T20:58:55","modified_gmt":"2013-05-30T19:58:55","slug":"toda-mi-noche-sera-luz","status":"publish","type":"post","link":"https:\/\/www.urbinavolant.com\/verbavolant\/index.php\/2013\/05\/30\/toda-mi-noche-sera-luz\/","title":{"rendered":"Toda mi noche ser\u00e1 luz"},"content":{"rendered":"<p>&nbsp;<\/p>\n<p style=\"text-align: center;\"><a href=\"http:\/\/www.flickr.com\/photos\/elidoturco\/4986038435\/\"><img data-recalc-dims=\"1\" loading=\"lazy\" decoding=\"async\" class=\"aligncenter size-full wp-image-4431\" alt=\"SONY DSC\" src=\"https:\/\/i0.wp.com\/www.urbinavolant.com\/verbavolant\/wp-content\/uploads\/2013\/05\/4986038435_e9f21b1850.jpg?resize=500%2C500&#038;ssl=1\" width=\"500\" height=\"500\" srcset=\"https:\/\/i0.wp.com\/www.urbinavolant.com\/verbavolant\/wp-content\/uploads\/2013\/05\/4986038435_e9f21b1850.jpg?w=500&amp;ssl=1 500w, https:\/\/i0.wp.com\/www.urbinavolant.com\/verbavolant\/wp-content\/uploads\/2013\/05\/4986038435_e9f21b1850.jpg?resize=290%2C290&amp;ssl=1 290w, https:\/\/i0.wp.com\/www.urbinavolant.com\/verbavolant\/wp-content\/uploads\/2013\/05\/4986038435_e9f21b1850.jpg?resize=300%2C300&amp;ssl=1 300w\" sizes=\"auto, (max-width: 500px) 100vw, 500px\" \/><\/a><\/p>\n<p style=\"text-align: justify;\">El suave murmullo de tu respiraci\u00f3n acaricia mis ensue\u00f1os. Y c\u00f3mo r\u00ede la vida cuando tus ojos escapan mi mirada hacia tu mirar. Tu sonrisa, aunque solo sea un esbozo, es para m\u00ed un c\u00e1ntico eterno. Porque, con tus risas, todo se olvida y todas las heridas dejan de sangrar. El d\u00eda que me quieras, las flores se vestir\u00e1n de fiesta con sus mejores galas y las campanas dir\u00e1n al viento que eres m\u00eda y las fuentes se volver\u00e1n locas haciendo manar el amor. Y la noche que me quieras las estrellas, desde el cielo oscuro, nos mirar\u00e1n con un punto de envidia. Y un rayo misterioso har\u00e1 nido en tu pelo y las luci\u00e9rnagas curiosas adivinar\u00e1n que t\u00fa eres mi \u00fanico consuelo en este mundo de sombras. El d\u00eda que me quieras, el caos devenir\u00e1 armon\u00eda, el amanecer tendr\u00e1 m\u00e1s luz y los manantiales cantar\u00e1n a\u00fan con m\u00e1s alegr\u00eda. El d\u00eda que me quieras, los p\u00e1jaros cantar\u00e1n todav\u00eda m\u00e1s afinados, la vida florecer\u00e1 con colores a\u00fan m\u00e1s especiales. Y el dolor quedar\u00e1 en un punto concreto del olvido. Y la noche que me quieras, no me har\u00e1 falta mirar a las estrellas. Toda mi noche ser\u00e1 luz.<\/p>\n<p style=\"text-align: justify;\">(Versi\u00f3n prosificada y modificada y libremente de\u00a0<a href=\"http:\/\/es.wikipedia.org\/wiki\/El_d%C3%ADa_que_me_quieras\" target=\"_blank\">\u201cEl d\u00eda que me quieras\u201d<\/a>, de Carlos Gardel y Alfredo Le Pera. Cuando estaba escribiendo la entrada, escuchaba la versi\u00f3n de\u00a0<a href=\"http:\/\/youtu.be\/56LJH1RftgA\" target=\"_blank\">Andr\u00e9s Calamaro<\/a>. La imagen es de\u00a0<a href=\"http:\/\/www.flickr.com\/photos\/elidoturco\/4986038435\/\" target=\"_blank\">Elido Turco<\/a>.)<\/p>\n","protected":false},"excerpt":{"rendered":"<p>&nbsp; El suave murmullo de tu respiraci\u00f3n acaricia mis ensue\u00f1os. Y c\u00f3mo r\u00ede la vida cuando tus ojos escapan mi mirada hacia tu mirar. Tu sonrisa, aunque solo sea un esbozo, es para m\u00ed un c\u00e1ntico eterno. Porque, con tus risas, todo se olvida y todas las heridas dejan de sangrar. El d\u00eda que me &#8230; <a title=\"Toda mi noche ser\u00e1 luz\" class=\"read-more\" href=\"https:\/\/www.urbinavolant.com\/verbavolant\/index.php\/2013\/05\/30\/toda-mi-noche-sera-luz\/\" aria-label=\"Leer m\u00e1s sobre Toda mi noche ser\u00e1 luz\">Leer m\u00e1s<\/a><\/p>\n","protected":false},"author":1,"featured_media":0,"comment_status":"open","ping_status":"open","sticky":false,"template":"","format":"standard","meta":{"_monsterinsights_skip_tracking":false,"_monsterinsights_sitenote_active":false,"_monsterinsights_sitenote_note":"","_monsterinsights_sitenote_category":0,"_kadence_starter_templates_imported_post":false,"jetpack_post_was_ever_published":false,"_jetpack_newsletter_access":"","_jetpack_dont_email_post_to_subs":false,"_jetpack_newsletter_tier_id":0,"_jetpack_memberships_contains_paywalled_content":false,"_jetpack_memberships_contains_paid_content":false,"footnotes":"","jetpack_publicize_message":"","jetpack_publicize_feature_enabled":true,"jetpack_social_post_already_shared":true,"jetpack_social_options":{"image_generator_settings":{"template":"highway","default_image_id":0,"font":"","enabled":false},"version":2}},"categories":[87,57],"tags":[147],"class_list":["post-4427","post","type-post","status-publish","format-standard","hentry","category-amor","category-musica","tag-canciones-prosificadas"],"jetpack_publicize_connections":[],"jetpack_featured_media_url":"","jetpack_shortlink":"https:\/\/wp.me\/pLsVN-19p","jetpack_sharing_enabled":true,"_links":{"self":[{"href":"https:\/\/www.urbinavolant.com\/verbavolant\/index.php\/wp-json\/wp\/v2\/posts\/4427","targetHints":{"allow":["GET"]}}],"collection":[{"href":"https:\/\/www.urbinavolant.com\/verbavolant\/index.php\/wp-json\/wp\/v2\/posts"}],"about":[{"href":"https:\/\/www.urbinavolant.com\/verbavolant\/index.php\/wp-json\/wp\/v2\/types\/post"}],"author":[{"embeddable":true,"href":"https:\/\/www.urbinavolant.com\/verbavolant\/index.php\/wp-json\/wp\/v2\/users\/1"}],"replies":[{"embeddable":true,"href":"https:\/\/www.urbinavolant.com\/verbavolant\/index.php\/wp-json\/wp\/v2\/comments?post=4427"}],"version-history":[{"count":0,"href":"https:\/\/www.urbinavolant.com\/verbavolant\/index.php\/wp-json\/wp\/v2\/posts\/4427\/revisions"}],"wp:attachment":[{"href":"https:\/\/www.urbinavolant.com\/verbavolant\/index.php\/wp-json\/wp\/v2\/media?parent=4427"}],"wp:term":[{"taxonomy":"category","embeddable":true,"href":"https:\/\/www.urbinavolant.com\/verbavolant\/index.php\/wp-json\/wp\/v2\/categories?post=4427"},{"taxonomy":"post_tag","embeddable":true,"href":"https:\/\/www.urbinavolant.com\/verbavolant\/index.php\/wp-json\/wp\/v2\/tags?post=4427"}],"curies":[{"name":"wp","href":"https:\/\/api.w.org\/{rel}","templated":true}]}}