{"id":4693,"date":"2013-10-24T20:29:22","date_gmt":"2013-10-24T19:29:22","guid":{"rendered":"http:\/\/www.urbinavolant.com\/verbavolant\/?p=4693"},"modified":"2013-10-24T20:29:22","modified_gmt":"2013-10-24T19:29:22","slug":"tienes-que-escucharla-sin-falta","status":"publish","type":"post","link":"https:\/\/www.urbinavolant.com\/verbavolant\/index.php\/2013\/10\/24\/tienes-que-escucharla-sin-falta\/","title":{"rendered":"Tienes que escucharla. Sin falta"},"content":{"rendered":"<p style=\"text-align: center;\"><a href=\"http:\/\/www.flickr.com\/photos\/abrahamy2k\/5500666997\/\"><img data-recalc-dims=\"1\" loading=\"lazy\" decoding=\"async\" class=\"aligncenter size-full wp-image-4694\" alt=\"5500666997_29bf83d51f_z\" src=\"https:\/\/i0.wp.com\/www.urbinavolant.com\/verbavolant\/wp-content\/uploads\/2013\/10\/5500666997_29bf83d51f_z.jpg?resize=640%2C427&#038;ssl=1\" width=\"640\" height=\"427\" srcset=\"https:\/\/i0.wp.com\/www.urbinavolant.com\/verbavolant\/wp-content\/uploads\/2013\/10\/5500666997_29bf83d51f_z.jpg?w=640&amp;ssl=1 640w, https:\/\/i0.wp.com\/www.urbinavolant.com\/verbavolant\/wp-content\/uploads\/2013\/10\/5500666997_29bf83d51f_z.jpg?resize=300%2C200&amp;ssl=1 300w\" sizes=\"auto, (max-width: 640px) 100vw, 640px\" \/><\/a><\/p>\n<p style=\"text-align: justify;\">\u00bfHas escuchado la canci\u00f3n esa de La Guardia, \u00abCuando brille el sol\u00bb? Hoy la he escuchado. Hac\u00eda mucho tiempo que no lo hac\u00eda. Me ha salpicado con recuerdos, hilvanando lo que fueron los a\u00f1os 80 con el d\u00eda de hoy. Qu\u00e9 brisa de aire fresco. Y no es un t\u00f3pico. Quiz\u00e1 remembranza, melancol\u00eda, s\u00ed. Quiz\u00e1. Pero tambi\u00e9n una \u00e9poca de m\u00fasica que no es comparable con lo que hay ahora. No es comparable. Lo siento. Hay cosas mejores ahora tambi\u00e9n, s\u00ed. Pero no es comparable. Ahora te invito a que vuelvas a Andr\u00e9s Calamaro, en una canci\u00f3n de la que ya te habl\u00e9 ya aqu\u00ed, \u00abLa parte de adelante\u00bb. Pens\u00e1ndolo bien, nunca he seguido paso a paso a Calamaro, pero siempre vuelvo a \u00e9l. De alg\u00fan modo, necesito ese lado genial, canalla y de vida rasgada, aquella que a\u00f1oro muchas veces. Qui\u00e9n fuera rockero, qui\u00e9n lo fuera. Porque hoy quiero hablarte de canciones, s\u00ed. Hoy que he hablado demasiado, quiero compensarte con las melod\u00edas, pero sin prosificar, sin hacer nada. Solo hablando por hablar, sintiendo que no puedo cantar. Porque me da verg\u00fcenza. Porque ya no me llega la garganta al cuerpo. Ahora te dir\u00eda que fueses a Adriana Varela y le dieses una vuelta m\u00e1s al tango, un ritmo que nunca tiene fin. Que es inexorable, que llega a todas las partes, siempre de epidermis para abajo. Porque qu\u00e9 casualidad, ahora me he ido a otro tango, de Bajofondo. Tambi\u00e9n recontado, pero m\u00e1s desgarrado: \u00abNo te quede cerca el mundo cuando est\u00e1 por aplaudir\u00bb, dicen.<\/p>\n<p style=\"text-align: justify;\">Te pedir\u00eda que rescatases a los H\u00e9roes del Silencio, pero los del primer disco, cuando esa voz era tan original, tan \u00fanica. Con ese acompa\u00f1amiento de guitarra, en esa prisi\u00f3n del deseo. Que es la prisi\u00f3n de la que nunca escapamos. Que te ense\u00f1a que los momentos preciosos terminan, pero acaban siempre en la vulgaridad. Por eso es bueno siempre tenerlos. O, si no, recuperarlos. Y escucha de nuevo a Los Secretos, para aprender a llorar sobre un vidrio mojado. Para que tus l\u00e1grimas se confundan en su reflejo. Ahora que lo pienso, tambi\u00e9n vuelvo siempre a Los Secretos. No son \u00f1o\u00f1os. Qu\u00e9 va. No lo son. Tienen el equilibro justo. Pop y eso. Ha habido un momento en el que me he pasado a la canci\u00f3n italiana, ya te lo puedes imaginar. Pero no, quiero que escuches m\u00fasica nuestra hoy. Y puede que no la hayas escuchado, as\u00ed que d\u00e9jalo todo y vete hacia all\u00e1, hac\u00eda el \u00abVamos a volar\u00bb de La Casa Azul. No se lo digas a nadie, ni lo pienses. Es una gran canci\u00f3n. Y el di\u00e1logo que hay dentro es el mejor de la historia de la literatura en m\u00fasica, verso y canci\u00f3n.<\/p>\n<p style=\"text-align: justify;\">(La imagen es de <a href=\"http:\/\/www.flickr.com\/photos\/abrahamy2k\/5500666997\/\" target=\"_blank\">Abraham G\u00f3mez<\/a>.)<\/p>\n<p style=\"text-align: justify;\">\n<p style=\"text-align: justify;\">\n<p style=\"text-align: justify;\">\n","protected":false},"excerpt":{"rendered":"<p>\u00bfHas escuchado la canci\u00f3n esa de La Guardia, \u00abCuando brille el sol\u00bb? Hoy la he escuchado. Hac\u00eda mucho tiempo que no lo hac\u00eda. Me ha salpicado con recuerdos, hilvanando lo que fueron los a\u00f1os 80 con el d\u00eda de hoy. Qu\u00e9 brisa de aire fresco. Y no es un t\u00f3pico. Quiz\u00e1 remembranza, melancol\u00eda, s\u00ed. Quiz\u00e1. &#8230; <a title=\"Tienes que escucharla. Sin falta\" class=\"read-more\" href=\"https:\/\/www.urbinavolant.com\/verbavolant\/index.php\/2013\/10\/24\/tienes-que-escucharla-sin-falta\/\" aria-label=\"Leer m\u00e1s sobre Tienes que escucharla. Sin falta\">Leer m\u00e1s<\/a><\/p>\n","protected":false},"author":1,"featured_media":0,"comment_status":"open","ping_status":"open","sticky":false,"template":"","format":"standard","meta":{"_monsterinsights_skip_tracking":false,"_monsterinsights_sitenote_active":false,"_monsterinsights_sitenote_note":"","_monsterinsights_sitenote_category":0,"_kadence_starter_templates_imported_post":false,"jetpack_post_was_ever_published":false,"_jetpack_newsletter_access":"","_jetpack_dont_email_post_to_subs":false,"_jetpack_newsletter_tier_id":0,"_jetpack_memberships_contains_paywalled_content":false,"_jetpack_memberships_contains_paid_content":false,"footnotes":"","jetpack_publicize_message":"","jetpack_publicize_feature_enabled":true,"jetpack_social_post_already_shared":true,"jetpack_social_options":{"image_generator_settings":{"template":"highway","default_image_id":0,"font":"","enabled":false},"version":2}},"categories":[57],"tags":[],"class_list":["post-4693","post","type-post","status-publish","format-standard","hentry","category-musica"],"jetpack_publicize_connections":[],"jetpack_featured_media_url":"","jetpack_shortlink":"https:\/\/wp.me\/pLsVN-1dH","jetpack_sharing_enabled":true,"_links":{"self":[{"href":"https:\/\/www.urbinavolant.com\/verbavolant\/index.php\/wp-json\/wp\/v2\/posts\/4693","targetHints":{"allow":["GET"]}}],"collection":[{"href":"https:\/\/www.urbinavolant.com\/verbavolant\/index.php\/wp-json\/wp\/v2\/posts"}],"about":[{"href":"https:\/\/www.urbinavolant.com\/verbavolant\/index.php\/wp-json\/wp\/v2\/types\/post"}],"author":[{"embeddable":true,"href":"https:\/\/www.urbinavolant.com\/verbavolant\/index.php\/wp-json\/wp\/v2\/users\/1"}],"replies":[{"embeddable":true,"href":"https:\/\/www.urbinavolant.com\/verbavolant\/index.php\/wp-json\/wp\/v2\/comments?post=4693"}],"version-history":[{"count":0,"href":"https:\/\/www.urbinavolant.com\/verbavolant\/index.php\/wp-json\/wp\/v2\/posts\/4693\/revisions"}],"wp:attachment":[{"href":"https:\/\/www.urbinavolant.com\/verbavolant\/index.php\/wp-json\/wp\/v2\/media?parent=4693"}],"wp:term":[{"taxonomy":"category","embeddable":true,"href":"https:\/\/www.urbinavolant.com\/verbavolant\/index.php\/wp-json\/wp\/v2\/categories?post=4693"},{"taxonomy":"post_tag","embeddable":true,"href":"https:\/\/www.urbinavolant.com\/verbavolant\/index.php\/wp-json\/wp\/v2\/tags?post=4693"}],"curies":[{"name":"wp","href":"https:\/\/api.w.org\/{rel}","templated":true}]}}