{"id":495,"date":"2008-06-30T09:30:53","date_gmt":"2008-06-30T09:30:53","guid":{"rendered":"http:\/\/www.urbinavolant.com\/verbavolant\/index.php\/2008\/06\/30\/en-las-historias-en-su-justo-centro\/"},"modified":"2008-06-30T09:34:49","modified_gmt":"2008-06-30T09:34:49","slug":"en-las-historias-en-su-justo-centro","status":"publish","type":"post","link":"https:\/\/www.urbinavolant.com\/verbavolant\/index.php\/2008\/06\/30\/en-las-historias-en-su-justo-centro\/","title":{"rendered":"En las historias. En su justo centro"},"content":{"rendered":"<p align=\"center\">\u00a0<a href=\"http:\/\/flickr.com\/photos\/urbinavolant\/2588486778\/in\/set-72157605672092631\/\" title=\"El infierno de Marina N\u00fa\u00f1ez, en la Catedral de Burgos\" target=\"_blank\"><img data-recalc-dims=\"1\" loading=\"lazy\" decoding=\"async\" src=\"https:\/\/i0.wp.com\/www.urbinavolant.com\/verbavolant\/wp-content\/uploads\/2008\/06\/infierno.jpg?resize=500%2C333&#038;ssl=1\" title=\"Infierno\" alt=\"El infierno, por Marina N\u00fa\u00f1ez\" width=\"500\" height=\"333\" \/><\/a><\/p>\n<p align=\"justify\">Dec\u00eda el otro d\u00eda <a href=\"http:\/\/www.elpais.com\/articulo\/cultura\/Arturo\/Perez-Reverte\/enrola\/tropa\/literaria\/infanteria\/elpepicul\/20080619elpepicul_3\/Tes\" target=\"_blank\">Arturo P\u00e9rez-Reverte<\/a> que, a diferencia de otros (como Javier Mar\u00edas, al que puso de ejemplo), \u00e9l no quiere ser el autor de las lecturas que le apasionan: el prefiere ser el personaje. Tanto en el cine como en la literatura, esta es la aut\u00e9ntica visi\u00f3n, la visi\u00f3n del ni\u00f1o que quiere mimetizarse con sus personajes favoritos, meterse en el centro de la historia y que la vida suspenda sus tediosos vaivenes por la tensi\u00f3n narrativa de la aut\u00e9ntica aventura. Quiz\u00e1 la diferencia entre el adulto y el ni\u00f1o sea que el primero prefiere dirigir, manipular, administrar, mientras que el segundo quiere vivir, desarrollarse, expandirse. A m\u00ed me gusta la postura del ni\u00f1o. Por aquello de la ficci\u00f3n, pero tambi\u00e9n por aquello de la inmadura madurez y la responsable irresponsabilidad. Me gustan las historias y la imaginaci\u00f3n. Y ser un personaje de una historia en la que la densidad vital sea tan grande que no haya promedio certero entre la rentabilidad, la equidistancia y la aburrida monserga del vivir pausado. Vivir gracias a la vida de las historias y no vivir gracias a la historia de la vida. Es una ficci\u00f3n, lo s\u00e9. Es una <a href=\"http:\/\/buscon.rae.es\/draeI\/SrvltGUIBusUsual?TIPO_HTML=2&amp;TIPO_BUS=3&amp;LEMA=frusler%C3%ADa\" target=\"_blank\">frusler\u00eda<\/a> \u00f1o\u00f1a, lo reconozco. Pero si no sientes as\u00ed la vida corres un peligro. Que la vida te atrape a ti, te apriete con fuerza entre sus manos y seas, t\u00fa mismo, una ficci\u00f3n. Como en <em><a href=\"http:\/\/www.imdb.com\/title\/tt0084827\/\" target=\"_blank\" title=\"Tron, en IMDB\">Tron<\/a><\/em>. Como en <a href=\"http:\/\/www.imdb.com\/title\/tt0120382\/\" target=\"_blank\" title=\"The Truman Show, en IMDB\"><em>El show de Truman<\/em><\/a>. Prefiero ser la estrofa triste de una vieja canci\u00f3n de amor.<\/p>\n","protected":false},"excerpt":{"rendered":"<p>\u00a0 Dec\u00eda el otro d\u00eda Arturo P\u00e9rez-Reverte que, a diferencia de otros (como Javier Mar\u00edas, al que puso de ejemplo), \u00e9l no quiere ser el autor de las lecturas que le apasionan: el prefiere ser el personaje. Tanto en el cine como en la literatura, esta es la aut\u00e9ntica visi\u00f3n, la visi\u00f3n del ni\u00f1o que &#8230; <a title=\"En las historias. En su justo centro\" class=\"read-more\" href=\"https:\/\/www.urbinavolant.com\/verbavolant\/index.php\/2008\/06\/30\/en-las-historias-en-su-justo-centro\/\" aria-label=\"Leer m\u00e1s sobre En las historias. En su justo centro\">Leer m\u00e1s<\/a><\/p>\n","protected":false},"author":1,"featured_media":0,"comment_status":"open","ping_status":"open","sticky":false,"template":"","format":"standard","meta":{"_monsterinsights_skip_tracking":false,"_monsterinsights_sitenote_active":false,"_monsterinsights_sitenote_note":"","_monsterinsights_sitenote_category":0,"_kadence_starter_templates_imported_post":false,"jetpack_post_was_ever_published":false,"_jetpack_newsletter_access":"","_jetpack_dont_email_post_to_subs":false,"_jetpack_newsletter_tier_id":0,"_jetpack_memberships_contains_paywalled_content":false,"_jetpack_memberships_contains_paid_content":false,"footnotes":"","jetpack_publicize_message":"","jetpack_publicize_feature_enabled":true,"jetpack_social_post_already_shared":false,"jetpack_social_options":{"image_generator_settings":{"template":"highway","default_image_id":0,"font":"","enabled":false},"version":2}},"categories":[59,44,13],"tags":[],"class_list":["post-495","post","type-post","status-publish","format-standard","hentry","category-cine","category-comparaciones","category-libros"],"jetpack_publicize_connections":[],"jetpack_featured_media_url":"","jetpack_shortlink":"https:\/\/wp.me\/pLsVN-7Z","jetpack_sharing_enabled":true,"_links":{"self":[{"href":"https:\/\/www.urbinavolant.com\/verbavolant\/index.php\/wp-json\/wp\/v2\/posts\/495","targetHints":{"allow":["GET"]}}],"collection":[{"href":"https:\/\/www.urbinavolant.com\/verbavolant\/index.php\/wp-json\/wp\/v2\/posts"}],"about":[{"href":"https:\/\/www.urbinavolant.com\/verbavolant\/index.php\/wp-json\/wp\/v2\/types\/post"}],"author":[{"embeddable":true,"href":"https:\/\/www.urbinavolant.com\/verbavolant\/index.php\/wp-json\/wp\/v2\/users\/1"}],"replies":[{"embeddable":true,"href":"https:\/\/www.urbinavolant.com\/verbavolant\/index.php\/wp-json\/wp\/v2\/comments?post=495"}],"version-history":[{"count":0,"href":"https:\/\/www.urbinavolant.com\/verbavolant\/index.php\/wp-json\/wp\/v2\/posts\/495\/revisions"}],"wp:attachment":[{"href":"https:\/\/www.urbinavolant.com\/verbavolant\/index.php\/wp-json\/wp\/v2\/media?parent=495"}],"wp:term":[{"taxonomy":"category","embeddable":true,"href":"https:\/\/www.urbinavolant.com\/verbavolant\/index.php\/wp-json\/wp\/v2\/categories?post=495"},{"taxonomy":"post_tag","embeddable":true,"href":"https:\/\/www.urbinavolant.com\/verbavolant\/index.php\/wp-json\/wp\/v2\/tags?post=495"}],"curies":[{"name":"wp","href":"https:\/\/api.w.org\/{rel}","templated":true}]}}