{"id":4953,"date":"2013-12-29T12:40:48","date_gmt":"2013-12-29T11:40:48","guid":{"rendered":"http:\/\/www.urbinavolant.com\/verbavolant\/?p=4953"},"modified":"2013-12-29T12:40:48","modified_gmt":"2013-12-29T11:40:48","slug":"que-duda-cabe","status":"publish","type":"post","link":"https:\/\/www.urbinavolant.com\/verbavolant\/index.php\/2013\/12\/29\/que-duda-cabe\/","title":{"rendered":"Qu\u00e9 duda cabe"},"content":{"rendered":"<p style=\"text-align: center;\"><a href=\"http:\/\/www.flickr.com\/photos\/fotobcn\/9483483529\/\"><img data-recalc-dims=\"1\" loading=\"lazy\" decoding=\"async\" class=\"aligncenter size-full wp-image-4954\" alt=\"9483483529_6772802949_z\" src=\"https:\/\/i0.wp.com\/www.urbinavolant.com\/verbavolant\/wp-content\/uploads\/2013\/12\/9483483529_6772802949_z.jpg?resize=640%2C426&#038;ssl=1\" width=\"640\" height=\"426\" srcset=\"https:\/\/i0.wp.com\/www.urbinavolant.com\/verbavolant\/wp-content\/uploads\/2013\/12\/9483483529_6772802949_z.jpg?w=640&amp;ssl=1 640w, https:\/\/i0.wp.com\/www.urbinavolant.com\/verbavolant\/wp-content\/uploads\/2013\/12\/9483483529_6772802949_z.jpg?resize=300%2C199&amp;ssl=1 300w\" sizes=\"auto, (max-width: 640px) 100vw, 640px\" \/><\/a><\/p>\n<p style=\"text-align: justify;\">Este a\u00f1o \u2013como otros a\u00f1os, como (casi)siempre\u2013, te niegas a hacer balance. Que la memoria es tendenciosa, selectiva y, sobre todo, muy pu\u00f1etera. Te obstinas en no cruzar datos ni establecer tu mundo en tablas de dos entradas. Que son \u00fatiles, qu\u00e9 duda cabe. Que ayudan a supervisar, a analizar, a proyectar para el futuro.\u00a0Pero no quieres. Porque temes que una columna estar\u00eda bastante m\u00e1s nutrida que la otra (escu\u00e1lida, raqu\u00edtica, escuchimizada).\u00a0Y repasas a grandes rasgos, eso s\u00ed. Y piensas, eso s\u00ed. Y sacas algunas conclusiones, pero no demasiadas, no pormenorizadas.<\/p>\n<p style=\"text-align: justify;\">Tambi\u00e9n es cierto que, si tuvieras que extraer algo, ser\u00eda que te niegas y te negar\u00e1s, de ahora en adelante, a que te den lecciones. Que no significa que no tengas mucho que aprender. Que no significa que te tengan mucho que ense\u00f1ar, qu\u00e9 duda cabe. Pero te niegas a que te den lecciones los que creen que te las deben dar por alg\u00fan tipo de altura, sea esta de cualquier \u00edndole. Y, de moral, ni hablemos. Qu\u00e9 duda cabe.<\/p>\n<p style=\"text-align: justify;\">Por \u00faltimo, te niegas y te negar\u00e1s, luchar\u00e1s con todas tus fuerzas para que nadie te arrastre a una vida adocenada, triste, cercenada. Porque la vida es mucho m\u00e1s, o deber\u00eda serlo. Qu\u00e9 duda cabe.<\/p>\n<p style=\"text-align: justify;\">(Imagen de <a href=\"http:\/\/www.flickr.com\/photos\/fotobcn\/9483483529\/\" target=\"_blank\">Americo Ferraiuolo<\/a>.)<\/p>\n","protected":false},"excerpt":{"rendered":"<p>Este a\u00f1o \u2013como otros a\u00f1os, como (casi)siempre\u2013, te niegas a hacer balance. Que la memoria es tendenciosa, selectiva y, sobre todo, muy pu\u00f1etera. Te obstinas en no cruzar datos ni establecer tu mundo en tablas de dos entradas. Que son \u00fatiles, qu\u00e9 duda cabe. Que ayudan a supervisar, a analizar, a proyectar para el futuro.\u00a0Pero &#8230; <a title=\"Qu\u00e9 duda cabe\" class=\"read-more\" href=\"https:\/\/www.urbinavolant.com\/verbavolant\/index.php\/2013\/12\/29\/que-duda-cabe\/\" aria-label=\"Leer m\u00e1s sobre Qu\u00e9 duda cabe\">Leer m\u00e1s<\/a><\/p>\n","protected":false},"author":1,"featured_media":0,"comment_status":"open","ping_status":"open","sticky":false,"template":"","format":"standard","meta":{"_monsterinsights_skip_tracking":false,"_monsterinsights_sitenote_active":false,"_monsterinsights_sitenote_note":"","_monsterinsights_sitenote_category":0,"_kadence_starter_templates_imported_post":false,"jetpack_post_was_ever_published":false,"_jetpack_newsletter_access":"","_jetpack_dont_email_post_to_subs":false,"_jetpack_newsletter_tier_id":0,"_jetpack_memberships_contains_paywalled_content":false,"_jetpack_memberships_contains_paid_content":false,"footnotes":"","jetpack_publicize_message":"","jetpack_publicize_feature_enabled":true,"jetpack_social_post_already_shared":true,"jetpack_social_options":{"image_generator_settings":{"template":"highway","default_image_id":0,"font":"","enabled":false},"version":2}},"categories":[65],"tags":[],"class_list":["post-4953","post","type-post","status-publish","format-standard","hentry","category-sentido"],"jetpack_publicize_connections":[],"jetpack_featured_media_url":"","jetpack_shortlink":"https:\/\/wp.me\/pLsVN-1hT","jetpack_sharing_enabled":true,"_links":{"self":[{"href":"https:\/\/www.urbinavolant.com\/verbavolant\/index.php\/wp-json\/wp\/v2\/posts\/4953","targetHints":{"allow":["GET"]}}],"collection":[{"href":"https:\/\/www.urbinavolant.com\/verbavolant\/index.php\/wp-json\/wp\/v2\/posts"}],"about":[{"href":"https:\/\/www.urbinavolant.com\/verbavolant\/index.php\/wp-json\/wp\/v2\/types\/post"}],"author":[{"embeddable":true,"href":"https:\/\/www.urbinavolant.com\/verbavolant\/index.php\/wp-json\/wp\/v2\/users\/1"}],"replies":[{"embeddable":true,"href":"https:\/\/www.urbinavolant.com\/verbavolant\/index.php\/wp-json\/wp\/v2\/comments?post=4953"}],"version-history":[{"count":0,"href":"https:\/\/www.urbinavolant.com\/verbavolant\/index.php\/wp-json\/wp\/v2\/posts\/4953\/revisions"}],"wp:attachment":[{"href":"https:\/\/www.urbinavolant.com\/verbavolant\/index.php\/wp-json\/wp\/v2\/media?parent=4953"}],"wp:term":[{"taxonomy":"category","embeddable":true,"href":"https:\/\/www.urbinavolant.com\/verbavolant\/index.php\/wp-json\/wp\/v2\/categories?post=4953"},{"taxonomy":"post_tag","embeddable":true,"href":"https:\/\/www.urbinavolant.com\/verbavolant\/index.php\/wp-json\/wp\/v2\/tags?post=4953"}],"curies":[{"name":"wp","href":"https:\/\/api.w.org\/{rel}","templated":true}]}}