{"id":4967,"date":"2014-01-07T20:10:05","date_gmt":"2014-01-07T19:10:05","guid":{"rendered":"http:\/\/www.urbinavolant.com\/verbavolant\/?p=4967"},"modified":"2014-01-07T20:10:05","modified_gmt":"2014-01-07T19:10:05","slug":"ser-agradecidos","status":"publish","type":"post","link":"https:\/\/www.urbinavolant.com\/verbavolant\/index.php\/2014\/01\/07\/ser-agradecidos\/","title":{"rendered":"Ser agradecidos"},"content":{"rendered":"<p><a href=\"https:\/\/i0.wp.com\/www.urbinavolant.com\/verbavolant\/wp-content\/uploads\/2014\/01\/20140107-195758.jpg?ssl=1\"><img data-recalc-dims=\"1\" decoding=\"async\" src=\"https:\/\/i0.wp.com\/www.urbinavolant.com\/verbavolant\/wp-content\/uploads\/2014\/01\/20140107-195758.jpg?w=1200&#038;ssl=1\" alt=\"20140107-195758.jpg\" class=\"alignnone size-full\" \/><\/a><\/p>\n<p>Han sido d\u00edas de regalar, de ser regalado, de regalarse. No me refiero solo al acto protocolario y \u00abobligado\u00bb de hacer regalos, sino de aprovechar esos momentos para dar un poco de ti a otros. No importa, en el fondo, si vale o mucho o poco, sino las ganas, el empe\u00f1o. El pensar en algo para alguien.<\/p>\n<p>Yo, que he abominado los momentos de mi vida en los que me he visto obligado a agradecer con reverencias y pleites\u00eda, me siento en estos d\u00edas dolido. Me pas\u00f3 ya hace unos meses, me ha ocurrido hace nada. En los tiempos de la comunicaci\u00f3n diferida pero casi instant\u00e1nea, en los d\u00edas de Whatsapp, de Twitter, de Facebook (no ya algo tan simple, cercano y c\u00e1lido como una llamada de tel\u00e9fono), me encuentro con la nada. Algo que nos haga recordar que el otro est\u00e1 ah\u00ed. Ser agradecido cuesta tan poco&#8230;<\/p>\n<p>Es la \u00faltima vez que me pasa.<\/p>\n<p>(Imagen de <a href=\"http:\/\/www.flickr.com\/photos\/vervial\/6084493791\/\">Frank Vervial.<\/a>)<\/p>\n","protected":false},"excerpt":{"rendered":"<p>Han sido d\u00edas de regalar, de ser regalado, de regalarse. No me refiero solo al acto protocolario y \u00abobligado\u00bb de hacer regalos, sino de aprovechar esos momentos para dar un poco de ti a otros. No importa, en el fondo, si vale o mucho o poco, sino las ganas, el empe\u00f1o. El pensar en algo &#8230; <a title=\"Ser agradecidos\" class=\"read-more\" href=\"https:\/\/www.urbinavolant.com\/verbavolant\/index.php\/2014\/01\/07\/ser-agradecidos\/\" aria-label=\"Leer m\u00e1s sobre Ser agradecidos\">Leer m\u00e1s<\/a><\/p>\n","protected":false},"author":1,"featured_media":0,"comment_status":"open","ping_status":"open","sticky":false,"template":"","format":"standard","meta":{"_monsterinsights_skip_tracking":false,"_monsterinsights_sitenote_active":false,"_monsterinsights_sitenote_note":"","_monsterinsights_sitenote_category":0,"_kadence_starter_templates_imported_post":false,"jetpack_post_was_ever_published":false,"_jetpack_newsletter_access":"","_jetpack_dont_email_post_to_subs":false,"_jetpack_newsletter_tier_id":0,"_jetpack_memberships_contains_paywalled_content":false,"_jetpack_memberships_contains_paid_content":false,"footnotes":"","jetpack_publicize_message":"","jetpack_publicize_feature_enabled":true,"jetpack_social_post_already_shared":true,"jetpack_social_options":{"image_generator_settings":{"template":"highway","default_image_id":0,"font":"","enabled":false},"version":2}},"categories":[72],"tags":[],"class_list":["post-4967","post","type-post","status-publish","format-standard","hentry","category-contrastes"],"jetpack_publicize_connections":[],"jetpack_featured_media_url":"","jetpack_shortlink":"https:\/\/wp.me\/pLsVN-1i7","jetpack_sharing_enabled":true,"_links":{"self":[{"href":"https:\/\/www.urbinavolant.com\/verbavolant\/index.php\/wp-json\/wp\/v2\/posts\/4967","targetHints":{"allow":["GET"]}}],"collection":[{"href":"https:\/\/www.urbinavolant.com\/verbavolant\/index.php\/wp-json\/wp\/v2\/posts"}],"about":[{"href":"https:\/\/www.urbinavolant.com\/verbavolant\/index.php\/wp-json\/wp\/v2\/types\/post"}],"author":[{"embeddable":true,"href":"https:\/\/www.urbinavolant.com\/verbavolant\/index.php\/wp-json\/wp\/v2\/users\/1"}],"replies":[{"embeddable":true,"href":"https:\/\/www.urbinavolant.com\/verbavolant\/index.php\/wp-json\/wp\/v2\/comments?post=4967"}],"version-history":[{"count":0,"href":"https:\/\/www.urbinavolant.com\/verbavolant\/index.php\/wp-json\/wp\/v2\/posts\/4967\/revisions"}],"wp:attachment":[{"href":"https:\/\/www.urbinavolant.com\/verbavolant\/index.php\/wp-json\/wp\/v2\/media?parent=4967"}],"wp:term":[{"taxonomy":"category","embeddable":true,"href":"https:\/\/www.urbinavolant.com\/verbavolant\/index.php\/wp-json\/wp\/v2\/categories?post=4967"},{"taxonomy":"post_tag","embeddable":true,"href":"https:\/\/www.urbinavolant.com\/verbavolant\/index.php\/wp-json\/wp\/v2\/tags?post=4967"}],"curies":[{"name":"wp","href":"https:\/\/api.w.org\/{rel}","templated":true}]}}