{"id":501,"date":"2008-07-07T21:35:01","date_gmt":"2008-07-07T21:35:01","guid":{"rendered":"http:\/\/www.urbinavolant.com\/verbavolant\/index.php\/2008\/07\/07\/tramposillos-al-cubo\/"},"modified":"2008-07-07T21:35:01","modified_gmt":"2008-07-07T21:35:01","slug":"tramposillos-al-cubo","status":"publish","type":"post","link":"https:\/\/www.urbinavolant.com\/verbavolant\/index.php\/2008\/07\/07\/tramposillos-al-cubo\/","title":{"rendered":"Tramposillos al cubo"},"content":{"rendered":"<p align=\"center\"><img data-recalc-dims=\"1\" loading=\"lazy\" decoding=\"async\" src=\"https:\/\/i0.wp.com\/www.urbinavolant.com\/verbavolant\/wp-content\/uploads\/2008\/07\/retro.jpg?resize=500%2C375&#038;ssl=1\" width=\"500\" height=\"375\" title=\"Retro\" alt=\"Retro\" \/><\/p>\n<p style=\"text-align: justify\">Lo le\u00eda hace ya <a href=\"http:\/\/www.elpais.com\/articulo\/sociedad\/Vago\/letras\/empollon\/ciencias\/elpepusoc\/20080630elpepisoc_7\/Tes\" target=\"_blank\">unos cuantos d\u00edas<\/a>\u00a0 en un titular de lo m\u00e1s sugerente: \u00abVago, a letras; empoll\u00f3n, a ciencias\u00bb.\u00a0 Sea la presi\u00f3n familiar, sean los estereotipos, sean -esto es lo m\u00e1s probable- chorras en vinagre, parece que estamos abocados a las etiquetas. Dicen que yo soy de Letras. Al menos, eso pone en mi t\u00edtulo. Yo no llego a creerme estas distinciones y creo que mi t\u00edtulo dice una cosa, pero mi cerebro puede decir otra cosa muy distinta. Ahora bien: yo ser\u00eda, seg\u00fan el marbete del art\u00edculo citado, <em>sociable, simp\u00e1tico y abierto, pero vago, incapaz, despreocupado e indeciso<\/em>. Y, por contra, no soy <em>ni inteligente, ni serio, ni responsable, pero tampoco individualista, insociable, aburrido y materialista<\/em>. Adem\u00e1s, parece que pertenezco m\u00e1s al lado de las chicas (cuando os cuente en otra entrada una peque\u00f1a an\u00e9cdota que me ocurri\u00f3 el otro d\u00eda en el concierto de <a href=\"http:\/\/urbinavolant.com\/alberto\/?p=23\" target=\"_blank\">Fangoria<\/a>, os vais a partir), porque eso de las letras es muy femenino, mientras que los n\u00fameros son para las masculinas cabezas cuadradas de ciencias.<\/p>\n<p style=\"text-align: justify\">Creo que acabamos crey\u00e9ndonos las cosas a base de repetirlas y repetirlas, as\u00ed que yo, por mi parte, propongo varias cosas: una, realizar un ensayo cl\u00ednico en plan <a href=\"http:\/\/es.wikipedia.org\/wiki\/Doble_ciego\" target=\"_blank\">doble ciego<\/a> para comprobar si son ciertas esas afirmaciones aprior\u00edsticas; otra, dejar de mirarnos el ombligo y sacudirnos los galones con los que nosotros mismos nos condecoramos: conozco a una subnormal profunda -con perd\u00f3n para todos los discapacitados mentales- que piensa que, por saber algo de n\u00fameros, l\u00edquidos varios y esas cosas y hacer una carrera de fondo (tard\u00f3 lo que no sabe nadie para acabar una carrera \u00abde Ciencias\u00bb) se cree la bomba; pero tambi\u00e9n conozco a alg\u00fan que otro engre\u00eddo \u00abde letras\u00bb que abomina de las ciencias hasta enciscarse en la palabra misma y convertirse en el adalid de la <em>culturageneral<\/em>. Como ya sab\u00e9is que yo soy alguien seriamente incapacitado para entender las cosas -y lo digo totalmente en serio-, no s\u00e9 todav\u00eda muy bien qu\u00e9 son las Ciencias y qu\u00e9 son las Letras. Y llego a sospechar que -quiz\u00e1- estas separaciones cada vez son m\u00e1s oblicuas fuera del mundo acad\u00e9mico. Y puede que tambi\u00e9n lo sean dentro del mismo.<\/p>\n<p style=\"text-align: justify\">Casi para acabar, tampoco estar\u00eda de m\u00e1s que dej\u00e1semos a nuestros chicos -nuestro futuro- elegir con prudencia y cabeza, pero alejados de extra\u00f1as presiones familiares y sociales, escondidas o por esconder. Los prejuicios son doblemente malos en el caso de las familias, que quieren un proyecto de hijo m\u00e1s que un proyecto de persona. Me ha contado un pajarito que a un adolescente un d\u00eda le dio por decir que \u00e9l de mayor quer\u00eda ser notario. Si hemos de ser sinceros, no puedo llegar a creerme que un jovencito quiera ser notario (millonario directamente, quiz\u00e1; pero nunca un aburrido notario) si no es porque dentro de ese deseo subyace el de una familia con ideales triviales y vagamente \u00abselectos\u00bb.<\/p>\n<p style=\"text-align: justify\">En todo caso, hay casos de vagos en todas partes. Y tambi\u00e9n de <a href=\"http:\/\/www.elpais.com\/articulo\/futuro\/Cientificos\/tramposos\/elpepusocfut\/20080702elpepifut_1\/Tes\" target=\"_blank\">tramposos<\/a>.\u00a0 Quiz\u00e1s tambi\u00e9n de sinverg\u00fcenzas. Pero si aut\u00e9nticamente quer\u00e9is saber cu\u00e1l es el papel de las letras y de las ciencias, leed <a href=\"http:\/\/www.elpais.com\/articulo\/portada\/Invitados\/Ciencias\/elpepspor\/20050626elpepspor_9\/Tes\/\" target=\"_blank\">este art\u00edculo<\/a> de Juan Cueto. Os aseguro que, pese a estar firmado en 2005, ser\u00e1 una aut\u00e9ntica lecci\u00f3n de actualidad. Para los de Letras y para los de Ciencias. Para saber, de una puta vez, que el mundo que nos toca vivir no es el que era. A ver si nos enteramos los de \u00abLetras\u00bb y los de \u00abCiencias\u00bb.<\/p>\n<p style=\"text-align: right\" align=\"right\"><span style=\"font-size: 10pt\">(Imagen de <a href=\"http:\/\/flickr.com\/photos\/istechnicolor\/463544954\/\" target=\"_blank\">{Lucy}<\/a>) <o:p><\/o:p><\/span><\/p>\n","protected":false},"excerpt":{"rendered":"<p>Lo le\u00eda hace ya unos cuantos d\u00edas\u00a0 en un titular de lo m\u00e1s sugerente: \u00abVago, a letras; empoll\u00f3n, a ciencias\u00bb.\u00a0 Sea la presi\u00f3n familiar, sean los estereotipos, sean -esto es lo m\u00e1s probable- chorras en vinagre, parece que estamos abocados a las etiquetas. Dicen que yo soy de Letras. Al menos, eso pone en mi &#8230; <a title=\"Tramposillos al cubo\" class=\"read-more\" href=\"https:\/\/www.urbinavolant.com\/verbavolant\/index.php\/2008\/07\/07\/tramposillos-al-cubo\/\" aria-label=\"Leer m\u00e1s sobre Tramposillos al cubo\">Leer m\u00e1s<\/a><\/p>\n","protected":false},"author":1,"featured_media":0,"comment_status":"open","ping_status":"open","sticky":false,"template":"","format":"standard","meta":{"_monsterinsights_skip_tracking":false,"_monsterinsights_sitenote_active":false,"_monsterinsights_sitenote_note":"","_monsterinsights_sitenote_category":0,"_kadence_starter_templates_imported_post":false,"jetpack_post_was_ever_published":false,"_jetpack_newsletter_access":"","_jetpack_dont_email_post_to_subs":false,"_jetpack_newsletter_tier_id":0,"_jetpack_memberships_contains_paywalled_content":false,"_jetpack_memberships_contains_paid_content":false,"footnotes":"","jetpack_publicize_message":"","jetpack_publicize_feature_enabled":true,"jetpack_social_post_already_shared":false,"jetpack_social_options":{"image_generator_settings":{"template":"highway","default_image_id":0,"font":"","enabled":false},"version":2}},"categories":[74],"tags":[],"class_list":["post-501","post","type-post","status-publish","format-standard","hentry","category-ciencias-y-letras"],"jetpack_publicize_connections":[],"jetpack_featured_media_url":"","jetpack_shortlink":"https:\/\/wp.me\/pLsVN-85","jetpack_sharing_enabled":true,"_links":{"self":[{"href":"https:\/\/www.urbinavolant.com\/verbavolant\/index.php\/wp-json\/wp\/v2\/posts\/501","targetHints":{"allow":["GET"]}}],"collection":[{"href":"https:\/\/www.urbinavolant.com\/verbavolant\/index.php\/wp-json\/wp\/v2\/posts"}],"about":[{"href":"https:\/\/www.urbinavolant.com\/verbavolant\/index.php\/wp-json\/wp\/v2\/types\/post"}],"author":[{"embeddable":true,"href":"https:\/\/www.urbinavolant.com\/verbavolant\/index.php\/wp-json\/wp\/v2\/users\/1"}],"replies":[{"embeddable":true,"href":"https:\/\/www.urbinavolant.com\/verbavolant\/index.php\/wp-json\/wp\/v2\/comments?post=501"}],"version-history":[{"count":0,"href":"https:\/\/www.urbinavolant.com\/verbavolant\/index.php\/wp-json\/wp\/v2\/posts\/501\/revisions"}],"wp:attachment":[{"href":"https:\/\/www.urbinavolant.com\/verbavolant\/index.php\/wp-json\/wp\/v2\/media?parent=501"}],"wp:term":[{"taxonomy":"category","embeddable":true,"href":"https:\/\/www.urbinavolant.com\/verbavolant\/index.php\/wp-json\/wp\/v2\/categories?post=501"},{"taxonomy":"post_tag","embeddable":true,"href":"https:\/\/www.urbinavolant.com\/verbavolant\/index.php\/wp-json\/wp\/v2\/tags?post=501"}],"curies":[{"name":"wp","href":"https:\/\/api.w.org\/{rel}","templated":true}]}}