{"id":5063,"date":"2014-02-14T08:35:33","date_gmt":"2014-02-14T07:35:33","guid":{"rendered":"http:\/\/www.urbinavolant.com\/verbavolant\/?p=5063"},"modified":"2014-02-14T08:36:14","modified_gmt":"2014-02-14T07:36:14","slug":"eclipses-y-corazones","status":"publish","type":"post","link":"https:\/\/www.urbinavolant.com\/verbavolant\/index.php\/2014\/02\/14\/eclipses-y-corazones\/","title":{"rendered":"Eclipses y corazones"},"content":{"rendered":"<p style=\"text-align: center;\">\u00a0<a href=\"http:\/\/www.flickr.com\/photos\/marcofedele\/5653376393\/\"><img data-recalc-dims=\"1\" loading=\"lazy\" decoding=\"async\" class=\"aligncenter size-full wp-image-5095\" alt=\"eclipse\" src=\"https:\/\/i0.wp.com\/www.urbinavolant.com\/verbavolant\/wp-content\/uploads\/2014\/02\/5653376393_316c890dfb_z.jpg?resize=640%2C427&#038;ssl=1\" width=\"640\" height=\"427\" srcset=\"https:\/\/i0.wp.com\/www.urbinavolant.com\/verbavolant\/wp-content\/uploads\/2014\/02\/5653376393_316c890dfb_z.jpg?w=640&amp;ssl=1 640w, https:\/\/i0.wp.com\/www.urbinavolant.com\/verbavolant\/wp-content\/uploads\/2014\/02\/5653376393_316c890dfb_z.jpg?resize=300%2C200&amp;ssl=1 300w\" sizes=\"auto, (max-width: 640px) 100vw, 640px\" \/><\/a><\/p>\n<p style=\"text-align: justify;\">De vez en cuando, me doy cuenta de que nunca est\u00e1s aqu\u00ed y me encuentro cansado de escuchar el sonido de mis l\u00e1grimas. De vez en cuando, me pongo hist\u00e9rico al darme cuenta de que, probablemente, ya han pasado los mejores a\u00f1os de mi vida. De vez en cuando, siento un miedo que me recorre todo el cuerpo. Entonces, imagino la manera que ten\u00edas de mirarme. Despu\u00e9s, al comprobar la vanidad del espejismo, vuelvo a derrumbarme.<\/p>\n<p style=\"text-align: justify;\">De vez en cuando, me siento impaciente y sue\u00f1o con algo salvaje y, en otras ocasiones, me siento indefenso y sue\u00f1o con descansar como un ni\u00f1o en tus brazos. De vez en cuando, me enfado con todo y siento la necesidad irrefrenable de ponerme a gritar hacia el vac\u00edo.<\/p>\n<p style=\"text-align: justify;\">De vez en cuando, vuelvo a experimentar ese miedo que cala hasta los huesos y me calmo imaginando la manera que ten\u00edas de mirarme. De forma inexorable, al comprobar que los sue\u00f1os se disipan, vuelvo a la vac\u00eda realidad.\u00a0Ahora, hoy, esta noche, te necesito m\u00e1s que nunca. Si me abrazas fuerte, imaginar\u00e9 que ese abrazo es eterno y que todo ha merecido la pena, que no he estado equivocado.\u00a0Pero no s\u00e9 qu\u00e9 hacer, entre la oscuridad, sobre un barril de p\u00f3lvora y entre chispas apasionadas. De verdad, esta noche te necesito para que todo todo tenga sentido.<\/p>\n<p>Y vuelvo a imaginar en el amor una y mil veces hasta romperme, una vez m\u00e1s en pedazos. Y el amor anida en esta perenne oscuridad , en este eclipse total de mi coraz\u00f3n.<\/p>\n<p style=\"text-align: justify;\">(Versi\u00f3n prosificada\u00a0y modificada a voluntad de\u00a0<a href=\"http:\/\/youtu.be\/lcOxhH8N3Bo\" target=\"_blank\">\u201cTotal Eclipse of the Heart\u201d<\/a>, de Bonnie Tyler. Imagen de \u00a0<a href=\"http:\/\/www.flickr.com\/photos\/marcofedele\/5653376393\/\" target=\"_blank\">Marco Fedele<\/a>.)<\/p>\n<p>&nbsp;<\/p>\n<p>&nbsp;<\/p>\n","protected":false},"excerpt":{"rendered":"<p>\u00a0 De vez en cuando, me doy cuenta de que nunca est\u00e1s aqu\u00ed y me encuentro cansado de escuchar el sonido de mis l\u00e1grimas. De vez en cuando, me pongo hist\u00e9rico al darme cuenta de que, probablemente, ya han pasado los mejores a\u00f1os de mi vida. De vez en cuando, siento un miedo que me &#8230; <a title=\"Eclipses y corazones\" class=\"read-more\" href=\"https:\/\/www.urbinavolant.com\/verbavolant\/index.php\/2014\/02\/14\/eclipses-y-corazones\/\" aria-label=\"Leer m\u00e1s sobre Eclipses y corazones\">Leer m\u00e1s<\/a><\/p>\n","protected":false},"author":1,"featured_media":0,"comment_status":"open","ping_status":"open","sticky":false,"template":"","format":"standard","meta":{"_monsterinsights_skip_tracking":false,"_monsterinsights_sitenote_active":false,"_monsterinsights_sitenote_note":"","_monsterinsights_sitenote_category":0,"_kadence_starter_templates_imported_post":false,"jetpack_post_was_ever_published":false,"_jetpack_newsletter_access":"","_jetpack_dont_email_post_to_subs":false,"_jetpack_newsletter_tier_id":0,"_jetpack_memberships_contains_paywalled_content":false,"_jetpack_memberships_contains_paid_content":false,"footnotes":"","jetpack_publicize_message":"","jetpack_publicize_feature_enabled":true,"jetpack_social_post_already_shared":true,"jetpack_social_options":{"image_generator_settings":{"template":"highway","default_image_id":0,"font":"","enabled":false},"version":2}},"categories":[57,65],"tags":[147],"class_list":["post-5063","post","type-post","status-publish","format-standard","hentry","category-musica","category-sentido","tag-canciones-prosificadas"],"jetpack_publicize_connections":[],"jetpack_featured_media_url":"","jetpack_shortlink":"https:\/\/wp.me\/pLsVN-1jF","jetpack_sharing_enabled":true,"_links":{"self":[{"href":"https:\/\/www.urbinavolant.com\/verbavolant\/index.php\/wp-json\/wp\/v2\/posts\/5063","targetHints":{"allow":["GET"]}}],"collection":[{"href":"https:\/\/www.urbinavolant.com\/verbavolant\/index.php\/wp-json\/wp\/v2\/posts"}],"about":[{"href":"https:\/\/www.urbinavolant.com\/verbavolant\/index.php\/wp-json\/wp\/v2\/types\/post"}],"author":[{"embeddable":true,"href":"https:\/\/www.urbinavolant.com\/verbavolant\/index.php\/wp-json\/wp\/v2\/users\/1"}],"replies":[{"embeddable":true,"href":"https:\/\/www.urbinavolant.com\/verbavolant\/index.php\/wp-json\/wp\/v2\/comments?post=5063"}],"version-history":[{"count":0,"href":"https:\/\/www.urbinavolant.com\/verbavolant\/index.php\/wp-json\/wp\/v2\/posts\/5063\/revisions"}],"wp:attachment":[{"href":"https:\/\/www.urbinavolant.com\/verbavolant\/index.php\/wp-json\/wp\/v2\/media?parent=5063"}],"wp:term":[{"taxonomy":"category","embeddable":true,"href":"https:\/\/www.urbinavolant.com\/verbavolant\/index.php\/wp-json\/wp\/v2\/categories?post=5063"},{"taxonomy":"post_tag","embeddable":true,"href":"https:\/\/www.urbinavolant.com\/verbavolant\/index.php\/wp-json\/wp\/v2\/tags?post=5063"}],"curies":[{"name":"wp","href":"https:\/\/api.w.org\/{rel}","templated":true}]}}