{"id":5200,"date":"2014-03-24T08:31:08","date_gmt":"2014-03-24T07:31:08","guid":{"rendered":"http:\/\/www.urbinavolant.com\/verbavolant\/?p=5200"},"modified":"2014-03-24T08:31:08","modified_gmt":"2014-03-24T07:31:08","slug":"intermezzo","status":"publish","type":"post","link":"https:\/\/www.urbinavolant.com\/verbavolant\/index.php\/2014\/03\/24\/intermezzo\/","title":{"rendered":"Intermezzo"},"content":{"rendered":"<p style=\"text-align: center;\"><a href=\"http:\/\/www.flickr.com\/photos\/thomas_hmd\/12993692315\/\"><img data-recalc-dims=\"1\" loading=\"lazy\" decoding=\"async\" class=\"aligncenter size-full wp-image-5201\" alt=\"L'atelier\" src=\"https:\/\/i0.wp.com\/www.urbinavolant.com\/verbavolant\/wp-content\/uploads\/2014\/03\/12993692315_bac0f8481d_z.jpg?resize=640%2C427&#038;ssl=1\" width=\"640\" height=\"427\" srcset=\"https:\/\/i0.wp.com\/www.urbinavolant.com\/verbavolant\/wp-content\/uploads\/2014\/03\/12993692315_bac0f8481d_z.jpg?w=640&amp;ssl=1 640w, https:\/\/i0.wp.com\/www.urbinavolant.com\/verbavolant\/wp-content\/uploads\/2014\/03\/12993692315_bac0f8481d_z.jpg?resize=300%2C200&amp;ssl=1 300w\" sizes=\"auto, (max-width: 640px) 100vw, 640px\" \/><\/a><\/p>\n<p style=\"text-align: justify;\">Reci\u00e9n levantado, con la cabeza en pleno tr\u00e1nsito del sue\u00f1o a la realidad, me ha venido a la cabeza un <a href=\"http:\/\/youtu.be\/k6BcY90YshQ\" target=\"_blank\"><em>Intermezzo<\/em><\/a>. Inmediatamente, he puesto el reproductor de m\u00fasica para notar que la ma\u00f1ana se aliviaba. Que era posible vivir un mundo con los ojos cerrados y sin perder la consciencia. O vivirlo con los ojos abiertos y sin perder la capacidad de so\u00f1ar. Que los intermedios no son cosas molestas entre acontecimientos importantes. Que pueden ser <a href=\"http:\/\/www.imdb.com\/title\/tt0031491\/?ref_=ttpl_pl_tt\" target=\"_blank\">pel\u00edculas de amor y m\u00fasica<\/a>.<\/p>\n<p style=\"text-align: justify;\">Reci\u00e9n levantado, m\u00e1s despierto pero a\u00fan sin pisar la realidad, me ha dado cuenta de que estamos muy necesitados de los intermedios. Para cerrar los ojos completamente cerrados y abrir los ojos completamente abiertos.<\/p>\n<p style=\"text-align: justify;\">(Imagen de <a href=\"http:\/\/www.flickr.com\/photos\/thomas_hmd\/12993692315\/\" target=\"_blank\">Thomas Hommoudi<\/a>.)<\/p>\n<p style=\"text-align: justify;\">Aqu\u00ed ten\u00e9is la pieza que estaba escuchando:<\/p>\n<p><iframe loading=\"lazy\" title=\"Pietro Mascagni - Cavalleria Rusticana (Intermezzo Sinfonico)\" width=\"1200\" height=\"900\" src=\"https:\/\/www.youtube.com\/embed\/k6BcY90YshQ?feature=oembed\" frameborder=\"0\" allow=\"accelerometer; autoplay; clipboard-write; encrypted-media; gyroscope; picture-in-picture\" allowfullscreen><\/iframe><\/p>\n","protected":false},"excerpt":{"rendered":"<p>Reci\u00e9n levantado, con la cabeza en pleno tr\u00e1nsito del sue\u00f1o a la realidad, me ha venido a la cabeza un Intermezzo. Inmediatamente, he puesto el reproductor de m\u00fasica para notar que la ma\u00f1ana se aliviaba. Que era posible vivir un mundo con los ojos cerrados y sin perder la consciencia. O vivirlo con los ojos &#8230; <a title=\"Intermezzo\" class=\"read-more\" href=\"https:\/\/www.urbinavolant.com\/verbavolant\/index.php\/2014\/03\/24\/intermezzo\/\" aria-label=\"Leer m\u00e1s sobre Intermezzo\">Leer m\u00e1s<\/a><\/p>\n","protected":false},"author":1,"featured_media":0,"comment_status":"open","ping_status":"open","sticky":false,"template":"","format":"standard","meta":{"_monsterinsights_skip_tracking":false,"_monsterinsights_sitenote_active":false,"_monsterinsights_sitenote_note":"","_monsterinsights_sitenote_category":0,"_kadence_starter_templates_imported_post":false,"jetpack_post_was_ever_published":false,"_jetpack_newsletter_access":"","_jetpack_dont_email_post_to_subs":false,"_jetpack_newsletter_tier_id":0,"_jetpack_memberships_contains_paywalled_content":false,"_jetpack_memberships_contains_paid_content":false,"footnotes":"","jetpack_publicize_message":"","jetpack_publicize_feature_enabled":true,"jetpack_social_post_already_shared":true,"jetpack_social_options":{"image_generator_settings":{"template":"highway","default_image_id":0,"font":"","enabled":false},"version":2}},"categories":[44,72,57],"tags":[],"class_list":["post-5200","post","type-post","status-publish","format-standard","hentry","category-comparaciones","category-contrastes","category-musica"],"jetpack_publicize_connections":[],"jetpack_featured_media_url":"","jetpack_shortlink":"https:\/\/wp.me\/pLsVN-1lS","jetpack_sharing_enabled":true,"_links":{"self":[{"href":"https:\/\/www.urbinavolant.com\/verbavolant\/index.php\/wp-json\/wp\/v2\/posts\/5200","targetHints":{"allow":["GET"]}}],"collection":[{"href":"https:\/\/www.urbinavolant.com\/verbavolant\/index.php\/wp-json\/wp\/v2\/posts"}],"about":[{"href":"https:\/\/www.urbinavolant.com\/verbavolant\/index.php\/wp-json\/wp\/v2\/types\/post"}],"author":[{"embeddable":true,"href":"https:\/\/www.urbinavolant.com\/verbavolant\/index.php\/wp-json\/wp\/v2\/users\/1"}],"replies":[{"embeddable":true,"href":"https:\/\/www.urbinavolant.com\/verbavolant\/index.php\/wp-json\/wp\/v2\/comments?post=5200"}],"version-history":[{"count":0,"href":"https:\/\/www.urbinavolant.com\/verbavolant\/index.php\/wp-json\/wp\/v2\/posts\/5200\/revisions"}],"wp:attachment":[{"href":"https:\/\/www.urbinavolant.com\/verbavolant\/index.php\/wp-json\/wp\/v2\/media?parent=5200"}],"wp:term":[{"taxonomy":"category","embeddable":true,"href":"https:\/\/www.urbinavolant.com\/verbavolant\/index.php\/wp-json\/wp\/v2\/categories?post=5200"},{"taxonomy":"post_tag","embeddable":true,"href":"https:\/\/www.urbinavolant.com\/verbavolant\/index.php\/wp-json\/wp\/v2\/tags?post=5200"}],"curies":[{"name":"wp","href":"https:\/\/api.w.org\/{rel}","templated":true}]}}