{"id":5260,"date":"2014-04-23T19:30:47","date_gmt":"2014-04-23T18:30:47","guid":{"rendered":"http:\/\/www.urbinavolant.com\/verbavolant\/?p=5260"},"modified":"2015-05-12T12:03:42","modified_gmt":"2015-05-12T11:03:42","slug":"5260","status":"publish","type":"post","link":"https:\/\/www.urbinavolant.com\/verbavolant\/index.php\/2014\/04\/23\/5260\/","title":{"rendered":"S\u00ed, voy a hablar de las lecturas obligatorias. En el D\u00eda del Libro"},"content":{"rendered":"<p style=\"text-align: center;\"><a href=\"They Shoot Horses, Don't They\"><img data-recalc-dims=\"1\" loading=\"lazy\" decoding=\"async\" class=\"aligncenter size-full wp-image-5261\" src=\"https:\/\/i0.wp.com\/www.urbinavolant.com\/verbavolant\/wp-content\/uploads\/2014\/04\/they-shoot-horses-dont-they.jpg?resize=500%2C342&#038;ssl=1\" alt=\"they-shoot-horses-dont-they\" width=\"500\" height=\"342\" srcset=\"https:\/\/i0.wp.com\/www.urbinavolant.com\/verbavolant\/wp-content\/uploads\/2014\/04\/they-shoot-horses-dont-they.jpg?w=500&amp;ssl=1 500w, https:\/\/i0.wp.com\/www.urbinavolant.com\/verbavolant\/wp-content\/uploads\/2014\/04\/they-shoot-horses-dont-they.jpg?resize=300%2C205&amp;ssl=1 300w\" sizes=\"auto, (max-width: 500px) 100vw, 500px\" \/><\/a><\/p>\n<p style=\"text-align: justify;\">S\u00ed, voy a hablar del D\u00eda del Libro. S\u00ed, 23 de abril, d\u00eda del libro. D\u00eda para hablar de libros y de lecturas, de placeres y de sufrimientos, de ideas llevadas a la realidad entre t\u00e9cnica, imaginaci\u00f3n y talento. D\u00eda de celebraci\u00f3n, aunque los dos grandes maestros que fueron <a href=\"http:\/\/cultura.elpais.com\/cultura\/2008\/04\/22\/actualidad\/1208815215_850215.html\" target=\"_blank\">Cervantes y Shakespeare pertenecieran a calendarios distintos<\/a> y los datos digan una cosa y la hoja con n\u00fameros diga otra muy distinta. Es bueno que se hable de libros, aunque la paradoja apareje hablar y no leer, hablar y no escribir. Es como hablar del tiempo, pero m\u00e1s bonito, m\u00e1s hondo, m\u00e1s sentido. Es hablar con palabras altisonantes, esas de las que muchos escritores abominaron.<\/p>\n<p style=\"text-align: justify;\">Pero permitidme que hoy, ahora, hable de obligaciones. Las obligaciones son para las cosas que pueden ser obligatorias. Y las lecturas solo pueden ser opciones. Entiendo que los profesores, sobre todo en algunos niveles, obliguen a leer a los alumnos y tengan buenos prop\u00f3sitos, pero las consecuencias son nefastas. Lo he afirmado en muchas ocasiones y no me canso de repetirlo. Como dijo <a href=\"http:\/\/fr.wikipedia.org\/wiki\/Comme_un_roman\" target=\"_blank\">Pennac<\/a>, el verbo <em>leer<\/em> no soporta el imperativo y tiene toda la raz\u00f3n y aporta todas las razones. Leer es un vicio que funciona por contagio, por casualidad, por no s\u00e9 cu\u00e1ntas cosas azarosas y no calculadas (\u00bfse podr\u00e1 elaborar una planificaci\u00f3n para no planificar <a href=\"http:\/\/www.urbinavolant.com\/verbavolant\/index.php\/2009\/09\/06\/lectura-en-clase-el-plan\/\" target=\"_blank\">planes de lectura<\/a>?), pero es casi imposible que se contagie por imposici\u00f3n.<\/p>\n<p style=\"text-align: justify;\">Y ahora viene algo peor: si obligar a leer es nefasto, obligar a leer y no acompa\u00f1ar a los alumnos en la obligaci\u00f3n es algo indigno. Es como decirle a un urbanita que solo ha visto la naturaleza en un p\u00f3ster con frase hortera de Tagore: \u00abMira, ah\u00ed tienes el K2: lo tienes que subir por cojones. Mira a ver c\u00f3mo te las apa\u00f1as\u00bb. \u00bfQu\u00e9 le pasar\u00e1 al sufrido e improvisado escalador, que no tiene las destrezas, la forma f\u00edsica, la t\u00e9cnica; a \u00e9l, que no est\u00e1 aclimatado a las alturas, que no sabe cubrirse del sol para que no le deslumbre y no sabe protegerse de las grietas y de las aristas?<\/p>\n<p style=\"text-align: justify;\">\u00bfQu\u00e9 tiene que ser un profesor de Lengua y Literatura en lo que a esta \u00faltima respecta? Lo primero, tiene que ser un devoto de la lectura y un conocer profundo de las ficciones. Lo segundo, tiene que ser un inspirador, nunca un mamporrero. Y, por \u00faltimo, tiene que ser un <em>sherpa, <\/em>por aquello de subir monta\u00f1as.\u00a0Todo lo dem\u00e1s son chorradas. Y si no, acabaremos bailando como leemos (y esto solo tendr\u00e1 sentido si hemos visto <a href=\"http:\/\/www.imdb.com\/title\/tt0065088\/\" target=\"_blank\"><em>Danzad, danzad, malditos<\/em><\/a>). Eso s\u00ed, es todo un espect\u00e1culo.<\/p>\n<p style=\"text-align: justify;\">(Esta entrada inicia una serie que ya ven\u00eda cultivando en el blog en alguna ocasi\u00f3n: <a href=\"http:\/\/www.urbinavolant.com\/verbavolant\/index.php\/tag\/voy-a-hablar-de\/\" target=\"_blank\">\u00abVoy a hablar de&#8230;\u00bb<\/a>. Se trata de entradas cr\u00edticas sobre alg\u00fan tema m\u00e1s o menos de actualidad o alg\u00fan acontecimiento digno de hincarle el diente. La imagen pertenece a la pel\u00edcula citada en el \u00faltimo p\u00e1rrafo.)<\/p>\n<p style=\"text-align: justify;\">\n","protected":false},"excerpt":{"rendered":"<p>S\u00ed, voy a hablar del D\u00eda del Libro. S\u00ed, 23 de abril, d\u00eda del libro. D\u00eda para hablar de libros y de lecturas, de placeres y de sufrimientos, de ideas llevadas a la realidad entre t\u00e9cnica, imaginaci\u00f3n y talento. D\u00eda de celebraci\u00f3n, aunque los dos grandes maestros que fueron Cervantes y Shakespeare pertenecieran a calendarios &#8230; <a title=\"S\u00ed, voy a hablar de las lecturas obligatorias. En el D\u00eda del Libro\" class=\"read-more\" href=\"https:\/\/www.urbinavolant.com\/verbavolant\/index.php\/2014\/04\/23\/5260\/\" aria-label=\"Leer m\u00e1s sobre S\u00ed, voy a hablar de las lecturas obligatorias. En el D\u00eda del Libro\">Leer m\u00e1s<\/a><\/p>\n","protected":false},"author":1,"featured_media":0,"comment_status":"open","ping_status":"open","sticky":false,"template":"","format":"standard","meta":{"_monsterinsights_skip_tracking":false,"_monsterinsights_sitenote_active":false,"_monsterinsights_sitenote_note":"","_monsterinsights_sitenote_category":0,"_kadence_starter_templates_imported_post":false,"jetpack_post_was_ever_published":false,"_jetpack_newsletter_access":"","_jetpack_dont_email_post_to_subs":false,"_jetpack_newsletter_tier_id":0,"_jetpack_memberships_contains_paywalled_content":false,"_jetpack_memberships_contains_paid_content":false,"footnotes":"","jetpack_publicize_message":"","jetpack_publicize_feature_enabled":true,"jetpack_social_post_already_shared":true,"jetpack_social_options":{"image_generator_settings":{"template":"highway","default_image_id":0,"font":"","enabled":false},"version":2}},"categories":[114,13],"tags":[157],"class_list":["post-5260","post","type-post","status-publish","format-standard","hentry","category-lectura","category-libros","tag-voy-a-hablar-de"],"jetpack_publicize_connections":[],"jetpack_featured_media_url":"","jetpack_shortlink":"https:\/\/wp.me\/sLsVN-5260","jetpack_sharing_enabled":true,"_links":{"self":[{"href":"https:\/\/www.urbinavolant.com\/verbavolant\/index.php\/wp-json\/wp\/v2\/posts\/5260","targetHints":{"allow":["GET"]}}],"collection":[{"href":"https:\/\/www.urbinavolant.com\/verbavolant\/index.php\/wp-json\/wp\/v2\/posts"}],"about":[{"href":"https:\/\/www.urbinavolant.com\/verbavolant\/index.php\/wp-json\/wp\/v2\/types\/post"}],"author":[{"embeddable":true,"href":"https:\/\/www.urbinavolant.com\/verbavolant\/index.php\/wp-json\/wp\/v2\/users\/1"}],"replies":[{"embeddable":true,"href":"https:\/\/www.urbinavolant.com\/verbavolant\/index.php\/wp-json\/wp\/v2\/comments?post=5260"}],"version-history":[{"count":0,"href":"https:\/\/www.urbinavolant.com\/verbavolant\/index.php\/wp-json\/wp\/v2\/posts\/5260\/revisions"}],"wp:attachment":[{"href":"https:\/\/www.urbinavolant.com\/verbavolant\/index.php\/wp-json\/wp\/v2\/media?parent=5260"}],"wp:term":[{"taxonomy":"category","embeddable":true,"href":"https:\/\/www.urbinavolant.com\/verbavolant\/index.php\/wp-json\/wp\/v2\/categories?post=5260"},{"taxonomy":"post_tag","embeddable":true,"href":"https:\/\/www.urbinavolant.com\/verbavolant\/index.php\/wp-json\/wp\/v2\/tags?post=5260"}],"curies":[{"name":"wp","href":"https:\/\/api.w.org\/{rel}","templated":true}]}}