{"id":5285,"date":"2014-05-12T17:12:16","date_gmt":"2014-05-12T16:12:16","guid":{"rendered":"http:\/\/www.urbinavolant.com\/verbavolant\/?p=5285"},"modified":"2014-05-12T21:02:31","modified_gmt":"2014-05-12T20:02:31","slug":"si-voy-a-hablar-de-bicicletas-de-coches-y-de-peatones","status":"publish","type":"post","link":"https:\/\/www.urbinavolant.com\/verbavolant\/index.php\/2014\/05\/12\/si-voy-a-hablar-de-bicicletas-de-coches-y-de-peatones\/","title":{"rendered":"S\u00ed, voy a hablar de bicicletas&#8230; de coches y de peatones"},"content":{"rendered":"<p style=\"text-align: center;\"><a href=\"https:\/\/www.flickr.com\/photos\/urbinavolant\/10727941636\/\"><img data-recalc-dims=\"1\" loading=\"lazy\" decoding=\"async\" class=\"aligncenter size-full wp-image-5286\" src=\"https:\/\/i0.wp.com\/www.urbinavolant.com\/verbavolant\/wp-content\/uploads\/2014\/05\/10727941636_7843a77b57_z.jpg?resize=640%2C478&#038;ssl=1\" alt=\"Bici ambulancia en Londres\" width=\"640\" height=\"478\" srcset=\"https:\/\/i0.wp.com\/www.urbinavolant.com\/verbavolant\/wp-content\/uploads\/2014\/05\/10727941636_7843a77b57_z.jpg?w=640&amp;ssl=1 640w, https:\/\/i0.wp.com\/www.urbinavolant.com\/verbavolant\/wp-content\/uploads\/2014\/05\/10727941636_7843a77b57_z.jpg?resize=300%2C224&amp;ssl=1 300w\" sizes=\"auto, (max-width: 640px) 100vw, 640px\" \/><\/a><\/p>\n<p style=\"text-align: justify;\">Pues s\u00ed, lo siento. Voy a hablar de bicis. Con el pedal en el pie y con el coraz\u00f3n en el pecho. Y s\u00ed, probablemente voy a decir cosas que no gusten a los que no les gustan las cosas que digo y que gusten a los que les gustan las cosas que digo. Incluso, pueden darse casos extra\u00f1os, cruzados e h\u00edbridos.<\/p>\n<p style=\"text-align: justify;\">Empezar\u00e9 por unas palabras que dediqu\u00e9 al blog <a href=\"http:\/\/www.enbiciporburgos.com\/\" target=\"_blank\"><em>En bici por Burgos<\/em><\/a>:<\/p>\n<blockquote><p><span style=\"color: #6d6d6e;\">Somos peligrosos opresores en las aceras, molestos carcamales en las calzadas y en el carril bici compartido somos cuando podemos. El carril bici se convierte en estercolero, sumidero que no asume, zona que se valla para que no se vaya, lugar de periplo de tacones de aguja y carritos de maleta&#8230;<\/span><br style=\"color: #6d6d6e;\" \/><span style=\"color: #6d6d6e;\">Me siento orgulloso y contento de ir en bicicleta.<\/span><\/p><\/blockquote>\n<p style=\"text-align: justify;\">Y s\u00ed, amigos, sostengo pr\u00e1cticamente todo lo que dije.<\/p>\n<p style=\"text-align: justify;\">\u00bfLa bici es un veh\u00edculo? S\u00ed y no. Cuando el que opina\u00a0es un sufrido conductor, que quiere ir a 50 km\/h\u00a0y se encuentra con un ciclista que va a\u00a017, no. Cuando el que opina es un peat\u00f3n y contempla indignado a un ciclista en una acera, s\u00ed. Puede que todos tengan un poquito de raz\u00f3n y nadie la tenga en su totalidad.\u00a0Si fuese un veh\u00edculo, sin m\u00e1s, no existir\u00eda la necesidad de hacer carriles para las bicicletas. La misma existencia (o inexistencia) de estos carriles contesta a gran parte de las preguntas y resolver\u00eda, de pensarlo bien, gran parte de las dudas. Pregunta: \u00ab\u00bfPor d\u00f3nde deber\u00edan ir los ciclistas?\u00bb. Respuesta: \u00abPor el carril bici\u00bb. Pero no hay&#8230; Entonces, llegamos a la cuesti\u00f3n: los peatones dicen que por la carretera; los conductores, no dicen: pitan, se arriman, insultan. Los leguleyos dicen que para eso est\u00e1n las normas, normativas y leyes. Y los ciclistas pensamos que algunas normas est\u00e1n hechas&#8230; con el culo.<\/p>\n<p style=\"text-align: justify;\">Y yo me pregunto: \u00ab\u00bfPor d\u00f3nde deber\u00edan ir los ciclistas cuando no hay carril bici\u00bb? Y s\u00ed, me s\u00e9 la respuesta de lo que pens\u00e1is y no os va a gustar la m\u00eda, pero la digo (soy ciclista y bocazas): \u00abPor la acera\u00bb. Y me dicen: \u00abEst\u00e1 prohibido\u00bb. \u00abEres un botarate\u00bb. \u00abUna buena multa y se te quitaban las ganas\u00bb. Y yo solo s\u00e9 que prefiero una multa a un atropello. En los \u00faltimos diez d\u00edas, haciendo lo que ten\u00eda que hacer y circulando por donde, seg\u00fan la normativa, ten\u00eda\u00a0que ir, casi me arrollan dos veces. \u00bfQu\u00e9 pasa si te arrollan? Que te puedes rozar el brazo, pero tambi\u00e9n puedes romperte la cabeza. S\u00ed, voy por la acera. Eso s\u00ed, estrangular\u00eda con el cable de freno a todos aquellos que van por la acera molestando a los peatones, zigzagueando, circulando r\u00e1pido y a embestidas, con el m\u00f3vil encendido y guasapeando. Para el que me niegue esta posibilidad y considere que estoy cercano a la m\u00e1s pura barbarie, solo le pondr\u00e9 un ejemplo: \u00bfqu\u00e9 opci\u00f3n aconsejar\u00eda un padre, una madre, a su hijo de quince a\u00f1os para circular en bici por la ciudad?<\/p>\n<p style=\"text-align: justify;\">Cojo la bicicleta todos los d\u00edas y es mi herramienta b\u00e1sica para ir a trabajar (e ir a muchos otros sitios). Y, por encima de todo, echo de menos por parte de todos un poco de tolerancia. Y soy consciente de que los peatones tienen que ser los reyes de las ciudades. Sin paliativos. No tienen por qu\u00e9 sufrir por nada y por nadie. Todos los a\u00f1os mueren peatones v\u00edctimas de alg\u00fan energ\u00fameno en coche. Tambi\u00e9n todos los a\u00f1os mueren ciclistas v\u00edctimas de alg\u00fan energ\u00fameno&#8230; en coche. No conozco ning\u00fan caso cruzado ni a la inversa. Y s\u00ed, soy consciente de que los ciclistas tambi\u00e9n causamos accidentes cuando vamos por ah\u00ed como los reyes insurrectos del mambo. \u00bfTenemos que respetar los sem\u00e1foros, los cruces, las se\u00f1ales? S\u00ed. Se habla mucho del poco respeto que tenemos los ciclistas a las se\u00f1ales y a las normas. Todav\u00eda no he o\u00eddo soltar espumarajos por la boca en contra de los peatones que hacen lo que les viene en gana.<\/p>\n<p style=\"text-align: justify;\">Me remito a las palabras iniciales para mostrar mi asombro. Hay muchas razones por las cuales los ciclistas quedamos arrinconados. En una calle peatonal puede circular un coche en determinadas circunstancias (residentes, etc.), pero no una bicicleta. En la mayor parte de los lugares no hay un m\u00edsero lugar para aparcar las bicicletas (como paradoja, lo hay en sitios en los que no puedes llegar con la bici en bici, sino andando). \u00bfQue se pone una feria y tenderetes? En el carril bici. \u00bfQue es oto\u00f1o y hay que limpiar las aceras de hojas? Al carril bici. \u00bfQue nieva y es necesario apartar la nieve? Al carril bici.<\/p>\n<p style=\"text-align: justify;\">\u00bfTanto molestamos si vamos calmados y serenos? \u00bfNo ser\u00e1 mejor multar a los animales, sean de la especie que sean? \u00bfTanto mal provoca el que hace las cosas con prudencia y educaci\u00f3n? La \u00fanica soluci\u00f3n que veo es que no veamos al otro como enemigo. Pero como me s\u00e9 eso de Thomas Hobbes y que si el lobo y el hombre y tal, solo se me ocurre una: pongamos m\u00e1s carriles para las bicicletas. Si no podemos, hagamos una normativa con velocidades y especifiquemos las actividades molestas.<\/p>\n<p style=\"text-align: justify;\">Y s\u00ed, soy consciente de que me va a caer un chorreo y me van a dar por todos lados. Y que los conocidos, cuando me vean sobre el aparato, van a estar vigilantes, expectantes. Pero me siento orgulloso y contento de ir en bicicleta. No soy un <em>hipster<\/em>, ni un iluminado, ni un retr\u00f3gado. Soy un tipo al que le gusta ir en bici, respirar sin ahogarme y deslizarme sin importunar. S\u00ed, he hablado de las bicis. \u00bfPasa algo?<\/p>\n<p style=\"text-align: justify;\"><span style=\"color: #000000;\">(Esta entrada pertenece a la serie:\u00a0<\/span><a style=\"color: #000000;\" href=\"http:\/\/www.urbinavolant.com\/verbavolant\/index.php\/tag\/voy-a-hablar-de\/\" target=\"_blank\">\u201cVoy a hablar de\u2026\u201d<\/a><span style=\"color: #000000;\">. Se trata de entradas cr\u00edticas sobre alg\u00fan tema m\u00e1s o menos de actualidad o alg\u00fan acontecimiento digno de hincarle el diente. <a href=\"https:\/\/www.flickr.com\/photos\/urbinavolant\/10727941636\/\" target=\"_blank\">La imagen<\/a> pertenece a mi galer\u00eda de <em>Flickr<\/em> y est\u00e1 tomada en mi pen\u00faltimo viaje a Londres.)<\/span><\/p>\n","protected":false},"excerpt":{"rendered":"<p>Pues s\u00ed, lo siento. Voy a hablar de bicis. Con el pedal en el pie y con el coraz\u00f3n en el pecho. Y s\u00ed, probablemente voy a decir cosas que no gusten a los que no les gustan las cosas que digo y que gusten a los que les gustan las cosas que digo. Incluso, &#8230; <a title=\"S\u00ed, voy a hablar de bicicletas&#8230; de coches y de peatones\" class=\"read-more\" href=\"https:\/\/www.urbinavolant.com\/verbavolant\/index.php\/2014\/05\/12\/si-voy-a-hablar-de-bicicletas-de-coches-y-de-peatones\/\" aria-label=\"Leer m\u00e1s sobre S\u00ed, voy a hablar de bicicletas&#8230; de coches y de peatones\">Leer m\u00e1s<\/a><\/p>\n","protected":false},"author":1,"featured_media":0,"comment_status":"open","ping_status":"open","sticky":false,"template":"","format":"standard","meta":{"_monsterinsights_skip_tracking":false,"_monsterinsights_sitenote_active":false,"_monsterinsights_sitenote_note":"","_monsterinsights_sitenote_category":0,"_kadence_starter_templates_imported_post":false,"jetpack_post_was_ever_published":false,"_jetpack_newsletter_access":"","_jetpack_dont_email_post_to_subs":false,"_jetpack_newsletter_tier_id":0,"_jetpack_memberships_contains_paywalled_content":false,"_jetpack_memberships_contains_paid_content":false,"footnotes":"","jetpack_publicize_message":"","jetpack_publicize_feature_enabled":true,"jetpack_social_post_already_shared":true,"jetpack_social_options":{"image_generator_settings":{"template":"highway","default_image_id":0,"font":"","enabled":false},"version":2}},"categories":[112,72],"tags":[157],"class_list":["post-5285","post","type-post","status-publish","format-standard","hentry","category-ciudades","category-contrastes","tag-voy-a-hablar-de"],"jetpack_publicize_connections":[],"jetpack_featured_media_url":"","jetpack_shortlink":"https:\/\/wp.me\/pLsVN-1nf","jetpack_sharing_enabled":true,"_links":{"self":[{"href":"https:\/\/www.urbinavolant.com\/verbavolant\/index.php\/wp-json\/wp\/v2\/posts\/5285","targetHints":{"allow":["GET"]}}],"collection":[{"href":"https:\/\/www.urbinavolant.com\/verbavolant\/index.php\/wp-json\/wp\/v2\/posts"}],"about":[{"href":"https:\/\/www.urbinavolant.com\/verbavolant\/index.php\/wp-json\/wp\/v2\/types\/post"}],"author":[{"embeddable":true,"href":"https:\/\/www.urbinavolant.com\/verbavolant\/index.php\/wp-json\/wp\/v2\/users\/1"}],"replies":[{"embeddable":true,"href":"https:\/\/www.urbinavolant.com\/verbavolant\/index.php\/wp-json\/wp\/v2\/comments?post=5285"}],"version-history":[{"count":0,"href":"https:\/\/www.urbinavolant.com\/verbavolant\/index.php\/wp-json\/wp\/v2\/posts\/5285\/revisions"}],"wp:attachment":[{"href":"https:\/\/www.urbinavolant.com\/verbavolant\/index.php\/wp-json\/wp\/v2\/media?parent=5285"}],"wp:term":[{"taxonomy":"category","embeddable":true,"href":"https:\/\/www.urbinavolant.com\/verbavolant\/index.php\/wp-json\/wp\/v2\/categories?post=5285"},{"taxonomy":"post_tag","embeddable":true,"href":"https:\/\/www.urbinavolant.com\/verbavolant\/index.php\/wp-json\/wp\/v2\/tags?post=5285"}],"curies":[{"name":"wp","href":"https:\/\/api.w.org\/{rel}","templated":true}]}}