{"id":5319,"date":"2014-05-27T01:36:12","date_gmt":"2014-05-27T00:36:12","guid":{"rendered":"http:\/\/www.urbinavolant.com\/verbavolant\/?p=5319"},"modified":"2014-05-27T01:36:12","modified_gmt":"2014-05-27T00:36:12","slug":"los-mariachis-que-no-cantaron-diario-de-un-turista-2014","status":"publish","type":"post","link":"https:\/\/www.urbinavolant.com\/verbavolant\/index.php\/2014\/05\/27\/los-mariachis-que-no-cantaron-diario-de-un-turista-2014\/","title":{"rendered":"Los mariachis que no cantaron &#8211; Diario de un turista 2014"},"content":{"rendered":"<p style=\"text-align: center;\"><a href=\"http:\/\/www.urbinavolant.com\/verbavolant\/index.php\/2014\/05\/27\/los-mariachis-que-no-cantaron-diario-de-un-turista-2014\/image-6\/\" rel=\"attachment wp-att-5321\"><img data-recalc-dims=\"1\" loading=\"lazy\" decoding=\"async\" class=\"aligncenter size-large wp-image-5321\" src=\"https:\/\/i0.wp.com\/www.urbinavolant.com\/verbavolant\/wp-content\/uploads\/2014\/05\/image2.jpg?resize=1024%2C765&#038;ssl=1\" alt=\"\" width=\"1024\" height=\"765\" srcset=\"https:\/\/i0.wp.com\/www.urbinavolant.com\/verbavolant\/wp-content\/uploads\/2014\/05\/image2.jpg?resize=1024%2C765&amp;ssl=1 1024w, https:\/\/i0.wp.com\/www.urbinavolant.com\/verbavolant\/wp-content\/uploads\/2014\/05\/image2.jpg?resize=300%2C224&amp;ssl=1 300w\" sizes=\"auto, (max-width: 1024px) 100vw, 1024px\" \/><\/a><\/p>\n<p style=\"text-align: justify;\">El turista ha podido disfrutar de ese otro viaje, el horizontal. El turista tiene una extra\u00f1a teor\u00eda, que a \u00e9l le gusta denominar la teor\u00eda de las calles paralelas. Seg\u00fan esta teor\u00eda, que es siempre personal, pero casi siempre transferible, basta con salirse de una calle principal en una gran ciudad y coger la paralela para calibrar las aut\u00e9nticas dimensiones, evoluciones y secretos de una urbe. Y, as\u00ed, el turista ha callejeado para enamorarse de esa ciudad interior, deteriorada pero rebosante, emergente y decadente. Su destino \u00faltimo es una plaza famosa por reunir a mariachis a los que se les contrata por horas para cantar en alg\u00fan acontecimiento. El turista, de forma inevitable, se ha acordado de su padre, al que le gustaba felicitar por tel\u00e9fono a sus amigos con \u00abLas ma\u00f1anitas\u00bb. Y ha estado a punto de acercarse a uno de esos grupos, contarles la historia y pedirles que cantasen solamente esa canci\u00f3n. Para ofrecer a su padre una canci\u00f3n de felicitaci\u00f3n por todos los a\u00f1os que vivi\u00f3, por todos los a\u00f1os que la enfermedad le dej\u00f3 seguir adelante, por todas las cosas que el turista recuerda de forma permanente: su cari\u00f1o, su ingenio desbordante, su sentido del humor. Sin embargo, no sabe por qu\u00e9 raz\u00f3n. El turista no se atrevi\u00f3 a formular su petici\u00f3n. Escuch\u00f3 unas rancheras y se march\u00f3 de all\u00ed con la esperanza de que \u00abLas ma\u00f1anitas\u00bb suenen y sue\u00f1en en alguna otra parte.<\/p>\n","protected":false},"excerpt":{"rendered":"<p>El turista ha podido disfrutar de ese otro viaje, el horizontal. El turista tiene una extra\u00f1a teor\u00eda, que a \u00e9l le gusta denominar la teor\u00eda de las calles paralelas. Seg\u00fan esta teor\u00eda, que es siempre personal, pero casi siempre transferible, basta con salirse de una calle principal en una gran ciudad y coger la paralela &#8230; <a title=\"Los mariachis que no cantaron &#8211; Diario de un turista 2014\" class=\"read-more\" href=\"https:\/\/www.urbinavolant.com\/verbavolant\/index.php\/2014\/05\/27\/los-mariachis-que-no-cantaron-diario-de-un-turista-2014\/\" aria-label=\"Leer m\u00e1s sobre Los mariachis que no cantaron &#8211; Diario de un turista 2014\">Leer m\u00e1s<\/a><\/p>\n","protected":false},"author":1,"featured_media":0,"comment_status":"open","ping_status":"open","sticky":false,"template":"","format":"standard","meta":{"_monsterinsights_skip_tracking":false,"_monsterinsights_sitenote_active":false,"_monsterinsights_sitenote_note":"","_monsterinsights_sitenote_category":0,"_kadence_starter_templates_imported_post":false,"jetpack_post_was_ever_published":false,"_jetpack_newsletter_access":"","_jetpack_dont_email_post_to_subs":false,"_jetpack_newsletter_tier_id":0,"_jetpack_memberships_contains_paywalled_content":false,"_jetpack_memberships_contains_paid_content":false,"footnotes":"","jetpack_publicize_message":"","jetpack_publicize_feature_enabled":true,"jetpack_social_post_already_shared":true,"jetpack_social_options":{"image_generator_settings":{"template":"highway","default_image_id":0,"font":"","enabled":false},"version":2}},"categories":[72,61,57,65,63],"tags":[133],"class_list":["post-5319","post","type-post","status-publish","format-standard","hentry","category-contrastes","category-laberintos","category-musica","category-sentido","category-viajes","tag-diario-de-un-turista"],"jetpack_publicize_connections":[],"jetpack_featured_media_url":"","jetpack_shortlink":"https:\/\/wp.me\/pLsVN-1nN","jetpack_sharing_enabled":true,"_links":{"self":[{"href":"https:\/\/www.urbinavolant.com\/verbavolant\/index.php\/wp-json\/wp\/v2\/posts\/5319","targetHints":{"allow":["GET"]}}],"collection":[{"href":"https:\/\/www.urbinavolant.com\/verbavolant\/index.php\/wp-json\/wp\/v2\/posts"}],"about":[{"href":"https:\/\/www.urbinavolant.com\/verbavolant\/index.php\/wp-json\/wp\/v2\/types\/post"}],"author":[{"embeddable":true,"href":"https:\/\/www.urbinavolant.com\/verbavolant\/index.php\/wp-json\/wp\/v2\/users\/1"}],"replies":[{"embeddable":true,"href":"https:\/\/www.urbinavolant.com\/verbavolant\/index.php\/wp-json\/wp\/v2\/comments?post=5319"}],"version-history":[{"count":0,"href":"https:\/\/www.urbinavolant.com\/verbavolant\/index.php\/wp-json\/wp\/v2\/posts\/5319\/revisions"}],"wp:attachment":[{"href":"https:\/\/www.urbinavolant.com\/verbavolant\/index.php\/wp-json\/wp\/v2\/media?parent=5319"}],"wp:term":[{"taxonomy":"category","embeddable":true,"href":"https:\/\/www.urbinavolant.com\/verbavolant\/index.php\/wp-json\/wp\/v2\/categories?post=5319"},{"taxonomy":"post_tag","embeddable":true,"href":"https:\/\/www.urbinavolant.com\/verbavolant\/index.php\/wp-json\/wp\/v2\/tags?post=5319"}],"curies":[{"name":"wp","href":"https:\/\/api.w.org\/{rel}","templated":true}]}}