{"id":5464,"date":"2014-08-26T09:08:10","date_gmt":"2014-08-26T08:08:10","guid":{"rendered":"http:\/\/www.urbinavolant.com\/verbavolant\/?p=5464"},"modified":"2014-08-26T09:08:10","modified_gmt":"2014-08-26T08:08:10","slug":"es-dificil-hablar-del-tiempo","status":"publish","type":"post","link":"https:\/\/www.urbinavolant.com\/verbavolant\/index.php\/2014\/08\/26\/es-dificil-hablar-del-tiempo\/","title":{"rendered":"Es dif\u00edcil hablar del tiempo"},"content":{"rendered":"<p style=\"text-align: center;\"><a href=\"https:\/\/flic.kr\/p\/oRC3Qj\"><img data-recalc-dims=\"1\" loading=\"lazy\" decoding=\"async\" class=\"aligncenter size-full wp-image-5465\" src=\"https:\/\/i0.wp.com\/www.urbinavolant.com\/verbavolant\/wp-content\/uploads\/2014\/08\/15001390762_0923b4197c_z.jpg?resize=640%2C478&#038;ssl=1\" alt=\"Candado en Cova d'en Xoroi\" width=\"640\" height=\"478\" srcset=\"https:\/\/i0.wp.com\/www.urbinavolant.com\/verbavolant\/wp-content\/uploads\/2014\/08\/15001390762_0923b4197c_z.jpg?w=640&amp;ssl=1 640w, https:\/\/i0.wp.com\/www.urbinavolant.com\/verbavolant\/wp-content\/uploads\/2014\/08\/15001390762_0923b4197c_z.jpg?resize=300%2C224&amp;ssl=1 300w\" sizes=\"auto, (max-width: 640px) 100vw, 640px\" \/><\/a><\/p>\n<p style=\"text-align: justify;\">Puede parecer tonto, pero no lo es. No saber detalles, no conocer estancias ni destinos. Y limitar los intervalos m\u00e1s preciosos a hablar de vaguedades que no conducen\u00a0a ninguna parte. De hecho, no es nada tonto pasar d\u00edas y d\u00edas entre\u00a0tanto sinsentido. No es algo que tenga que ver con el control, sino con la cortes\u00eda, con el sentido com\u00fan. Y desconocerlo todo porque se va restando con situaciones que no tienen mucha l\u00f3gica, poca, ninguna. Pese a todo lo que parezca y todo lo que se crea,\u00a0todav\u00eda persiste en este mundo la distinci\u00f3n poco distinguida, la elegancia hecha una piltrafa, la fiesta continua que solo devuelve v\u00f3mitos y resacas a quien no participa de la agitaci\u00f3n.\u00a0Y, por eso, se hace aut\u00e9nticamente dif\u00edcil hablar con profundidad de algo tan incontrolable como el tiempo.<\/p>\n<p style=\"text-align: justify;\">(La <a href=\"https:\/\/flic.kr\/p\/oRC3Qj\" target=\"_blank\">fotograf\u00eda<\/a> pertenece a mi galer\u00eda de <em>Flickr<\/em>.)<\/p>\n","protected":false},"excerpt":{"rendered":"<p>Puede parecer tonto, pero no lo es. No saber detalles, no conocer estancias ni destinos. Y limitar los intervalos m\u00e1s preciosos a hablar de vaguedades que no conducen\u00a0a ninguna parte. De hecho, no es nada tonto pasar d\u00edas y d\u00edas entre\u00a0tanto sinsentido. No es algo que tenga que ver con el control, sino con la &#8230; <a title=\"Es dif\u00edcil hablar del tiempo\" class=\"read-more\" href=\"https:\/\/www.urbinavolant.com\/verbavolant\/index.php\/2014\/08\/26\/es-dificil-hablar-del-tiempo\/\" aria-label=\"Leer m\u00e1s sobre Es dif\u00edcil hablar del tiempo\">Leer m\u00e1s<\/a><\/p>\n","protected":false},"author":1,"featured_media":0,"comment_status":"open","ping_status":"open","sticky":false,"template":"","format":"standard","meta":{"_monsterinsights_skip_tracking":false,"_monsterinsights_sitenote_active":false,"_monsterinsights_sitenote_note":"","_monsterinsights_sitenote_category":0,"_kadence_starter_templates_imported_post":false,"jetpack_post_was_ever_published":false,"_jetpack_newsletter_access":"","_jetpack_dont_email_post_to_subs":false,"_jetpack_newsletter_tier_id":0,"_jetpack_memberships_contains_paywalled_content":false,"_jetpack_memberships_contains_paid_content":false,"footnotes":"","jetpack_publicize_message":"","jetpack_publicize_feature_enabled":true,"jetpack_social_post_already_shared":true,"jetpack_social_options":{"image_generator_settings":{"template":"highway","default_image_id":0,"font":"","enabled":false},"version":2}},"categories":[72],"tags":[],"class_list":["post-5464","post","type-post","status-publish","format-standard","hentry","category-contrastes"],"jetpack_publicize_connections":[],"jetpack_featured_media_url":"","jetpack_shortlink":"https:\/\/wp.me\/pLsVN-1q8","jetpack_sharing_enabled":true,"_links":{"self":[{"href":"https:\/\/www.urbinavolant.com\/verbavolant\/index.php\/wp-json\/wp\/v2\/posts\/5464","targetHints":{"allow":["GET"]}}],"collection":[{"href":"https:\/\/www.urbinavolant.com\/verbavolant\/index.php\/wp-json\/wp\/v2\/posts"}],"about":[{"href":"https:\/\/www.urbinavolant.com\/verbavolant\/index.php\/wp-json\/wp\/v2\/types\/post"}],"author":[{"embeddable":true,"href":"https:\/\/www.urbinavolant.com\/verbavolant\/index.php\/wp-json\/wp\/v2\/users\/1"}],"replies":[{"embeddable":true,"href":"https:\/\/www.urbinavolant.com\/verbavolant\/index.php\/wp-json\/wp\/v2\/comments?post=5464"}],"version-history":[{"count":0,"href":"https:\/\/www.urbinavolant.com\/verbavolant\/index.php\/wp-json\/wp\/v2\/posts\/5464\/revisions"}],"wp:attachment":[{"href":"https:\/\/www.urbinavolant.com\/verbavolant\/index.php\/wp-json\/wp\/v2\/media?parent=5464"}],"wp:term":[{"taxonomy":"category","embeddable":true,"href":"https:\/\/www.urbinavolant.com\/verbavolant\/index.php\/wp-json\/wp\/v2\/categories?post=5464"},{"taxonomy":"post_tag","embeddable":true,"href":"https:\/\/www.urbinavolant.com\/verbavolant\/index.php\/wp-json\/wp\/v2\/tags?post=5464"}],"curies":[{"name":"wp","href":"https:\/\/api.w.org\/{rel}","templated":true}]}}