{"id":5533,"date":"2014-10-14T17:30:15","date_gmt":"2014-10-14T16:30:15","guid":{"rendered":"http:\/\/www.urbinavolant.com\/verbavolant\/?p=5533"},"modified":"2014-10-14T17:30:41","modified_gmt":"2014-10-14T16:30:41","slug":"oceano-de-silencio","status":"publish","type":"post","link":"https:\/\/www.urbinavolant.com\/verbavolant\/index.php\/2014\/10\/14\/oceano-de-silencio\/","title":{"rendered":"Oc\u00e9ano de silencio"},"content":{"rendered":"<p style=\"text-align: justify;\">De pronto, he sentido que un oc\u00e9ano de silencio discurr\u00eda lentamente, sin centro ni principio. Y he contemplo\u00a0el mundo sin esa luz que ilumina mis negros pensamientos. Siento una paz que me llena el alma, que la recorre, la expande hacia otras dimensiones. Siento la vida concentrada en un tiempo paralizado y vivo. Y me parece que recuerdo ese d\u00eda lejano en el que mi pasado estuvo all\u00ed, al ras del agua. De pronto, siento que desciendo hacia un oc\u00e9ano de silencio, siempre en calma.<\/p>\n<p>(<a href=\"http:\/\/www.urbinavolant.com\/verbavolant\/index.php\/tag\/canciones-prosificadas\/\" target=\"_blank\">Canci\u00f3n prosificada<\/a>, traducida y modificada a voluntad de la letra de\u00a0\u201cOceano di silenzio\u201d, de Franco Batiato.\u00a0La fotograf\u00eda, hoy, la pone vuestra imaginaci\u00f3n)<\/p>\n<p>&nbsp;<\/p>\n<p>&nbsp;<\/p>\n<p>http:\/\/youtu.be\/h8ewsioqqa4<\/p>\n","protected":false},"excerpt":{"rendered":"<p>De pronto, he sentido que un oc\u00e9ano de silencio discurr\u00eda lentamente, sin centro ni principio. Y he contemplo\u00a0el mundo sin esa luz que ilumina mis negros pensamientos. Siento una paz que me llena el alma, que la recorre, la expande hacia otras dimensiones. Siento la vida concentrada en un tiempo paralizado y vivo. Y me &#8230; <a title=\"Oc\u00e9ano de silencio\" class=\"read-more\" href=\"https:\/\/www.urbinavolant.com\/verbavolant\/index.php\/2014\/10\/14\/oceano-de-silencio\/\" aria-label=\"Leer m\u00e1s sobre Oc\u00e9ano de silencio\">Leer m\u00e1s<\/a><\/p>\n","protected":false},"author":1,"featured_media":0,"comment_status":"open","ping_status":"open","sticky":false,"template":"","format":"standard","meta":{"_monsterinsights_skip_tracking":false,"_monsterinsights_sitenote_active":false,"_monsterinsights_sitenote_note":"","_monsterinsights_sitenote_category":0,"_kadence_starter_templates_imported_post":false,"jetpack_post_was_ever_published":false,"_jetpack_newsletter_access":"","_jetpack_dont_email_post_to_subs":false,"_jetpack_newsletter_tier_id":0,"_jetpack_memberships_contains_paywalled_content":false,"_jetpack_memberships_contains_paid_content":false,"footnotes":"","jetpack_publicize_message":"","jetpack_publicize_feature_enabled":true,"jetpack_social_post_already_shared":true,"jetpack_social_options":{"image_generator_settings":{"template":"highway","default_image_id":0,"font":"","enabled":false},"version":2}},"categories":[57,65],"tags":[147],"class_list":["post-5533","post","type-post","status-publish","format-standard","hentry","category-musica","category-sentido","tag-canciones-prosificadas"],"jetpack_publicize_connections":[],"jetpack_featured_media_url":"","jetpack_shortlink":"https:\/\/wp.me\/pLsVN-1rf","jetpack_sharing_enabled":true,"_links":{"self":[{"href":"https:\/\/www.urbinavolant.com\/verbavolant\/index.php\/wp-json\/wp\/v2\/posts\/5533","targetHints":{"allow":["GET"]}}],"collection":[{"href":"https:\/\/www.urbinavolant.com\/verbavolant\/index.php\/wp-json\/wp\/v2\/posts"}],"about":[{"href":"https:\/\/www.urbinavolant.com\/verbavolant\/index.php\/wp-json\/wp\/v2\/types\/post"}],"author":[{"embeddable":true,"href":"https:\/\/www.urbinavolant.com\/verbavolant\/index.php\/wp-json\/wp\/v2\/users\/1"}],"replies":[{"embeddable":true,"href":"https:\/\/www.urbinavolant.com\/verbavolant\/index.php\/wp-json\/wp\/v2\/comments?post=5533"}],"version-history":[{"count":0,"href":"https:\/\/www.urbinavolant.com\/verbavolant\/index.php\/wp-json\/wp\/v2\/posts\/5533\/revisions"}],"wp:attachment":[{"href":"https:\/\/www.urbinavolant.com\/verbavolant\/index.php\/wp-json\/wp\/v2\/media?parent=5533"}],"wp:term":[{"taxonomy":"category","embeddable":true,"href":"https:\/\/www.urbinavolant.com\/verbavolant\/index.php\/wp-json\/wp\/v2\/categories?post=5533"},{"taxonomy":"post_tag","embeddable":true,"href":"https:\/\/www.urbinavolant.com\/verbavolant\/index.php\/wp-json\/wp\/v2\/tags?post=5533"}],"curies":[{"name":"wp","href":"https:\/\/api.w.org\/{rel}","templated":true}]}}