{"id":5851,"date":"2015-08-31T22:04:26","date_gmt":"2015-08-31T21:04:26","guid":{"rendered":"http:\/\/www.urbinavolant.com\/verbavolant\/?p=5851"},"modified":"2015-08-31T22:04:26","modified_gmt":"2015-08-31T21:04:26","slug":"siempre-se-vuelve-demasiado-tarde","status":"publish","type":"post","link":"https:\/\/www.urbinavolant.com\/verbavolant\/index.php\/2015\/08\/31\/siempre-se-vuelve-demasiado-tarde\/","title":{"rendered":"Siempre se vuelve demasiado tarde"},"content":{"rendered":"<p style=\"text-align: center;\"><a href=\"https:\/\/flic.kr\/p\/x6C8Fx\"><img data-recalc-dims=\"1\" loading=\"lazy\" decoding=\"async\" class=\"aligncenter size-full wp-image-5852\" src=\"https:\/\/i0.wp.com\/www.urbinavolant.com\/verbavolant\/wp-content\/uploads\/2015\/08\/20410692161_bb61df4b45_z.jpg?resize=640%2C274&#038;ssl=1\" alt=\"&quot;Persecuci\u00f3n&quot;, por Ra\u00fal Urbina\" width=\"640\" height=\"274\" srcset=\"https:\/\/i0.wp.com\/www.urbinavolant.com\/verbavolant\/wp-content\/uploads\/2015\/08\/20410692161_bb61df4b45_z.jpg?w=640&amp;ssl=1 640w, https:\/\/i0.wp.com\/www.urbinavolant.com\/verbavolant\/wp-content\/uploads\/2015\/08\/20410692161_bb61df4b45_z.jpg?resize=300%2C128&amp;ssl=1 300w\" sizes=\"auto, (max-width: 640px) 100vw, 640px\" \/><\/a><\/p>\n<p style=\"text-align: justify;\">Dices que vuelves y eso significa que te has ido. Ahora no importa el motivo. Te has dejado ir o has querido desaparecer o te fallaban las fuerzas o porque te apetec\u00eda. Ahora todo eso no importa. El verano siempre se acaba y siempre se vuelve de alg\u00fan sitio. De la apat\u00eda o de la agon\u00eda o de la necesidad de echar la rutina por la borda y los muebles por la ventana.<\/p>\n<p style=\"text-align: justify;\">La vuelta se concentra en una idea. No es una fecha concreta, sino una l\u00ednea de la muerte que no llega hasta su l\u00edmite. Y no sabes si la idea es un concepto o meras palabras puestas una tras otra. Con pocas ganas y de forma tard\u00eda.<\/p>\n<p style=\"text-align: justify;\">Porque siempre se vuelve demasiado tarde.<\/p>\n<p>La imagen pertenece a <a href=\"https:\/\/flic.kr\/p\/x6C8Fx\" target=\"_blank\">mi galer\u00eda de <em>Flickr<\/em><\/a>.<\/p>\n","protected":false},"excerpt":{"rendered":"<p>Dices que vuelves y eso significa que te has ido. Ahora no importa el motivo. Te has dejado ir o has querido desaparecer o te fallaban las fuerzas o porque te apetec\u00eda. Ahora todo eso no importa. El verano siempre se acaba y siempre se vuelve de alg\u00fan sitio. De la apat\u00eda o de la &#8230; <a title=\"Siempre se vuelve demasiado tarde\" class=\"read-more\" href=\"https:\/\/www.urbinavolant.com\/verbavolant\/index.php\/2015\/08\/31\/siempre-se-vuelve-demasiado-tarde\/\" aria-label=\"Leer m\u00e1s sobre Siempre se vuelve demasiado tarde\">Leer m\u00e1s<\/a><\/p>\n","protected":false},"author":1,"featured_media":0,"comment_status":"open","ping_status":"open","sticky":false,"template":"","format":"standard","meta":{"_monsterinsights_skip_tracking":false,"_monsterinsights_sitenote_active":false,"_monsterinsights_sitenote_note":"","_monsterinsights_sitenote_category":0,"_kadence_starter_templates_imported_post":false,"jetpack_post_was_ever_published":false,"_jetpack_newsletter_access":"","_jetpack_dont_email_post_to_subs":false,"_jetpack_newsletter_tier_id":0,"_jetpack_memberships_contains_paywalled_content":false,"_jetpack_memberships_contains_paid_content":false,"footnotes":"","jetpack_publicize_message":"","jetpack_publicize_feature_enabled":true,"jetpack_social_post_already_shared":true,"jetpack_social_options":{"image_generator_settings":{"template":"highway","default_image_id":0,"font":"","enabled":false},"version":2}},"categories":[72,61],"tags":[],"class_list":["post-5851","post","type-post","status-publish","format-standard","hentry","category-contrastes","category-laberintos"],"jetpack_publicize_connections":[],"jetpack_featured_media_url":"","jetpack_shortlink":"https:\/\/wp.me\/pLsVN-1wn","jetpack_sharing_enabled":true,"_links":{"self":[{"href":"https:\/\/www.urbinavolant.com\/verbavolant\/index.php\/wp-json\/wp\/v2\/posts\/5851","targetHints":{"allow":["GET"]}}],"collection":[{"href":"https:\/\/www.urbinavolant.com\/verbavolant\/index.php\/wp-json\/wp\/v2\/posts"}],"about":[{"href":"https:\/\/www.urbinavolant.com\/verbavolant\/index.php\/wp-json\/wp\/v2\/types\/post"}],"author":[{"embeddable":true,"href":"https:\/\/www.urbinavolant.com\/verbavolant\/index.php\/wp-json\/wp\/v2\/users\/1"}],"replies":[{"embeddable":true,"href":"https:\/\/www.urbinavolant.com\/verbavolant\/index.php\/wp-json\/wp\/v2\/comments?post=5851"}],"version-history":[{"count":0,"href":"https:\/\/www.urbinavolant.com\/verbavolant\/index.php\/wp-json\/wp\/v2\/posts\/5851\/revisions"}],"wp:attachment":[{"href":"https:\/\/www.urbinavolant.com\/verbavolant\/index.php\/wp-json\/wp\/v2\/media?parent=5851"}],"wp:term":[{"taxonomy":"category","embeddable":true,"href":"https:\/\/www.urbinavolant.com\/verbavolant\/index.php\/wp-json\/wp\/v2\/categories?post=5851"},{"taxonomy":"post_tag","embeddable":true,"href":"https:\/\/www.urbinavolant.com\/verbavolant\/index.php\/wp-json\/wp\/v2\/tags?post=5851"}],"curies":[{"name":"wp","href":"https:\/\/api.w.org\/{rel}","templated":true}]}}