{"id":5854,"date":"2015-09-04T12:48:20","date_gmt":"2015-09-04T11:48:20","guid":{"rendered":"http:\/\/www.urbinavolant.com\/verbavolant\/?p=5854"},"modified":"2018-04-14T12:19:34","modified_gmt":"2018-04-14T11:19:34","slug":"soy-una-persona-justa","status":"publish","type":"post","link":"https:\/\/www.urbinavolant.com\/verbavolant\/index.php\/2015\/09\/04\/soy-una-persona-justa\/","title":{"rendered":"Soy una persona justa"},"content":{"rendered":"<p style=\"text-align: center;\"><img data-recalc-dims=\"1\" loading=\"lazy\" decoding=\"async\" class=\"aligncenter size-full wp-image-5856\" src=\"https:\/\/i0.wp.com\/www.urbinavolant.com\/verbavolant\/wp-content\/uploads\/2015\/09\/4118881317_98e89a0596_o.jpg?resize=600%2C399&#038;ssl=1\" alt=\"Justice for All\" width=\"600\" height=\"399\" srcset=\"https:\/\/i0.wp.com\/www.urbinavolant.com\/verbavolant\/wp-content\/uploads\/2015\/09\/4118881317_98e89a0596_o.jpg?w=600&amp;ssl=1 600w, https:\/\/i0.wp.com\/www.urbinavolant.com\/verbavolant\/wp-content\/uploads\/2015\/09\/4118881317_98e89a0596_o.jpg?resize=300%2C200&amp;ssl=1 300w\" sizes=\"auto, (max-width: 600px) 100vw, 600px\" \/><\/p>\n<p style=\"text-align: justify;\">En el devenir de los \u00faltimos meses, he tenido la gran suerte de conocer a una persona justa.<\/p>\n<p style=\"text-align: justify;\">Eso de que era una persona justa fue una de las primeras cosas que me dijo, la repiti\u00f3 varias veces y va pregon\u00e1ndola a quien quiera escucharla. A m\u00ed siempre me ha parecido m\u00e1s bien lo contrario y otras cosas m\u00e1s: una persona presuntuosa, pagada de s\u00ed misma, soberbia, arbitraria, repetitiva, petulante, contradictoria, justiciera y obcecada. As\u00ed que el lector tiene dos versiones, la m\u00eda y la suya.<\/p>\n<p style=\"text-align: justify;\">Personalmente, os aconsejo que os qued\u00e9is con su versi\u00f3n. Sab\u00e9is que yo no soy de los que tienen las ideas claras y no s\u00e9 exactamente en d\u00f3nde estriba la justicia y si esta radica en dar a cada uno lo suyo o existe quiz\u00e1s una justicia con may\u00fasculas en plan idea de Plat\u00f3n, de la que nuestras buenas acciones no son m\u00e1s que su reflejo. Cre\u00eda que, en ese mundo de la filosof\u00eda griega, la justicia ten\u00eda que permanecer\u00a0estrechamente vinculada a la acci\u00f3n moral, pero no estoy muy seguro de si era as\u00ed.<\/p>\n<p style=\"text-align: justify;\">Valoro por encima de casi cualquier cosa las personas que se autoproclaman poseedores de virtudes tan altas \u2013aunque envidio e intento imitar m\u00e1s a los que susurran sus pecados (de los que ya escrib\u00ed\u00a0<a href=\"http:\/\/www.urbinavolant.com\/verbavolant\/index.php\/2008\/03\/11\/las-virtudes-del-pecado\/\" target=\"_blank\" rel=\"noopener\">aqu\u00ed<\/a> y <a href=\"http:\/\/www.urbinavolant.com\/verbavolant\/index.php\/2009\/02\/22\/otra-vez-pecados\/\" target=\"_blank\" rel=\"noopener\">aqu\u00ed<\/a>)\u2013, pero reconozco que no soy capaz de fiarme tanto como para cre\u00e9rmelo sin una evidencia emp\u00edrica, por aquella cuesti\u00f3n del empirismo radical de que una idea solo puede ser v\u00e1lida si existe la impresi\u00f3n correspondiente.<\/p>\n<p style=\"text-align: justify;\">Mientras tanto, me acuerdo de la segunda escena del <a href=\"https:\/\/es.wikisource.org\/wiki\/Julio_C%C3%A9sar_(Shakespeare):_Acto_III\" target=\"_blank\" rel=\"noopener\">tercer acto<\/a> de <em>Julio C\u00e9sar<\/em><a href=\"http:\/\/www.urbinavolant.com\/verbavolant\/index.php\/2014\/05\/14\/mediocres-y-excelentes\/\" target=\"_blank\" rel=\"noopener\">,<\/a> de Shakespeare, en el momento en el que Marco Antonio toma la palabra en las exequias de C\u00e9sar. Utilizo este fragmento muchas veces en mis clases (lo dejo m\u00e1s abajo, para el que quiera leerlo) , porque es un ejemplo perfecto de c\u00f3mo poner a parir a alguien que critica a C\u00e9sar diciendo de \u00e9l solo cosas positivas para destrozarle con la iron\u00eda.<\/p>\n<p style=\"text-align: justify;\">Y eso quer\u00eda contaros nada m\u00e1s, que he conocido a una persona que se dice justa y lo es, sin duda alguna. Y como la justicia se asocia con una espada y una balanza, yo solo espero que la Justicia no se confunda nunca de tradici\u00f3n cl\u00e1sica y esta persona justa acabe como Damocles. Que el mundo siempre tiene que saber distinguir entre <a href=\"http:\/\/www.urbinavolant.com\/verbavolant\/index.php\/2014\/05\/14\/mediocres-y-excelentes\/\" target=\"_blank\" rel=\"noopener\">las personas mediocres y las excelentes<\/a>.<\/p>\n<blockquote>\n<p style=\"text-align: justify;\">ANTONIO. \u2014 \u00a1Amigos, romanos, compatriotas, prestadme atenci\u00f3n! \u00a1Vengo a inhumar a C\u00e9sar, no a ensalzarle! \u00a1El mal que hacen los hombres les sobrevive! \u00a1El bien queda frecuentemente sepultado con sus huesos! \u00a1Sea as\u00ed con C\u00e9sar! El noble Bruto os ha dicho que C\u00e9sar era ambicioso. Si lo fue, era la suya una falta, y gravemente lo ha pagado. Con la ven\u00eda de Bruto y los dem\u00e1s \u2014pues Bruto es un hombre honrado, como son todos ellos, hombres todos honrados\u2014 vengo a hablar en el funeral de C\u00e9sar. Era mi amigo, para m\u00ed leal y sincero, pero Bruto dice que era ambicioso, y Bruto es un hombre honrado. Infinitos cautivos trajo a Roma, cuyos rescates llenaron el tesoro p\u00fablico. \u00bfParec\u00eda esto ambici\u00f3n en C\u00e9sar? Siempre que los pobres dejaran o\u00edr su voz lastimera, C\u00e9sar lloraba. \u00a1La ambici\u00f3n deber\u00eda ser de una sustancia m\u00e1s dura! No obstante, Bruto dice que era ambicioso, y Bruto es un hombre honrado. Todos visteis que en las Lupercales le present\u00e9 tres veces una corona real, y la rechaz\u00f3 tres veces. \u00bfEra esto ambici\u00f3n? No obstante, Bruto dice que era ambicioso, y, ciertamente, es un hombre honrado. \u00a1No hablo para desaprobar lo que Bruto habl\u00f3! \u00a1Pero estoy aqu\u00ed para decir lo que s\u00e9!<\/p>\n<\/blockquote>\n<p style=\"text-align: justify;\">La imagen\u00a0<a href=\"https:\/\/flic.kr\/p\/7gYkV8\" target=\"_blank\" rel=\"noopener\">\u00abJustice for All\u00bb <\/a>est\u00e1 tomada de <em>Flickr<\/em>.<\/p>\n","protected":false},"excerpt":{"rendered":"<p>En el devenir de los \u00faltimos meses, he tenido la gran suerte de conocer a una persona justa. Eso de que era una persona justa fue una de las primeras cosas que me dijo, la repiti\u00f3 varias veces y va pregon\u00e1ndola a quien quiera escucharla. A m\u00ed siempre me ha parecido m\u00e1s bien lo contrario &#8230; <a title=\"Soy una persona justa\" class=\"read-more\" href=\"https:\/\/www.urbinavolant.com\/verbavolant\/index.php\/2015\/09\/04\/soy-una-persona-justa\/\" aria-label=\"Leer m\u00e1s sobre Soy una persona justa\">Leer m\u00e1s<\/a><\/p>\n","protected":false},"author":1,"featured_media":0,"comment_status":"open","ping_status":"open","sticky":false,"template":"","format":"standard","meta":{"_monsterinsights_skip_tracking":false,"_monsterinsights_sitenote_active":false,"_monsterinsights_sitenote_note":"","_monsterinsights_sitenote_category":0,"_kadence_starter_templates_imported_post":false,"jetpack_post_was_ever_published":false,"_jetpack_newsletter_access":"","_jetpack_dont_email_post_to_subs":false,"_jetpack_newsletter_tier_id":0,"_jetpack_memberships_contains_paywalled_content":false,"_jetpack_memberships_contains_paid_content":false,"footnotes":"","jetpack_publicize_message":"","jetpack_publicize_feature_enabled":true,"jetpack_social_post_already_shared":true,"jetpack_social_options":{"image_generator_settings":{"template":"highway","default_image_id":0,"font":"","enabled":false},"version":2}},"categories":[66,72],"tags":[],"class_list":["post-5854","post","type-post","status-publish","format-standard","hentry","category-burlas","category-contrastes"],"jetpack_publicize_connections":[],"jetpack_featured_media_url":"","jetpack_shortlink":"https:\/\/wp.me\/pLsVN-1wq","jetpack_sharing_enabled":true,"_links":{"self":[{"href":"https:\/\/www.urbinavolant.com\/verbavolant\/index.php\/wp-json\/wp\/v2\/posts\/5854","targetHints":{"allow":["GET"]}}],"collection":[{"href":"https:\/\/www.urbinavolant.com\/verbavolant\/index.php\/wp-json\/wp\/v2\/posts"}],"about":[{"href":"https:\/\/www.urbinavolant.com\/verbavolant\/index.php\/wp-json\/wp\/v2\/types\/post"}],"author":[{"embeddable":true,"href":"https:\/\/www.urbinavolant.com\/verbavolant\/index.php\/wp-json\/wp\/v2\/users\/1"}],"replies":[{"embeddable":true,"href":"https:\/\/www.urbinavolant.com\/verbavolant\/index.php\/wp-json\/wp\/v2\/comments?post=5854"}],"version-history":[{"count":0,"href":"https:\/\/www.urbinavolant.com\/verbavolant\/index.php\/wp-json\/wp\/v2\/posts\/5854\/revisions"}],"wp:attachment":[{"href":"https:\/\/www.urbinavolant.com\/verbavolant\/index.php\/wp-json\/wp\/v2\/media?parent=5854"}],"wp:term":[{"taxonomy":"category","embeddable":true,"href":"https:\/\/www.urbinavolant.com\/verbavolant\/index.php\/wp-json\/wp\/v2\/categories?post=5854"},{"taxonomy":"post_tag","embeddable":true,"href":"https:\/\/www.urbinavolant.com\/verbavolant\/index.php\/wp-json\/wp\/v2\/tags?post=5854"}],"curies":[{"name":"wp","href":"https:\/\/api.w.org\/{rel}","templated":true}]}}