{"id":5935,"date":"2015-12-05T15:24:09","date_gmt":"2015-12-05T14:24:09","guid":{"rendered":"http:\/\/www.urbinavolant.com\/verbavolant\/?p=5935"},"modified":"2015-12-07T03:49:58","modified_gmt":"2015-12-07T02:49:58","slug":"en-que-momento-de-tu-vida-dejaste-de-ser-tu","status":"publish","type":"post","link":"https:\/\/www.urbinavolant.com\/verbavolant\/index.php\/2015\/12\/05\/en-que-momento-de-tu-vida-dejaste-de-ser-tu\/","title":{"rendered":"\u00bfEn qu\u00e9 momento de tu vida dejaste de ser t\u00fa?"},"content":{"rendered":"<p style=\"text-align: center;\"><a href=\"https:\/\/flic.kr\/p\/hcrYup\"><img data-recalc-dims=\"1\" loading=\"lazy\" decoding=\"async\" class=\"aligncenter size-full wp-image-5936\" src=\"https:\/\/i0.wp.com\/www.urbinavolant.com\/verbavolant\/wp-content\/uploads\/2015\/12\/10631257575_669904ce61_z.jpg?resize=640%2C427&#038;ssl=1\" alt=\"Waters, de Sussane Nilsson\" width=\"640\" height=\"427\" srcset=\"https:\/\/i0.wp.com\/www.urbinavolant.com\/verbavolant\/wp-content\/uploads\/2015\/12\/10631257575_669904ce61_z.jpg?w=640&amp;ssl=1 640w, https:\/\/i0.wp.com\/www.urbinavolant.com\/verbavolant\/wp-content\/uploads\/2015\/12\/10631257575_669904ce61_z.jpg?resize=300%2C200&amp;ssl=1 300w\" sizes=\"auto, (max-width: 640px) 100vw, 640px\" \/><\/a><\/p>\n<p style=\"text-align: justify;\">La pregunta es sencilla, inevitable. \u00bfEn qu\u00e9 momento de tu vida dejaste de ser t\u00fa? Hay un momento en que das cinco pasos y piensas que andar\u00e1s\u00a0diez, pero la realidad (algo que hay fuera y no sabes lo que es) hace que avances cuatro y luego dos y luego uno hasta quedarte parado. No es una parada de reflexi\u00f3n, es una espacio para la inacci\u00f3n. O sea, un espacio para la nada.<\/p>\n<p style=\"text-align: justify;\">Quiz\u00e1s sea imposible que uno sea lo que quiera ser. Se convierte, m\u00e1s bien, en lo que le dejen convertirse. No se trata de circunstancias, de contexto, de esas cosas evidentes. Se trata de tener unos proyectos y dejarlos esbozados en ese castillo de arena que trabaj\u00f3 tan poderosamente junto con tu imaginaci\u00f3n y que algo \u2013ese mar, esa brisa que no es m\u00e1s que viento fr\u00edo\u2013 no dej\u00f3 rematar. No es suficiente con intentar ser t\u00fa a ratos, no vale sonre\u00edr con las ocurrencias de la inmadurez. Se trata de un proyecto a largo plazo que concluye con la muerte. As\u00ed de claro. Y si la mala suerte te obsequia con un poco de lucidez, te preguntar\u00e1s en qu\u00e9 carajo te has convertido. Qu\u00e9 hiciste con tus sue\u00f1os, asqueroso animal de costumbres.<\/p>\n<p style=\"text-align: justify;\">No hay cosa peor que ese desajuste contigo mismo. Esa sensaci\u00f3n permanente de ajustarte a un traje en el que no te encuentras. Ese momento en el que te ves reflejado en el espejo y ves varias cosas. Una, esa mierda de paso del tiempo que no dignifica, no seamos soplagaitas. Otra, esa sensaci\u00f3n de que ese traje te tira de un lado y, cuando lo ajustas, te tira de otro. Y ah\u00ed entra la sinfon\u00eda del desacomodo.<\/p>\n<p style=\"text-align: justify;\">\u00bfTuviste sue\u00f1os? Mala cosa fue\u00a0olvidarte de ellos. \u00bfEn qu\u00e9 manual de uso dec\u00eda que los sue\u00f1os no pod\u00edan cumplirse? No estabas equivocado, estaba errado el manual de buenas costumbres que, es cosa sabida, son las peores.<\/p>\n<p style=\"text-align: justify;\">Ahora solo te quedan reflejos, nubes de arena en una playa en d\u00eda de tormenta. Y el horizonte esperando con paciencia a que sigas tropezando en cada paso que no diste.<\/p>\n<p style=\"text-align: justify;\">(La imagen es de <a href=\"https:\/\/flic.kr\/p\/hcrYup\" target=\"_blank\">Susanne Nilsson<\/a>)<\/p>\n","protected":false},"excerpt":{"rendered":"<p>La pregunta es sencilla, inevitable. \u00bfEn qu\u00e9 momento de tu vida dejaste de ser t\u00fa? Hay un momento en que das cinco pasos y piensas que andar\u00e1s\u00a0diez, pero la realidad (algo que hay fuera y no sabes lo que es) hace que avances cuatro y luego dos y luego uno hasta quedarte parado. No es &#8230; <a title=\"\u00bfEn qu\u00e9 momento de tu vida dejaste de ser t\u00fa?\" class=\"read-more\" href=\"https:\/\/www.urbinavolant.com\/verbavolant\/index.php\/2015\/12\/05\/en-que-momento-de-tu-vida-dejaste-de-ser-tu\/\" aria-label=\"Leer m\u00e1s sobre \u00bfEn qu\u00e9 momento de tu vida dejaste de ser t\u00fa?\">Leer m\u00e1s<\/a><\/p>\n","protected":false},"author":1,"featured_media":0,"comment_status":"open","ping_status":"open","sticky":false,"template":"","format":"standard","meta":{"_monsterinsights_skip_tracking":false,"_monsterinsights_sitenote_active":false,"_monsterinsights_sitenote_note":"","_monsterinsights_sitenote_category":0,"_kadence_starter_templates_imported_post":false,"jetpack_post_was_ever_published":false,"_jetpack_newsletter_access":"","_jetpack_dont_email_post_to_subs":false,"_jetpack_newsletter_tier_id":0,"_jetpack_memberships_contains_paywalled_content":false,"_jetpack_memberships_contains_paid_content":false,"footnotes":"","jetpack_publicize_message":"","jetpack_publicize_feature_enabled":true,"jetpack_social_post_already_shared":true,"jetpack_social_options":{"image_generator_settings":{"template":"highway","default_image_id":0,"font":"","enabled":false},"version":2}},"categories":[61,65],"tags":[],"class_list":["post-5935","post","type-post","status-publish","format-standard","hentry","category-laberintos","category-sentido"],"jetpack_publicize_connections":[],"jetpack_featured_media_url":"","jetpack_shortlink":"https:\/\/wp.me\/pLsVN-1xJ","jetpack_sharing_enabled":true,"_links":{"self":[{"href":"https:\/\/www.urbinavolant.com\/verbavolant\/index.php\/wp-json\/wp\/v2\/posts\/5935","targetHints":{"allow":["GET"]}}],"collection":[{"href":"https:\/\/www.urbinavolant.com\/verbavolant\/index.php\/wp-json\/wp\/v2\/posts"}],"about":[{"href":"https:\/\/www.urbinavolant.com\/verbavolant\/index.php\/wp-json\/wp\/v2\/types\/post"}],"author":[{"embeddable":true,"href":"https:\/\/www.urbinavolant.com\/verbavolant\/index.php\/wp-json\/wp\/v2\/users\/1"}],"replies":[{"embeddable":true,"href":"https:\/\/www.urbinavolant.com\/verbavolant\/index.php\/wp-json\/wp\/v2\/comments?post=5935"}],"version-history":[{"count":0,"href":"https:\/\/www.urbinavolant.com\/verbavolant\/index.php\/wp-json\/wp\/v2\/posts\/5935\/revisions"}],"wp:attachment":[{"href":"https:\/\/www.urbinavolant.com\/verbavolant\/index.php\/wp-json\/wp\/v2\/media?parent=5935"}],"wp:term":[{"taxonomy":"category","embeddable":true,"href":"https:\/\/www.urbinavolant.com\/verbavolant\/index.php\/wp-json\/wp\/v2\/categories?post=5935"},{"taxonomy":"post_tag","embeddable":true,"href":"https:\/\/www.urbinavolant.com\/verbavolant\/index.php\/wp-json\/wp\/v2\/tags?post=5935"}],"curies":[{"name":"wp","href":"https:\/\/api.w.org\/{rel}","templated":true}]}}