{"id":6216,"date":"2016-10-16T19:31:19","date_gmt":"2016-10-16T18:31:19","guid":{"rendered":"http:\/\/www.urbinavolant.com\/verbavolant\/?p=6216"},"modified":"2016-10-17T07:33:38","modified_gmt":"2016-10-17T06:33:38","slug":"si-bob-dylan-si-y-la-polemica-del-nobel-de-literatura","status":"publish","type":"post","link":"https:\/\/www.urbinavolant.com\/verbavolant\/index.php\/2016\/10\/16\/si-bob-dylan-si-y-la-polemica-del-nobel-de-literatura\/","title":{"rendered":"S\u00ed. Bob Dylan. S\u00ed. Y la pol\u00e9mica del Nobel de Literatura"},"content":{"rendered":"<p style=\"text-align: center;\"><a href=\"https:\/\/flic.kr\/p\/cF5ZXN\"><img data-recalc-dims=\"1\" loading=\"lazy\" decoding=\"async\" class=\"aligncenter size-full wp-image-6217\" src=\"https:\/\/i0.wp.com\/www.urbinavolant.com\/verbavolant\/wp-content\/uploads\/2016\/10\/7662243224_d1b0af3c96_z.jpg?resize=640%2C423&#038;ssl=1\" alt=\"Bob Dylan\" width=\"640\" height=\"423\" srcset=\"https:\/\/i0.wp.com\/www.urbinavolant.com\/verbavolant\/wp-content\/uploads\/2016\/10\/7662243224_d1b0af3c96_z.jpg?w=640&amp;ssl=1 640w, https:\/\/i0.wp.com\/www.urbinavolant.com\/verbavolant\/wp-content\/uploads\/2016\/10\/7662243224_d1b0af3c96_z.jpg?resize=300%2C198&amp;ssl=1 300w\" sizes=\"auto, (max-width: 640px) 100vw, 640px\" \/><\/a><\/p>\n<p style=\"text-align: justify;\">Cada octubre me canso m\u00e1s. Llegan las noticias del nuevo premio nobel de literatura y, con ellas, las noticias infinitas, las opiniones sin fin. No me refiero a las opiniones de personas en general, sino de los \u00abexpertos\u00bb, porque tampoco est\u00e1 nada mal que, durante unos minutos, se hable de literatura, aunque sea de forma descafeinada y elevada a algo cercano a lo que no tiene que ver con el fen\u00f3meno literario y no con la literatura misma.<\/p>\n<p style=\"text-align: justify;\">Premian a un escritor al que no conoce ni su padre y un experto no solo habla de toda su obra, sino de c\u00f3mo lo conoci\u00f3. Luego pasar\u00e1 al cap\u00edtulo que m\u00e1s me gusta, que no es \u00abel escritor premiado y yo\u00bb, sino \u00abyo y el escritor premiado\u00bb, con un c\u00famulo de an\u00e9cdotas. Un burro que no nos dejar\u00e1 ver el bosque.<\/p>\n<p style=\"text-align: justify;\">Podemos dividir en dos la eterna aspiraci\u00f3n de los cr\u00edticos a\u00a0ser nombrados seleccionador nacional en su categor\u00eda de premios. En primer lugar, \u00a0el que afirma que el premiado no lo merece para meterse pronto a establecer, como Uribarri en Eurovisi\u00f3n, toda una quiniela geopol\u00edtica que solo el conoce y digna de un programa de Iker Jim\u00e9nez. Sacar\u00e1 a colaci\u00f3n unos cuantos argumentos. Seguro que aparece que su prosa, su verso, no tiene la calidez y la calidad suficiente. \u00c9l, como profundo conocedor de todo y todos, sacar\u00e1 a colaci\u00f3n aquello de \u00abes que fulanito era mucho mejor que el premiado. Y mengano. Y zutano\u00bb. Por supuesto, transcribir\u00e1 un pasaje de la obra del premiado y dir\u00e1 que es una porquer\u00eda infinita. Lo gracioso es que, en segundo lugar, estar\u00e1 \u00a0tambi\u00e9n el del polo opuesto y complementario: el que afirma que el premiado lo merece, que ya era hora, por dios, tantos a\u00f1os para llegar a lo obvio. Por supuesto, en perfecta contraposici\u00f3n con el anterior, dir\u00e1 que su prosa, su verso, su lo que sea tiene una calidad sublime. \u00c9l es \u2013tambi\u00e9n\u2013 profundo conocedor de todo y todos. Y sacar\u00e1 a colaci\u00f3n un pasaje del premiado apreciando su estilo excelso, su dulzura, su arraigo a la tierra, qu\u00e9 s\u00e9 yo.<\/p>\n<p style=\"text-align: justify;\">Otro grupo, desgranado del sector cr\u00edtico, es el de los comentaristas\u00a0ir\u00f3nicos en las redes. Finas gracietas llenas de sarcasmo. Pues ya puestos, un d\u00eda se lo van a dar a mi prima. Mi jefa ya va a pensar que es la siguiente. Uno de mis vecinos ya est\u00e1 preparando el discurso del a\u00f1o que viene. Hacen de menos sin hacer de m\u00e1s, aunque hacer de menos ya es desequilibrar una balanza de la que se desconoce c\u00f3mo est\u00e1 calibrada\u00a0y el sistema de medidas. Esa tendencia tan f\u00e1cil a ponerse por encima de alguien siempre a no ser que se lo den a los dos autores (o diez, o cien) que haya le\u00eddo.<\/p>\n<p style=\"text-align: justify;\">Tenemos, claro est\u00e1, al de los elogiadores profesionales. No conoc\u00edan de nada al premiado pero \u2013cosas de la civilizaci\u00f3n digital\u2013 en dos minutos y con <em>Google Translate<\/em> como instrumento tienen un criterio formado y justificado para alabar los m\u00e9ritos del premiado.<\/p>\n<p style=\"text-align: justify;\">El \u00faltimo grupito del que voy a hablar es aquel, bien nutrido, que se dedica a vituperar a los premiados en a\u00f1os anteriores. Con mucha m\u00e1s raz\u00f3n si son de su propio pa\u00eds y todav\u00eda con m\u00e1s raz\u00f3n si hab\u00eda otro contempor\u00e1neo que les ca\u00eda mejor. Como yo aqu\u00ed hablo de todo y no hablo de nada, no pienso citar ni un solo nombre, pero los sufridos lectores estar\u00e1n conmigo en que el asunto es dif\u00edcil y tiene muchas aristas.<\/p>\n<p style=\"text-align: justify;\">La taxonom\u00eda es, con total seguridad, mucho m\u00e1s amplia, pero ya digo que me cansa. \u00bfQue a Dylan le han dado el Nobel? Hay dos verdades simult\u00e1neas que pueden romper el sistema categorial de la metaf\u00edsica desde Arist\u00f3teles, pero que son \u00a0verdades como pu\u00f1os. Sean (a) \u00abDylan se merece el Premio Nobel de Literatura\u00bb y \u00a0(b) \u00abDylan no se merece el Premio Nobel de Literatura\u00bb. Se lo merece aunque no haya escrito un libro en su vida (como si escribir \u00abun libro\u00bb fuese algo consustancial al acto de escribir). Y no se lo merece porque seguro que otros escritores \u00abde verdad\u00bb est\u00e1n esperando su turno.<\/p>\n<p style=\"text-align: justify;\">Despojadas las razones de la carne, grasa, tendones, venas y arterias, la cosa no deja de ser graciosa. Que s\u00ed, que le ha tocado a Dylan, ese que estaba en las quinielas y no pertenece al clan (para bien y para mal). Escuchad a Dylan y disfrutad, que algo bueno tiene. Que s\u00ed, que le ha tocado a Dylan, ese que tendr\u00eda que haber esperado a que se le pudriesen la guitarra y la arm\u00f3nica para haber entrado en el Parnaso. No lo escuches y ponte a leer a tu candidato eterno. Es tan f\u00e1cil&#8230;<\/p>\n<p style=\"text-align: justify;\">A m\u00ed, b\u00e1sicamente, todas las pol\u00e9micas del Premio Nobel, cada a\u00f1o, tienen el mismo efecto en el organismo: me la soplan. Relativamente.<\/p>\n<p style=\"text-align: justify;\">La imagen es de <a href=\"https:\/\/flic.kr\/p\/cF5ZXN\">Simon Murphy<\/a>.<\/p>\n<p style=\"text-align: justify;\">\n","protected":false},"excerpt":{"rendered":"<p>Cada octubre me canso m\u00e1s. Llegan las noticias del nuevo premio nobel de literatura y, con ellas, las noticias infinitas, las opiniones sin fin. No me refiero a las opiniones de personas en general, sino de los \u00abexpertos\u00bb, porque tampoco est\u00e1 nada mal que, durante unos minutos, se hable de literatura, aunque sea de forma &#8230; <a title=\"S\u00ed. Bob Dylan. S\u00ed. Y la pol\u00e9mica del Nobel de Literatura\" class=\"read-more\" href=\"https:\/\/www.urbinavolant.com\/verbavolant\/index.php\/2016\/10\/16\/si-bob-dylan-si-y-la-polemica-del-nobel-de-literatura\/\" aria-label=\"Leer m\u00e1s sobre S\u00ed. Bob Dylan. S\u00ed. Y la pol\u00e9mica del Nobel de Literatura\">Leer m\u00e1s<\/a><\/p>\n","protected":false},"author":1,"featured_media":0,"comment_status":"open","ping_status":"open","sticky":false,"template":"","format":"standard","meta":{"_monsterinsights_skip_tracking":false,"_monsterinsights_sitenote_active":false,"_monsterinsights_sitenote_note":"","_monsterinsights_sitenote_category":0,"_kadence_starter_templates_imported_post":false,"jetpack_post_was_ever_published":false,"_jetpack_newsletter_access":"","_jetpack_dont_email_post_to_subs":true,"_jetpack_newsletter_tier_id":0,"_jetpack_memberships_contains_paywalled_content":false,"_jetpack_memberships_contains_paid_content":false,"footnotes":"","jetpack_publicize_message":"","jetpack_publicize_feature_enabled":true,"jetpack_social_post_already_shared":true,"jetpack_social_options":{"image_generator_settings":{"template":"highway","default_image_id":0,"font":"","enabled":false},"version":2}},"categories":[61],"tags":[],"class_list":["post-6216","post","type-post","status-publish","format-standard","hentry","category-laberintos"],"jetpack_publicize_connections":[],"jetpack_featured_media_url":"","jetpack_shortlink":"https:\/\/wp.me\/pLsVN-1Cg","jetpack_sharing_enabled":true,"_links":{"self":[{"href":"https:\/\/www.urbinavolant.com\/verbavolant\/index.php\/wp-json\/wp\/v2\/posts\/6216","targetHints":{"allow":["GET"]}}],"collection":[{"href":"https:\/\/www.urbinavolant.com\/verbavolant\/index.php\/wp-json\/wp\/v2\/posts"}],"about":[{"href":"https:\/\/www.urbinavolant.com\/verbavolant\/index.php\/wp-json\/wp\/v2\/types\/post"}],"author":[{"embeddable":true,"href":"https:\/\/www.urbinavolant.com\/verbavolant\/index.php\/wp-json\/wp\/v2\/users\/1"}],"replies":[{"embeddable":true,"href":"https:\/\/www.urbinavolant.com\/verbavolant\/index.php\/wp-json\/wp\/v2\/comments?post=6216"}],"version-history":[{"count":0,"href":"https:\/\/www.urbinavolant.com\/verbavolant\/index.php\/wp-json\/wp\/v2\/posts\/6216\/revisions"}],"wp:attachment":[{"href":"https:\/\/www.urbinavolant.com\/verbavolant\/index.php\/wp-json\/wp\/v2\/media?parent=6216"}],"wp:term":[{"taxonomy":"category","embeddable":true,"href":"https:\/\/www.urbinavolant.com\/verbavolant\/index.php\/wp-json\/wp\/v2\/categories?post=6216"},{"taxonomy":"post_tag","embeddable":true,"href":"https:\/\/www.urbinavolant.com\/verbavolant\/index.php\/wp-json\/wp\/v2\/tags?post=6216"}],"curies":[{"name":"wp","href":"https:\/\/api.w.org\/{rel}","templated":true}]}}