{"id":6224,"date":"2016-10-23T17:47:23","date_gmt":"2016-10-23T16:47:23","guid":{"rendered":"http:\/\/www.urbinavolant.com\/verbavolant\/?p=6224"},"modified":"2016-10-23T17:47:23","modified_gmt":"2016-10-23T16:47:23","slug":"soy-un-pesado-hacia-el-cielo","status":"publish","type":"post","link":"https:\/\/www.urbinavolant.com\/verbavolant\/index.php\/2016\/10\/23\/soy-un-pesado-hacia-el-cielo\/","title":{"rendered":"Soy (un) pesado &#8211; Hacia el cielo"},"content":{"rendered":"<p style=\"text-align: center;\"><a href=\"https:\/\/flic.kr\/p\/8wjQt7\"><img data-recalc-dims=\"1\" loading=\"lazy\" decoding=\"async\" class=\"aligncenter size-large wp-image-6227\" src=\"https:\/\/i0.wp.com\/www.urbinavolant.com\/verbavolant\/wp-content\/uploads\/2016\/10\/puntacanaflickr-1.jpg?resize=1%2C1&#038;ssl=1\" alt=\"puntacanaflickr\" width=\"1\" height=\"1\" \/><\/a><\/p>\n<p style=\"text-align: justify;\">Jueves, ocho de la tarde. Gilles Lipovetsky empieza el di\u00e1logo con Jes\u00fas Ruiz Mantilla. Van a hablar sobre el \u00faltimo libro del fil\u00f3sofo franc\u00e9s, <a href=\"http:\/\/www.anagrama-ed.es\/libro\/ebooks\/de-la-ligereza\/9788433928139\/EB_495\"><em>De la ligereza<\/em><\/a>. El espa\u00f1ol hace un gui\u00f1o a la catedral de Burgos y califica el g\u00f3tico como \u00abpesado\u00bb. El franc\u00e9s lo niega. Califica el g\u00f3tico como algo ligero, que alza el vuelo para que miremos el cielo. Y prosigue esta idea y la enlaza con un conjunto de ideas apasionantes.<\/p>\n<p style=\"text-align: justify;\">Yo estoy escuchando y me voy sintiendo identificado (para mal). Me doy cuenta de que pienso (en) la vida como un conjunto de contrapesos que me llevan al fondo. Es una tendencia inevitable hacia el abismo. Por contra, hay una manera de ascender, lo veo. Quiz\u00e1 sea una manera menos trascendental, pero no accesoria. No supone renunciar a unos principios, sino a escalar sobre ellos para quedarse con la esencia. Lipovetsky sigue con su hip\u00f3tesis. Siendo consecuente con sus obras anteriores, que tanto me han inspirado en a\u00f1os pasados para analizar algunos fen\u00f3menos del consumo, con esta obra da un paso m\u00e1s all\u00e1 con un planteamiento \u2013quiz\u00e1\u2013 m\u00e1s optimista. En un momento, suelta la frase de Paul Val\u00e9ry: \u00abHay que ser ligero como el p\u00e1jaro, no como la pluma\u00bb. Y explica la idea de que la pluma es ligera pero queda siempre a merced de los vientos. No es \u00abvolante\u00bb, sino \u00abvol\u00e1til\u00bb. El p\u00e1jaro, sin embargo, vuela teniendo el control sobre el viento. Y me doy cuenta de que, en el fondo del mar, ni siquiera era capaz de disfrutar de los bancos de peces, de la flora marina mecida por las aguas. Solo una presi\u00f3n insoportable que, si te descuidas, hace que te explote la cabeza.<\/p>\n<p style=\"text-align: justify;\">Y sigo escuchando ideas sobre la muerte de las utop\u00edas sociales y el albur de algunas utop\u00edas que son sociales solo desde la individualidad. Peligrosas si son pesadas, estimulantes si son ligeras. Y pienso en lo bien que se puede estar despojado de capas, afilado como una punta de lanza. Hacia el cielo.<\/p>\n<p style=\"text-align: justify;\">(Hace a\u00f1os, escrib\u00ed una entrada que muestra esa tendencia a la pesadez: <a href=\"http:\/\/www.urbinavolant.com\/verbavolant\/index.php\/2008\/05\/09\/aeroembolismo\/\">\u00abAeroembolismo en un lugar que se llama alma\u00bb<\/a>. La <a href=\"https:\/\/flic.kr\/p\/8wjQt7\">imagen<\/a> pertenece a mi galer\u00eda de Flickr).<\/p>\n","protected":false},"excerpt":{"rendered":"<p>Jueves, ocho de la tarde. Gilles Lipovetsky empieza el di\u00e1logo con Jes\u00fas Ruiz Mantilla. Van a hablar sobre el \u00faltimo libro del fil\u00f3sofo franc\u00e9s, De la ligereza. El espa\u00f1ol hace un gui\u00f1o a la catedral de Burgos y califica el g\u00f3tico como \u00abpesado\u00bb. El franc\u00e9s lo niega. Califica el g\u00f3tico como algo ligero, que alza &#8230; <a title=\"Soy (un) pesado &#8211; Hacia el cielo\" class=\"read-more\" href=\"https:\/\/www.urbinavolant.com\/verbavolant\/index.php\/2016\/10\/23\/soy-un-pesado-hacia-el-cielo\/\" aria-label=\"Leer m\u00e1s sobre Soy (un) pesado &#8211; Hacia el cielo\">Leer m\u00e1s<\/a><\/p>\n","protected":false},"author":1,"featured_media":0,"comment_status":"open","ping_status":"open","sticky":false,"template":"","format":"standard","meta":{"_monsterinsights_skip_tracking":false,"_monsterinsights_sitenote_active":false,"_monsterinsights_sitenote_note":"","_monsterinsights_sitenote_category":0,"_kadence_starter_templates_imported_post":false,"jetpack_post_was_ever_published":false,"_jetpack_newsletter_access":"","_jetpack_dont_email_post_to_subs":false,"_jetpack_newsletter_tier_id":0,"_jetpack_memberships_contains_paywalled_content":false,"_jetpack_memberships_contains_paid_content":false,"footnotes":"","jetpack_publicize_message":"","jetpack_publicize_feature_enabled":true,"jetpack_social_post_already_shared":true,"jetpack_social_options":{"image_generator_settings":{"template":"highway","default_image_id":0,"font":"","enabled":false},"version":2}},"categories":[72,61,65],"tags":[],"class_list":["post-6224","post","type-post","status-publish","format-standard","hentry","category-contrastes","category-laberintos","category-sentido"],"jetpack_publicize_connections":[],"jetpack_featured_media_url":"","jetpack_shortlink":"https:\/\/wp.me\/pLsVN-1Co","jetpack_sharing_enabled":true,"_links":{"self":[{"href":"https:\/\/www.urbinavolant.com\/verbavolant\/index.php\/wp-json\/wp\/v2\/posts\/6224","targetHints":{"allow":["GET"]}}],"collection":[{"href":"https:\/\/www.urbinavolant.com\/verbavolant\/index.php\/wp-json\/wp\/v2\/posts"}],"about":[{"href":"https:\/\/www.urbinavolant.com\/verbavolant\/index.php\/wp-json\/wp\/v2\/types\/post"}],"author":[{"embeddable":true,"href":"https:\/\/www.urbinavolant.com\/verbavolant\/index.php\/wp-json\/wp\/v2\/users\/1"}],"replies":[{"embeddable":true,"href":"https:\/\/www.urbinavolant.com\/verbavolant\/index.php\/wp-json\/wp\/v2\/comments?post=6224"}],"version-history":[{"count":0,"href":"https:\/\/www.urbinavolant.com\/verbavolant\/index.php\/wp-json\/wp\/v2\/posts\/6224\/revisions"}],"wp:attachment":[{"href":"https:\/\/www.urbinavolant.com\/verbavolant\/index.php\/wp-json\/wp\/v2\/media?parent=6224"}],"wp:term":[{"taxonomy":"category","embeddable":true,"href":"https:\/\/www.urbinavolant.com\/verbavolant\/index.php\/wp-json\/wp\/v2\/categories?post=6224"},{"taxonomy":"post_tag","embeddable":true,"href":"https:\/\/www.urbinavolant.com\/verbavolant\/index.php\/wp-json\/wp\/v2\/tags?post=6224"}],"curies":[{"name":"wp","href":"https:\/\/api.w.org\/{rel}","templated":true}]}}