{"id":6349,"date":"2017-04-15T10:51:20","date_gmt":"2017-04-15T09:51:20","guid":{"rendered":"http:\/\/www.urbinavolant.com\/verbavolant\/?p=6349"},"modified":"2017-04-15T10:51:20","modified_gmt":"2017-04-15T09:51:20","slug":"cuidado-nos-espian","status":"publish","type":"post","link":"https:\/\/www.urbinavolant.com\/verbavolant\/index.php\/2017\/04\/15\/cuidado-nos-espian\/","title":{"rendered":"\u00a1Cuidado, nos esp\u00edan!"},"content":{"rendered":"<p style=\"text-align: center;\"><a href=\"https:\/\/i0.wp.com\/assets.fxnetworks.com\/cms\/prod\/shows\/theamericans\/photos\/the-americans\/web\/archive\/web_detailhero_series_dsktp_the-americans_1280x600_2.jpg?ssl=1\"><img data-recalc-dims=\"1\" loading=\"lazy\" decoding=\"async\" class=\"aligncenter\" src=\"https:\/\/i0.wp.com\/assets.fxnetworks.com\/cms\/prod\/shows\/theamericans\/photos\/the-americans\/web\/archive\/web_detailhero_series_dsktp_the-americans_1280x600_2.jpg?resize=1200%2C563&#038;ssl=1\" alt=\"\" width=\"1200\" height=\"563\" \/><\/a><\/p>\n<p style=\"text-align: justify;\">Hoy la cosa va de esp\u00edas. No s\u00e9 qu\u00e9 tienen los esp\u00edas, que nos atrapan: ser\u00e1 por su doble vida (ser una persona y la contraria, qu\u00e9 maravilla), el secreto (el suyo, oculto; y el de los dem\u00e1s, siempre desvelado), el doblez (personajes sencillos siendo complejos y complejos siendo simples). Y la tensi\u00f3n, dios, la tensi\u00f3n. El esp\u00eda cumple a la perfecci\u00f3n la m\u00e1xima de que <a href=\"http:\/\/www.urbinavolant.com\/verbavolant\/index.php\/tag\/los-malos-son-los-mejores\/\">los malos son los mejores<\/a>\u00a0(de hecho, esta entrada me sirve para recuperar aquella serie de entradas que escrib\u00ed hace ya mucho tiempo) porque, a m\u00ed por lo menos, no me gustan nada los esp\u00edas buenos, sino los del lado contrario y, m\u00e1s todav\u00eda, los que descubren en un momento determinado que ya no tienen bando ni m\u00e1s bandera que la de unos principios b\u00e1sicos que son cuestionados y cuestionables.<\/p>\n<p style=\"text-align: justify;\">Me encantan las series de esp\u00edas. De hecho, ahora mismo estoy viendo tres de forma simult\u00e1nea: <em>The Americans<\/em>, <em>Oficina de infiltrados<\/em> y <em>El mismo cielo. <a href=\"http:\/\/www.imdb.com\/title\/tt2149175\/?ref_=nv_sr_1\">The Americans<\/a>\u00a0<\/em>es una de mis preferidas. Nada menos que una pareja de esp\u00edas rusos viviendo en los Estados Unidos de la Guerra Fr\u00eda, viviendo durante a\u00f1os como estadounidenses, con hijos ya norteamericanos y con un agente de la CIA como vecino y amigo. \u00bfSe puede pedir m\u00e1s? S\u00ed, porque, desde le primer momento, nos ponemos de su parte. De hecho, incluso nos rebelamos ante la mayor frialdad y crueldad de Elizabeth. Dudamos a veces del bando en el que est\u00e1 Philip, m\u00e1s vulnerable, hasta que, pasadas las temporadas, todos (y muy especialmente los secundarios, rusos y norteamericanos) empiezan a colocarse en los \u00e1ngulos incorrectos. <em>El mismo cielo<\/em> (<a href=\"http:\/\/www.imdb.com\/title\/tt5424556\/?ref_=fn_al_tt_1\"><em>The Same Sky<\/em><\/a>) es una serie de factura alemana con una pinta magn\u00edfica: para m\u00ed, no acaba m\u00e1s que empezar (solo he visto dos cap\u00edtulos), pero ya apunta maneras. Un esp\u00eda de la RDA en la Alemania aliada. Cara dulce y ani\u00f1ada en apariencia pero un fondo oscuro que no sabemos ad\u00f3nde nos llevar\u00e1. Todo lo que pasa m\u00e1s ac\u00e1 y m\u00e1s all\u00e1 del muro, con un t\u00fanel subterr\u00e1neo en construcci\u00f3n y unas vidas en proceso de destrucci\u00f3n. \u00bfPodemos pedir m\u00e1s? <em>Oficina de infiltrados<\/em> (<a href=\"http:\/\/www.imdb.com\/title\/tt4063800\/?ref_=fn_al_tt_1\"><em>Le Bureau des L\u00e9gendes<\/em><\/a>) es una serie francesa de esp\u00edas ambientada en la actualidad. Podr\u00eda ser porque habla de islamismo radical y todos sus v\u00e9rtices, pero lo es m\u00e1s porque nos gusta su protagonista, Malotru, un personaje que, aparentando serenidad y profesionalidad, oculta un torrente de emociones que le llevan a tomar decisiones. Y hasta aqu\u00ed puedo escribir.<\/p>\n<p style=\"text-align: justify;\">El a\u00f1o pasado, ya nos dej\u00e1bamos cautivar por <em>El infiltrado<\/em> (<a href=\"http:\/\/www.imdb.com\/title\/tt4063800\/?ref_=fn_al_tt_1\"><em>The Night Manager<\/em><\/a>), con un Hugh Laurie que no hace de bueno cabr\u00f3n sino de cabr\u00f3n y malo y traficante de armas, y un Tom Hiddleston que hace de un impecable Jonathan Pine. Y tambi\u00e9n por <a href=\"http:\/\/www.imdb.com\/title\/tt4445154\/\"><em>Deutschland 83<\/em><\/a>, otra serie alemana con jovencito de la Stasi infiltrado en la Alemania Federal. Nos pone en tensi\u00f3n, nos cautiva y, por el mismo precio, nos acompa\u00f1a con una genial banda sonora de la m\u00fasica de aquellos a\u00f1os, que no son un descubrimiento para nosotros, pero s\u00ed lo son para Martin Rauch, su protagonista. Y no hablar\u00e9 de <a href=\"http:\/\/www.imdb.com\/title\/tt0285331\/\"><em>24<\/em><\/a>, porque <a href=\"http:\/\/www.urbinavolant.com\/verbavolant\/index.php\/2007\/12\/09\/quienes-son-los-malos-homenaje-a-24\/\">ya lo hice en su momento<\/a>. No la considero una serie de esp\u00edas, \u00a0como tal, pero nos hace replantearnos mil y una veces qui\u00e9nes son los malos. \u00bfSeguro que lo sabemos? Solo por el formato, ya les ten\u00edan que haber hecho un monumento.<\/p>\n<p style=\"text-align: justify;\">S\u00ed, la vida es un toma y daca entre lo que sabemos y los secretos de los dem\u00e1s. Por eso nos gustan los esp\u00edas. Entre las pel\u00edculas de esp\u00edas, hay mil. Por supuesto, <em>Con la muerte en los talones<\/em> (<a href=\"http:\/\/www.imdb.com\/title\/tt0053125\/?ref_=nv_sr_1\"><em>North by Northwest<\/em><\/a>), porque, por muy a salvo que estemos, un d\u00eda podemos convertirnos en George Kaplan cuando nos creemos que somos el de siempre. Pero, para m\u00ed, nunca ha habido un esp\u00eda como el de <em>Operaci\u00f3n Cicer\u00f3n<\/em> (<a href=\"http:\/\/www.imdb.com\/title\/tt0044314\/\"><em>5 Fingers<\/em><\/a>). Porque la dirigi\u00f3\u00a0<span class=\"itemprop\"> Mankiewicz. Porque el esp\u00eda es James Mason. Y porque siempre hay alguien que consigue su sue\u00f1o&#8230; aunque no seamos nosotros.<\/span><\/p>\n","protected":false},"excerpt":{"rendered":"<p>Hoy la cosa va de esp\u00edas. No s\u00e9 qu\u00e9 tienen los esp\u00edas, que nos atrapan: ser\u00e1 por su doble vida (ser una persona y la contraria, qu\u00e9 maravilla), el secreto (el suyo, oculto; y el de los dem\u00e1s, siempre desvelado), el doblez (personajes sencillos siendo complejos y complejos siendo simples). Y la tensi\u00f3n, dios, la &#8230; <a title=\"\u00a1Cuidado, nos esp\u00edan!\" class=\"read-more\" href=\"https:\/\/www.urbinavolant.com\/verbavolant\/index.php\/2017\/04\/15\/cuidado-nos-espian\/\" aria-label=\"Leer m\u00e1s sobre \u00a1Cuidado, nos esp\u00edan!\">Leer m\u00e1s<\/a><\/p>\n","protected":false},"author":1,"featured_media":0,"comment_status":"open","ping_status":"open","sticky":false,"template":"","format":"standard","meta":{"_monsterinsights_skip_tracking":false,"_monsterinsights_sitenote_active":false,"_monsterinsights_sitenote_note":"","_monsterinsights_sitenote_category":0,"_kadence_starter_templates_imported_post":false,"jetpack_post_was_ever_published":false,"_jetpack_newsletter_access":"","_jetpack_dont_email_post_to_subs":false,"_jetpack_newsletter_tier_id":0,"_jetpack_memberships_contains_paywalled_content":false,"_jetpack_memberships_contains_paid_content":false,"footnotes":"","jetpack_publicize_message":"","jetpack_publicize_feature_enabled":true,"jetpack_social_post_already_shared":true,"jetpack_social_options":{"image_generator_settings":{"template":"highway","default_image_id":0,"font":"","enabled":false},"version":2}},"categories":[44,26,7,107],"tags":[],"class_list":["post-6349","post","type-post","status-publish","format-standard","hentry","category-comparaciones","category-ficcion","category-malos","category-series"],"jetpack_publicize_connections":[],"jetpack_featured_media_url":"","jetpack_shortlink":"https:\/\/wp.me\/pLsVN-1Ep","jetpack_sharing_enabled":true,"_links":{"self":[{"href":"https:\/\/www.urbinavolant.com\/verbavolant\/index.php\/wp-json\/wp\/v2\/posts\/6349","targetHints":{"allow":["GET"]}}],"collection":[{"href":"https:\/\/www.urbinavolant.com\/verbavolant\/index.php\/wp-json\/wp\/v2\/posts"}],"about":[{"href":"https:\/\/www.urbinavolant.com\/verbavolant\/index.php\/wp-json\/wp\/v2\/types\/post"}],"author":[{"embeddable":true,"href":"https:\/\/www.urbinavolant.com\/verbavolant\/index.php\/wp-json\/wp\/v2\/users\/1"}],"replies":[{"embeddable":true,"href":"https:\/\/www.urbinavolant.com\/verbavolant\/index.php\/wp-json\/wp\/v2\/comments?post=6349"}],"version-history":[{"count":0,"href":"https:\/\/www.urbinavolant.com\/verbavolant\/index.php\/wp-json\/wp\/v2\/posts\/6349\/revisions"}],"wp:attachment":[{"href":"https:\/\/www.urbinavolant.com\/verbavolant\/index.php\/wp-json\/wp\/v2\/media?parent=6349"}],"wp:term":[{"taxonomy":"category","embeddable":true,"href":"https:\/\/www.urbinavolant.com\/verbavolant\/index.php\/wp-json\/wp\/v2\/categories?post=6349"},{"taxonomy":"post_tag","embeddable":true,"href":"https:\/\/www.urbinavolant.com\/verbavolant\/index.php\/wp-json\/wp\/v2\/tags?post=6349"}],"curies":[{"name":"wp","href":"https:\/\/api.w.org\/{rel}","templated":true}]}}